
{"id":1532,"date":"2026-03-10T09:31:15","date_gmt":"2026-03-10T08:31:15","guid":{"rendered":"https:\/\/blog.polityka.pl\/guetta\/?p=1532"},"modified":"2026-03-10T09:31:15","modified_gmt":"2026-03-10T08:31:15","slug":"iran-europa-i-lenistwo-intelektualne","status":"publish","type":"post","link":"https:\/\/blog.polityka.pl\/guetta\/2026\/03\/10\/iran-europa-i-lenistwo-intelektualne\/","title":{"rendered":"Iran, Europa i lenistwo intelektualne"},"content":{"rendered":"\n<p>Europa jest podzielona, bierna i tak bezsilna, \u017ce jej upadek wydaje si\u0119 nieunikniony \u2013 s\u0142yszymy nieustannie. To pierwsze z dw\u00f3ch b\u0142\u0119dnych przekona\u0144 zwi\u0105zanych z obecn\u0105 sytuacj\u0105 w Iranie. Nic bardziej mylnego.<\/p>\n\n\n\n<!--more-->\n\n\n\n<p>Niemcy faktycznie nie pot\u0119pi\u0142y przyst\u0105pienia Stan\u00f3w Zjednoczonych i Izraela do wojny, podczas gdy Hiszpania owszem. Jednak podczas gdy Niemcy nie ruszyli nawet palcem, Hiszpanie po\u0142\u0105czyli si\u0142y z Francj\u0105, aby chroni\u0107 Cypr, pa\u0144stwo cz\u0142onkowskie Unii, kt\u00f3remu europejscy partnerzy zobowi\u0105zani s\u0105 udzieli\u0107 wsparcia.<\/p>\n\n\n\n<p>Francja, jedyna pot\u0119ga militarna Unii, wys\u0142a\u0142a na Morze \u015ar\u00f3dziemne sw\u00f3j lotniskowiec, \u017ceby udzieli\u0107 pomocy krajom Zatoki Perskiej, z kt\u00f3rymi wi\u0105\u017c\u0105 j\u0105 umowy obronne. Sama Francja nie zamierza uczestniczy\u0107 w ofensywie izraelsko-ameryka\u0144skiej. Broni\u0105c swoich bliskowschodnich sojusznik\u00f3w, kontruje jednak ira\u0144sk\u0105 reakcj\u0119 i tym samym de facto przeciwstawia si\u0119 Islamskiej Republice Iranu.<\/p>\n\n\n\n<p>Europa nie jest w stanie wojny, ale \u017cadne z jej pa\u0144stw nie \u017cyczy sobie zwyci\u0119stwa ira\u0144skiej teokracji. Bezpiecze\u0144stwo naszego kontynentu w r\u00f3wnym stopniu zale\u017cy bowiem od sytuacji na Bliskim Wschodzie, co na Ukrainie. Europejczycy nie pozostaj\u0105 bierni \u2013 ma\u0142o tego, tak si\u0119 z\u0142o\u017cy\u0142o, \u017ce trzeciego dnia wojny Emmanuel Macron oficjalnie zaproponowa\u0142 rozszerzenie francuskiego systemu odstraszania&nbsp;<em>nuklearneg<\/em><em>o<\/em> na te pa\u0144stwa Unii, kt\u00f3re tego sobie \u017cycz\u0105.<\/p>\n\n\n\n<p>Nie chodzi o uwsp\u00f3lnotowienie si\u0142 uderzeniowych, a tym bardziej o kolektywne podejmowanie decyzji o ich ewentualnym u\u017cyciu. Strategia ta nie zak\u0142ada te\u017c zast\u0105pienia francuskim parasolem nuklearnym parasola ameryka\u0144skiego. Celem jest tu stopniowe organizowanie narodowych system\u00f3w obrony, kt\u00f3re dzi\u015b oparte s\u0105 na broni j\u0105drowej Stan\u00f3w Zjednoczonych, wok\u00f3\u0142 arsena\u0142u francuskiego.<\/p>\n\n\n\n<p>Dzi\u0119ki temu dwa systemy obronne mog\u0142yby wsp\u00f3\u0142istnie\u0107, a Europa mia\u0142aby szans\u0119 przygotowa\u0107 si\u0119 na scenariusz, w kt\u00f3rym Stany rezygnuj\u0105 z jej ochrony. Osiem pa\u0144stw Unii na czele z Niemcami jest przychylnych temu rozwi\u0105zaniu. R\u00f3wnocze\u015bnie, w pi\u0105tym dniu wojny, Unia og\u0142osi\u0142a wprowadzenie zasady preferencji europejskiej przy wydatkowaniu \u015brodk\u00f3w publicznych.<\/p>\n\n\n\n<p>Europejczycy porzucaj\u0105 dogmaty o wolnym handlu, zaczynaj\u0105 chroni\u0107 sw\u00f3j przemys\u0142 i przygotowuj\u0105 si\u0119 do samodzielnej obrony. Europa jest aktywna. Tylko ca\u0142kowite lenistwo intelektualne sprawia, \u017ce powszechnie pot\u0119pia si\u0119 jej parali\u017c \u2013 podobnie jak bezmy\u015blnie powtarza si\u0119, \u017ce do obalenia re\u017cimu niezb\u0119dne s\u0105 oddzia\u0142y l\u0105dowe.<\/p>\n\n\n\n<p>Dziwne. Przecie\u017c \u0142a\u0144cuchy dowodzenia, zapasy broni oraz cywilna i wojskowa infrastruktura ira\u0144skiej teokracji ju\u017c id\u0105 z dymem. Re\u017cim, znienawidzony przez spo\u0142ecze\u0144stwo i bardzo mocno podzielony, nie podniesie si\u0119 po zniszczeniach i upokorzeniach, kt\u00f3rych do\u015bwiadcza. By\u0107 mo\u017ce przetrwa jeszcze w m\u0119\u017cczyznach rekrutuj\u0105cych si\u0119 z jego szereg\u00f3w. Natomiast Iranki zmuszane do noszenia hid\u017cabu, rzeczywista w\u0142adza skupiona w r\u0119kach Najwy\u017cszego Przyw\u00f3dcy, regionalne o\u015brodki tehera\u0144skich w\u0142adz gotowe walczy\u0107 w ostatecznej ofensywie przeciwko \u201ebytowi syjonistycznemu\u201d oraz idea, \u017ce perska i szyicka pot\u0119ga, jak\u0105 jest Iran, poprowadzi sunnickie i arabskie masy w historycznym rewan\u017cu przeciwko Zachodowi \u2014podtrzymywana od p\u00f3\u0142 wieku mrzonka ulega erozji, bo nie, dzia\u0142ania si\u0142owe nie s\u0105 daremne.<\/p>\n\n\n\n<p>Si\u0142a niszczy i zmusza do uleg\u0142o\u015bci, ale prawd\u0105 jest r\u00f3wnie\u017c, \u017ce nawet po zlikwidowaniu teokracji Iran nadal b\u0119dzie musia\u0142 zmaga\u0107 si\u0119 z roz\u0142amami politycznymi i potencjaln\u0105 secesj\u0105 mniejszo\u015bci etnicznych i religijnych. Niewykluczone, \u017ce si\u0119 z tym wszystkim upora, ale b\u0119dzie m\u00f3g\u0142 liczy\u0107 tylko na siebie \u2013 ani Donald Trump ani Benjamin Netanjahu nawet nie udaj\u0105, \u017ce ich celem jest zaprowadzenie w Iranie demokracji.<\/p>\n\n\n\n<p>Trump chce zn\u00f3w przyci\u0105gn\u0105\u0107 Iran do ameryka\u0144skiej orbity wp\u0142yw\u00f3w i pozbawi\u0107 Chiny niezb\u0119dnych dostaw ropy. Netanjahu d\u0105\u017cy do tego, by Iran przesta\u0142 d\u0105\u017cy\u0107 do zniszczenia Izraela. Wiek XXI nie przejmuje si\u0119 ju\u017c pozorami, wraca do si\u0142y zbrojnej i racji stanu. Tak, bomby zmieniaj\u0105 regu\u0142y gry i nie \u2014 Europa wcale nie \u015bpi.<\/p>\n","protected":false},"excerpt":{"rendered":"<p>Europejczycy porzucaj\u0105 dogmaty o wolnym handlu, zaczynaj\u0105 chroni\u0107 sw\u00f3j przemys\u0142 i przygotowuj\u0105 si\u0119 do samodzielnej obrony. Europa jest aktywna. Tylko ca\u0142kowite lenistwo intelektualne sprawia, \u017ce powszechnie pot\u0119pia si\u0119 jej parali\u017c \u2013 podobnie jak bezmy\u015blnie powtarza si\u0119, \u017ce do obalenia re\u017cimu niezb\u0119dne s\u0105 oddzia\u0142y l\u0105dowe.<\/p>\n","protected":false},"author":7,"featured_media":1533,"comment_status":"closed","ping_status":"closed","sticky":false,"template":"","format":"standard","meta":{"footnotes":""},"categories":[1],"tags":[12,23,19,11,18],"_links":{"self":[{"href":"https:\/\/blog.polityka.pl\/guetta\/wp-json\/wp\/v2\/posts\/1532"}],"collection":[{"href":"https:\/\/blog.polityka.pl\/guetta\/wp-json\/wp\/v2\/posts"}],"about":[{"href":"https:\/\/blog.polityka.pl\/guetta\/wp-json\/wp\/v2\/types\/post"}],"author":[{"embeddable":true,"href":"https:\/\/blog.polityka.pl\/guetta\/wp-json\/wp\/v2\/users\/7"}],"replies":[{"embeddable":true,"href":"https:\/\/blog.polityka.pl\/guetta\/wp-json\/wp\/v2\/comments?post=1532"}],"version-history":[{"count":1,"href":"https:\/\/blog.polityka.pl\/guetta\/wp-json\/wp\/v2\/posts\/1532\/revisions"}],"predecessor-version":[{"id":1534,"href":"https:\/\/blog.polityka.pl\/guetta\/wp-json\/wp\/v2\/posts\/1532\/revisions\/1534"}],"wp:featuredmedia":[{"embeddable":true,"href":"https:\/\/blog.polityka.pl\/guetta\/wp-json\/wp\/v2\/media\/1533"}],"wp:attachment":[{"href":"https:\/\/blog.polityka.pl\/guetta\/wp-json\/wp\/v2\/media?parent=1532"}],"wp:term":[{"taxonomy":"category","embeddable":true,"href":"https:\/\/blog.polityka.pl\/guetta\/wp-json\/wp\/v2\/categories?post=1532"},{"taxonomy":"post_tag","embeddable":true,"href":"https:\/\/blog.polityka.pl\/guetta\/wp-json\/wp\/v2\/tags?post=1532"}],"curies":[{"name":"wp","href":"https:\/\/api.w.org\/{rel}","templated":true}]}}