
{"id":1610,"date":"2026-08-31T15:20:44","date_gmt":"2026-08-31T13:20:44","guid":{"rendered":"https:\/\/blog.polityka.pl\/guetta\/?p=1610"},"modified":"2026-09-01T14:21:04","modified_gmt":"2026-09-01T12:21:04","slug":"putin-moze-zagrac-va-banque","status":"publish","type":"post","link":"https:\/\/blog.polityka.pl\/guetta\/2026\/08\/31\/putin-moze-zagrac-va-banque\/","title":{"rendered":"Putin mo\u017ce zagra\u0107 va banque"},"content":{"rendered":"\n<p class=\"wp-block-paragraph\">Nale\u017cy si\u0119 obawia\u0107, \u017ce jeszcze przed zim\u0105 W\u0142adimir Putin mo\u017ce otworzy\u0107 drugi front na Ukrainie oraz rzuci\u0107 wyzwanie Zachodowi, naruszaj\u0105c granice Unii. Wydaje si\u0119 to prawdopodobne z trzech powod\u00f3w.<\/p>\n\n\n\n<!--more-->\n\n\n\n<p class=\"wp-block-paragraph\">Po pierwsze prezydent Rosji jest przyparty do muru. Ukrai\u0144skie ataki na rafinerie i magazyny sieci handlowych sprawiaj\u0105, \u017ce w Rosji p\u00f3\u0142ki sklepowe \u015bwiec\u0105 pustkami, a na stacjach benzynowych brakuje paliwa. \u017beby obej\u015b\u0107 zachodnie sankcje, Rosja sprzedaje tanio rop\u0119 naftow\u0105, kt\u00f3r\u0105 po rafinacji skupuje za wysok\u0105 cen\u0119. Kraj jest w stanie utrzymywa\u0107 dzia\u0142alno\u015b\u0107 zak\u0142ad\u00f3w zbrojeniowych jedynie kosztem pozosta\u0142ych ga\u0142\u0119zi przemys\u0142u i ca\u0142ej gospodarki. Rosja pogr\u0105\u017ca si\u0119 w kryzysie, kt\u00f3ry dotyka nawet mieszka\u0144c\u00f3w najwi\u0119kszych miast. Kres temu kryzysowi mo\u017ce po\u0142o\u017cy\u0107 jedynie koniec wojny.<\/p>\n\n\n\n<p class=\"wp-block-paragraph\">Sta\u0142o si\u0119 to tak oczywiste, \u017ce bankierzy i ekonomi\u015bci zaczynaj\u0105 m\u00f3wi\u0107 o tym otwarcie, a re\u017cim nasila represje. Do niedawna dotyka\u0142y jedynie jego jawnych przeciwnik\u00f3w, dzi\u015b za\u015b spadaj\u0105 na przyw\u00f3dc\u00f3w niewielkiej liberalnej partii Jab\u0142oko, a nawet na regionalnych przedstawicieli i dzia\u0142aczy Komunistycznej Partii Federacji Rosyjskiej, cho\u0107 jest ona ca\u0142kowicie podporz\u0105dkowana Kremlowi.<\/p>\n\n\n\n<p class=\"wp-block-paragraph\">Jeden z wiceprzewodnicz\u0105cych Dumy zaproponowa\u0142, by og\u0142osi\u0107, \u017ce ukrai\u0144skie miasta zostan\u0105 zr\u00f3wnane z ziemi\u0105 pod gradem bomb. Mia\u0142oby to sk\u0142oni\u0107 mieszka\u0144c\u00f3w do ucieczki i wywo\u0142a\u0107 chaos w ca\u0142ym kraju. Pomys\u0142 zdaje si\u0119 zyskiwa\u0107 na popularno\u015bci, poniewa\u017c ukrai\u0144skie tereny mieszkalne s\u0105 systematycznie bombardowane, w\u0142adze Rosji nie kryj\u0105 zamiaru pozbawienia Ukrai\u0144c\u00f3w ogrzewania i pr\u0105du, a sam W\u0142adimir Putin o\u015bwiadczy\u0142, \u017ce, atakuj\u0105c rosyjskie rafinerie, Ukraina \u201eotworzy\u0142a puszk\u0119 Pandory\u201d.<\/p>\n\n\n\n<p class=\"wp-block-paragraph\">Rosja mo\u017ce zatem wkr\u00f3tce podj\u0105\u0107 pr\u00f3b\u0119 zmuszenia ukrai\u0144skich cywil\u00f3w do ucieczki, otworzy\u0107 drugi front na p\u00f3\u0142nocy pa\u0144stwa i rzuci\u0107 wyzwanie Zachodowi, wkraczaj\u0105c do kt\u00f3rego\u015b z kraj\u00f3w ba\u0142tyckich lub do Mo\u0142dawii.<\/p>\n\n\n\n<p class=\"wp-block-paragraph\">W\u0142a\u015bnie taki scenariusz przewiduj\u0105 zachodnie s\u0142u\u017cby wywiadowcze. Trzecim powodem do obaw, \u017ce prognozy s\u0105 s\u0142uszne, jest to, \u017ce W\u0142adimir Putin spodziewa si\u0119 wyj\u015b\u0107 z wojny zwyci\u0119sko. Ukraina nie b\u0119dzie w stanie z powodzeniem walczy\u0107 na dw\u00f3ch frontach, zw\u0142aszcza je\u015bli wysiedlona ludno\u015b\u0107 b\u0119dzie b\u0142\u0105ka\u0107 si\u0119 po drogach. Donald Trump raczej nie zaryzykuje konfrontacji z Rosj\u0105, skoro ju\u017c teraz nie wie, jak poradzi\u0107 sobie z ira\u0144sk\u0105 pora\u017ck\u0105 i jak nie straci\u0107 kontroli nad Kongresem w jesiennych wyborach \u015br\u00f3dokresowych.<\/p>\n\n\n\n<p class=\"wp-block-paragraph\">Ameryka\u0144ski prezydent m\u00f3g\u0142by da\u0107 W\u0142adimirowi Putinowi woln\u0105 r\u0119k\u0119 na Ukrainie, uznaj\u0105c, \u017ce atak na kraje ba\u0142tyckie nie zobowi\u0105zuje NATO do interwencji, a inwazja na ma\u0142\u0105 Mo\u0142dawi\u0119 jest problemem dla Europejczyk\u00f3w, poniewa\u017c kraj ten nie nale\u017cy do Sojuszu.<\/p>\n\n\n\n<p class=\"wp-block-paragraph\">W\u0142adimir Putin mo\u017ce stwierdzi\u0107, \u017ce podejmuj\u0105c odwa\u017cne dzia\u0142ania bez dalszej zw\u0142oki, m\u00f3g\u0142by nie tylko zachwia\u0107 stabilno\u015bci\u0105 Ukrainy, zanim ta zdob\u0119dzie pociski dalekiego zasi\u0119gu, lecz tak\u017ce doprowadzi\u0107 do roz\u0142amu na froncie zachodnim i wykaza\u0107 militarn\u0105 s\u0142abo\u015b\u0107 Europejczyk\u00f3w.<\/p>\n\n\n\n<p class=\"wp-block-paragraph\">Nie jest to niestety rozumowanie ca\u0142kowicie pozbawione sensu. Przeszkodami w realizacji tego planu s\u0105 jednak: ogromna niech\u0119\u0107 do przymusowego poboru do wojska, kt\u00f3ry Kreml musia\u0142by przeprowadzi\u0107; d\u0142ugotrwa\u0142y op\u00f3r ze strony Ukrai\u0144c\u00f3w; bro\u0144 ofensywna i defensywna, kt\u00f3ra b\u0119dzie nap\u0142ywa\u0107 na Ukrain\u0119 z Europy; niemo\u017cliwa na d\u0142u\u017csz\u0105 met\u0119 bierno\u015b\u0107 Donalda Trumpa oraz szybkie jednoczenie si\u0119 europejskiego frontu politycznego i wojskowego w obliczu zagro\u017cenia.<\/p>\n\n\n\n<p class=\"wp-block-paragraph\">Szef CIA, kt\u00f3ry w zesz\u0142ym tygodniu odwiedzi\u0142 Kreml, niew\u0105tpliwie przedstawi\u0142 tam pi\u0119\u0107 powy\u017cszych argument\u00f3w. Pytanie, czy W\u0142adimir Putin ma jeszcze wyb\u00f3r.<\/p>\n","protected":false},"excerpt":{"rendered":"<p>Nale\u017cy si\u0119 obawia\u0107, \u017ce jeszcze przed zim\u0105 W\u0142adimir Putin mo\u017ce otworzy\u0107 drugi front na Ukrainie oraz rzuci\u0107 wyzwanie Zachodowi, naruszaj\u0105c granice Unii. Wydaje si\u0119 to prawdopodobne z trzech powod\u00f3w.<\/p>\n","protected":false},"author":7,"featured_media":1613,"comment_status":"closed","ping_status":"closed","sticky":false,"template":"","format":"standard","meta":{"footnotes":""},"categories":[1],"tags":[9,53,6,19,8,11,10],"class_list":["post-1610","post","type-post","status-publish","format-standard","has-post-thumbnail","hentry","category-bez-kategorii","tag-putin","tag-ropa","tag-rosja","tag-trump","tag-ukraina","tag-unia-europejska","tag-wojna"],"_links":{"self":[{"href":"https:\/\/blog.polityka.pl\/guetta\/wp-json\/wp\/v2\/posts\/1610","targetHints":{"allow":["GET"]}}],"collection":[{"href":"https:\/\/blog.polityka.pl\/guetta\/wp-json\/wp\/v2\/posts"}],"about":[{"href":"https:\/\/blog.polityka.pl\/guetta\/wp-json\/wp\/v2\/types\/post"}],"author":[{"embeddable":true,"href":"https:\/\/blog.polityka.pl\/guetta\/wp-json\/wp\/v2\/users\/7"}],"replies":[{"embeddable":true,"href":"https:\/\/blog.polityka.pl\/guetta\/wp-json\/wp\/v2\/comments?post=1610"}],"version-history":[{"count":1,"href":"https:\/\/blog.polityka.pl\/guetta\/wp-json\/wp\/v2\/posts\/1610\/revisions"}],"predecessor-version":[{"id":1612,"href":"https:\/\/blog.polityka.pl\/guetta\/wp-json\/wp\/v2\/posts\/1610\/revisions\/1612"}],"wp:featuredmedia":[{"embeddable":true,"href":"https:\/\/blog.polityka.pl\/guetta\/wp-json\/wp\/v2\/media\/1613"}],"wp:attachment":[{"href":"https:\/\/blog.polityka.pl\/guetta\/wp-json\/wp\/v2\/media?parent=1610"}],"wp:term":[{"taxonomy":"category","embeddable":true,"href":"https:\/\/blog.polityka.pl\/guetta\/wp-json\/wp\/v2\/categories?post=1610"},{"taxonomy":"post_tag","embeddable":true,"href":"https:\/\/blog.polityka.pl\/guetta\/wp-json\/wp\/v2\/tags?post=1610"}],"curies":[{"name":"wp","href":"https:\/\/api.w.org\/{rel}","templated":true}]}}