
{"id":1013,"date":"2015-05-11T07:06:37","date_gmt":"2015-05-11T05:06:37","guid":{"rendered":"http:\/\/hartman.blog.polityka.pl\/?p=1013"},"modified":"2015-05-11T08:40:43","modified_gmt":"2015-05-11T06:40:43","slug":"apel-profesorow-o-zjednoczenie-sil-postepowych","status":"publish","type":"post","link":"https:\/\/blog.polityka.pl\/hartman\/2015\/05\/11\/apel-profesorow-o-zjednoczenie-sil-postepowych\/","title":{"rendered":"Apel profesor\u00f3w o zjednoczenie si\u0142 post\u0119powych"},"content":{"rendered":"<p>Apelujemy o jedno\u015b\u0107 lewicy.<br \/>\n<!--more--><br \/>\nPolska stan\u0119\u0142a przez gro\u017ab\u0105 ca\u0142kowitego zdominowania \u017cycia publicznego i politycznego przez \u015brodowiska prawicowe, w tym r\u00f3wnie\u017c te skrajne. Szczeg\u00f3lnym zagro\u017ceniem wydaje si\u0119 nacjonalistyczny populizm, powi\u0105zany z demagogi\u0105 ekonomiczn\u0105 i ksenofobi\u0105. Si\u0142y post\u0119powe obecne w polskiej polityce nie s\u0105 dzi\u015b zdolne narzuci\u0107 \u017cyciu publicznemu przyj\u0119tych w \u015bwiecie demokratycznym standard\u00f3w racjonalno\u015bci i kultury politycznej. <\/p>\n<p>S\u0142abo\u015b\u0107 polskiej lewicy stanowi jeden z przejaw\u00f3w tej niebezpiecznej dla Polski sytuacji. Obserwuj\u0105c z \u017calem i niepokojem daleko posuni\u0119te rozdrobnienie, a w niekt\u00f3rych przypadkach wr\u0119cz rozpad \u015brodowisk polskiej centrolewicy i lewicy, zwr\u00f3cili\u015bmy si\u0119 do polityk\u00f3w i polityczek, dzia\u0142aczek i dzia\u0142aczy tego nurtu politycznego, kt\u00f3rego sami czujemy si\u0119 uczestnikami, o podj\u0119cie rozm\u00f3w zmierzaj\u0105cych do zjednoczenia lewicy wok\u00f3\u0142 wsp\u00f3lnego programu i wsp\u00f3lnego wyst\u0105pienia w wyborach parlamentarnych.<\/p>\n<p>Nasza inicjatywa spotka\u0142a si\u0119 z bardzo pozytywnym odzewem. Panuje przekonanie, \u017ce najwy\u017cszy czas po\u0142o\u017cy\u0107 kres podzia\u0142om i otworzy\u0107 nowy rozdzia\u0142. Odbyli\u015bmy seri\u0119 spotka\u0144 z udzia\u0142em znanych polityczek i polityk\u00f3w lewicy, w wyniku kt\u00f3rych postanowiono o utworzeniu ruchu Wolno\u015b\u0107 i R\u00f3wno\u015b\u0107. W dniu 15 maja, w godzinach 12-14 w Sejmie, odb\u0119dzie si\u0119 Konferencja Inicjatywna ruchu \u201eWolno\u015b\u0107 i R\u00f3wno\u015b\u0107\u201d, podczas kt\u00f3rej zostanie podpisana deklaracja za\u0142o\u017cycielska i programowa tej formacji. <\/p>\n<p>Zapraszamy ludzi lewicy, zainteresowanych wsp\u00f3lnym dzia\u0142aniem, do aktywnego i podmiotowego wsp\u00f3\u0142tworzenia naszej inicjatywy, \u00a0pocz\u0105wszy ju\u017c od pi\u0105tkowej konferencji. Jednocze\u015bnie wzywamy polityczki i polityk\u00f3w lewicy do zgodnej i odpowiedzialnej wsp\u00f3\u0142pracy, w interesie spo\u0142ecznym. <\/p>\n<p>Je\u015bli polska lewica ma si\u0119 odrodzi\u0107, musimy da\u0107 g\u0142os m\u0142odemu pokoleniu \u2013 dzia\u0142aczkom i dzia\u0142aczom organizacji spo\u0142ecznych.\u00a0Partie polityczne s\u0105 tylko jednym z element\u00f3w ruchu lewicowego. Dzisiaj lewica to szerokie spektrum zwi\u0105zk\u00f3w zawodowych, stowarzysze\u0144, fundacji, ruch\u00f3w spo\u0142ecznych i innych organizacji dzia\u0142aj\u0105cych na rzecz ludzi pracy, na rzecz os\u00f3b pokrzywdzonych i dyskryminowanych, na rzecz r\u00f3wno\u015bci p\u0142ci, nowoczesnej edukacji i wolno\u015bci medi\u00f3w, a tak\u017ce na rzecz przyrody i zielonej energetyki. <\/p>\n<p>Te wszystkie si\u0142y maj\u0105 prawo udzia\u0142u w polityce parlamentarnej i samorz\u0105dowej. W naszym przekonaniu jest to jednak\u017ce r\u00f3wnie\u017c ich obowi\u0105zek.<\/p>\n<p>prof. Genowefa Grabowska<br \/>\nprof. Jan Hartman<br \/>\nprof. Kazimierz Kik<br \/>\nprof. Magdalena \u015aroda<a href=\"\/wp-content\/uploads\/2015\/05\/List-profesor\u00f3w.jpg\"><img loading=\"lazy\" decoding=\"async\" class=\"aligncenter size-full wp-image-1014\" src=\"\/wp-content\/uploads\/2015\/05\/List-profesor\u00f3w.jpg\" alt=\"List profesor\u00f3w\" width=\"900\" height=\"1274\" srcset=\"\/hartman\/wp-content\/uploads\/2015\/05\/List-profesor\u00f3w.jpg 900w, \/hartman\/wp-content\/uploads\/2015\/05\/List-profesor\u00f3w-211x300.jpg 211w, \/hartman\/wp-content\/uploads\/2015\/05\/List-profesor\u00f3w-723x1024.jpg 723w\" sizes=\"(max-width: 900px) 100vw, 900px\" \/><\/a><\/p>\n","protected":false},"excerpt":{"rendered":"<p>Apelujemy o jedno\u015b\u0107 lewicy.<\/p>\n","protected":false},"author":3,"featured_media":0,"comment_status":"open","ping_status":"closed","sticky":false,"template":"","format":"standard","meta":{"footnotes":""},"categories":[5,129],"tags":[],"_links":{"self":[{"href":"https:\/\/blog.polityka.pl\/hartman\/wp-json\/wp\/v2\/posts\/1013"}],"collection":[{"href":"https:\/\/blog.polityka.pl\/hartman\/wp-json\/wp\/v2\/posts"}],"about":[{"href":"https:\/\/blog.polityka.pl\/hartman\/wp-json\/wp\/v2\/types\/post"}],"author":[{"embeddable":true,"href":"https:\/\/blog.polityka.pl\/hartman\/wp-json\/wp\/v2\/users\/3"}],"replies":[{"embeddable":true,"href":"https:\/\/blog.polityka.pl\/hartman\/wp-json\/wp\/v2\/comments?post=1013"}],"version-history":[{"count":3,"href":"https:\/\/blog.polityka.pl\/hartman\/wp-json\/wp\/v2\/posts\/1013\/revisions"}],"predecessor-version":[{"id":1017,"href":"https:\/\/blog.polityka.pl\/hartman\/wp-json\/wp\/v2\/posts\/1013\/revisions\/1017"}],"wp:attachment":[{"href":"https:\/\/blog.polityka.pl\/hartman\/wp-json\/wp\/v2\/media?parent=1013"}],"wp:term":[{"taxonomy":"category","embeddable":true,"href":"https:\/\/blog.polityka.pl\/hartman\/wp-json\/wp\/v2\/categories?post=1013"},{"taxonomy":"post_tag","embeddable":true,"href":"https:\/\/blog.polityka.pl\/hartman\/wp-json\/wp\/v2\/tags?post=1013"}],"curies":[{"name":"wp","href":"https:\/\/api.w.org\/{rel}","templated":true}]}}