
{"id":1151,"date":"2015-09-03T19:29:05","date_gmt":"2015-09-03T17:29:05","guid":{"rendered":"http:\/\/hartman.blog.polityka.pl\/?p=1151"},"modified":"2015-09-03T20:31:13","modified_gmt":"2015-09-03T18:31:13","slug":"rynsztokowa-kampania-kaczynskiego","status":"publish","type":"post","link":"https:\/\/blog.polityka.pl\/hartman\/2015\/09\/03\/rynsztokowa-kampania-kaczynskiego\/","title":{"rendered":"Rynsztokowa kampania Kaczy\u0144skiego"},"content":{"rendered":"<p>Kampania wyborcza PiS jest moralnie obrzydliwa. Opiera si\u0119 na za\u0142o\u017ceniu, \u017ce wyborcy s\u0105 prostakami, reaguj\u0105cymi bezrefleksyjnie i odruchowo. \u017be s\u0105 bezprzyk\u0142adnymi egoistami i niewdzi\u0119cznikami. T\u0119pakami i pysza\u0142kami.<br \/>\n<!--more--><br \/>\nCo, Kopaczowa chce nam islamist\u00f3w sprowadza\u0107!? Posz\u0142a won! Co, Kopaczowa g\u0142odzi nasze dzieci?! Posz\u0142a won! My tu, k\u2026a, wielka kultura, wielka Polska, warto\u015bci i rodzina, \u015bwiatu k\u2026a pokazujemy, co to jest patriotyzm i tradycja, k\u2026a, dali\u015bmy \u015bwiatu papie\u017ca i pokonali\u015bmy ruskich! A ta ca\u0142a Unia to nas tylko doi i robi se z nas rynek zbytu i tani\u0105 si\u0142\u0119 robocz\u0105, rzucaj\u0105c polskiemu rolnikowi jakie\u015b och\u0142apy. <\/p>\n<p>W g\u0142owach cwaniaczk\u00f3w od kampanii PiS ich wyborca to w\u0142a\u015bnie kto\u015b taki. Tak sobie wyobra\u017caj\u0105 sw\u00f3j polityczny \u201etarget\u201d. I czym bardziej nim gardz\u0105, tym bardziej pragn\u0105 by\u0107 jego treserami. A jak ju\u017c wezm\u0105 upragnion\u0105 w\u0142adz\u0119 i nakarmi\u0105 wszystkich swoich poplecznik\u00f3w, w sutannach, w le\u015bniczych mundurach itd., to wezm\u0105 ca\u0142e to towarzystwo za mord\u0119. A wrogom biada! Na ka\u017cdego znajdzie si\u0119 nagranie i paragraf!<\/p>\n<p>PiS-em nie rz\u0105dzi Kaczy\u0144ski. PiS-em rz\u0105dz\u0105 wynaj\u0119ci \u201espin-doktorzy\u201d i inni \u201especjali\u015bci od marketingu politycznego\u201d, czyli cyniczne cwaniaczki, owijaj\u0105ce sobie partyjnych bonz\u00f3w wok\u00f3\u0142 palca i wmawiaj\u0105ce im, \u017ce tylko bezwzgl\u0119dny cynizm i egoizm oraz gra na prymitywnych uczuciach w polityce pop\u0142aca. Za te m\u0105dro\u015bci i wymy\u015blanie najpodlejszych, najbardziej oszczerczych, l\u0119ki i nienawi\u015b\u0107 pobudzaj\u0105cych przekaz\u00f3w bior\u0105 horrendalne honoraria. A Kaczy\u0144ski p\u0142aci, bo jak du\u017co p\u0142aci, to wierzy, \u017ce otrzymuje dobry produkt. My\u015bli sobie: ach, jakie to wstr\u0119tne, jakie wstr\u0119tne. Ale tak trzeba, tak trzeba. W imi\u0119 Polski. Nar\u00f3d trzeba b\u0119dzie dopiero wychowa\u0107. Niech no tylko wezm\u0119 w\u0142adz\u0119. Teraz jednak nar\u00f3d jest jeszcze prymitywny, i c\u00f3\u017c, trzeba si\u0119 do tego dostosowa\u0107. Och, jaki ja biedny, \u017ce musz\u0119 to znosi\u0107. Na pewno postawi\u0105 mi za t\u0119 m\u0119k\u0119 pomnik. Tak sobie my\u015bli bohater od \u201ezmieniania Polski\u201d przed snem. A gdy za\u015bnie, widzi si\u0119 ju\u017c na skrzy\u017cowaniu Jana Paw\u0142a II z Jaros\u0142awa i Lecha Kaczy\u0144skich.<\/p>\n<p>Straszenie uchod\u017acami i g\u0142odem we wci\u0105\u017c zasobniejszej Polsce jest czym\u015b odra\u017caj\u0105cym i obra\u017aliwym dla tych wszystkich, kt\u00f3rzy w dzieci\u0144stwie jedli chleb polany herbat\u0105 i posypany cukrem, szukali szczawiu na nasypie, a mi\u0119so widzieli raz w tygodniu. Co, mo\u017ce Kaczy\u0144ski z Szyd\u0142o nie wiedz\u0105, jak tu si\u0119 \u017cy\u0142o par\u0119 dekad temu? Pisowskie puste lod\u00f3wki, ten nieszcz\u0119sny Kaczy\u0144ski z n\u00f3\u017ck\u0105 kurczaka, recytuj\u0105cy, ile\u017c to on teraz p\u0142aci w spo\u017cywczaku, ten okropny filmik z obecnej kampanii o dzieciach g\u0142odzonych przez PO\u2026 <\/p>\n<p>Jeste\u015bcie na dnie. Z \u201e\u017coliborskiego inteligenta\u201d spad\u0142e\u015b pan do poziomu rynsztoka. Jakim\u017c trzeba by\u0107 podlecem, \u017ceby insynuowa\u0107 rz\u0105dowi, i\u017c z jego powodu dzieci w Polsce g\u0142oduj\u0105! Jak\u017ce trzeba by\u0107 bezczelnym, m\u00f3wi\u0105c, \u017ce przyj\u0119cie trzech tysi\u0119cy uchod\u017ac\u00f3w to za du\u017co, bior\u0105c pod uwag\u0119 mo\u017cliwo\u015bci ekonomiczne Polski! Niemcy, dwa razy wi\u0119ksze i trzy raz bogatsze, nie bior\u0105 tych uchod\u017ac\u00f3w, jak wy tam w PiS doskonale wiecie, sze\u015b\u0107 razy wi\u0119cej ni\u017c my, lecz setki razy wi\u0119cej. I \u015bmiecie jeszcze nazywa\u0107 te targi o \u015bmieszny u\u0142amek procenta polskiego udzia\u0142u w admisji uchod\u017ac\u00f3w wojennych \u201esolidarno\u015bci\u0105\u201d? I do tego jeszcze pyszczycie o godno\u015bci Polski i jej sile na arenie mi\u0119dzynarodowej. <\/p>\n<p>Ot\u00f3\u017c wiedzcie, zakute \u0142by, \u017ce kraj, kt\u00f3ry targuje si\u0119, czy przyj\u0105\u0107 3600 czy 2500 uchod\u017ac\u00f3w, gra w lidze liliput\u00f3w, budz\u0105c w Europie jedynie za\u017cenowanie i irytacj\u0119. A wymachiwanie szabelk\u0105 z pozycji go\u0142odupca, kt\u00f3rego udzia\u0142 w polityce mi\u0119dzynarodowej ogranicza si\u0119 do darcia ryja o kas\u0119 i przywileje (tzw. \u201epolska racja stanu\u201d), degraduje nas do stanowiska egzotycznego kraiku na wschodzie.<\/p>\n<p>Nic tak nie niszczy polskiej polityki, a wi\u0119c i Polski, jak granie na najni\u017cszych emocjach, pysze, egoizmie, szowinizmie, ksenofobii. To przynosi g\u0142osy, ale to s\u0105 toksyczne g\u0142osy. Truj\u0105 nar\u00f3d i poni\u017caj\u0105 go w oczach zagranicy.<\/p>\n<p>A co do g\u0142oduj\u0105cych dzieci, to problem by\u0142 i jest. S\u0105 w Polsce setki tysi\u0119cy patologicznych rodzin i steki tysi\u0119cy zaniedbanych dzieci pijak\u00f3w i przest\u0119pc\u00f3w. Wiele z nich jest niedo\u017cywionych. Wiele z nich jest bitych i molestowanych. Fajny temat na kampani\u0119, co nie? Mo\u017ce go poruszycie? Ciekawe, co na to wasi PR-owcy \ud83d\ude42\u00a0<\/p>\n<p>Ale je\u015bli nie macie odwagi m\u00f3wi\u0107 o rzeczach trudnych, takich jak na przyk\u0142ad patologie spo\u0142eczne, to przynajmniej nie zas\u0142aniajcie rzeczywistych problem\u00f3w i nieszcz\u0119\u015b\u0107 swoimi wyborczymi bannerami z \u0142garstwami i oszczerstwami. Miejcie\u00a0troch\u0119 wstydu. \u017berowanie na biednych i nieszcz\u0119\u015bliwych, wykorzystywanie ich w celach propagandowych &#8211; jest wstr\u0119tne. Tak samo jak pobudzanie w ludziach pychy albo l\u0119k\u00f3w przez obcymi. <\/p>\n<p>Robicie z polskiej polityki jarmark i magiel. I przejdziecie do historii. Szybciej ni\u017c si\u0119 wam wydaje. Wasze miejsce b\u0119dzie w rozdziale \u201eD\u0142ugi cie\u0144 PRL\u201d.<\/p>\n","protected":false},"excerpt":{"rendered":"<p>Kampania wyborcza PiS jest moralnie obrzydliwa. Opiera si\u0119 na za\u0142o\u017ceniu, \u017ce wyborcy s\u0105 prostakami, reaguj\u0105cymi bezrefleksyjnie i odruchowo. \u017be s\u0105 bezprzyk\u0142adnymi egoistami i niewdzi\u0119cznikami. T\u0119pakami i pysza\u0142kami.<\/p>\n","protected":false},"author":3,"featured_media":0,"comment_status":"open","ping_status":"closed","sticky":false,"template":"","format":"standard","meta":{"footnotes":""},"categories":[95,129],"tags":[166,267],"_links":{"self":[{"href":"https:\/\/blog.polityka.pl\/hartman\/wp-json\/wp\/v2\/posts\/1151"}],"collection":[{"href":"https:\/\/blog.polityka.pl\/hartman\/wp-json\/wp\/v2\/posts"}],"about":[{"href":"https:\/\/blog.polityka.pl\/hartman\/wp-json\/wp\/v2\/types\/post"}],"author":[{"embeddable":true,"href":"https:\/\/blog.polityka.pl\/hartman\/wp-json\/wp\/v2\/users\/3"}],"replies":[{"embeddable":true,"href":"https:\/\/blog.polityka.pl\/hartman\/wp-json\/wp\/v2\/comments?post=1151"}],"version-history":[{"count":4,"href":"https:\/\/blog.polityka.pl\/hartman\/wp-json\/wp\/v2\/posts\/1151\/revisions"}],"predecessor-version":[{"id":1155,"href":"https:\/\/blog.polityka.pl\/hartman\/wp-json\/wp\/v2\/posts\/1151\/revisions\/1155"}],"wp:attachment":[{"href":"https:\/\/blog.polityka.pl\/hartman\/wp-json\/wp\/v2\/media?parent=1151"}],"wp:term":[{"taxonomy":"category","embeddable":true,"href":"https:\/\/blog.polityka.pl\/hartman\/wp-json\/wp\/v2\/categories?post=1151"},{"taxonomy":"post_tag","embeddable":true,"href":"https:\/\/blog.polityka.pl\/hartman\/wp-json\/wp\/v2\/tags?post=1151"}],"curies":[{"name":"wp","href":"https:\/\/api.w.org\/{rel}","templated":true}]}}