
{"id":1289,"date":"2015-11-27T21:27:20","date_gmt":"2015-11-27T20:27:20","guid":{"rendered":"http:\/\/hartman.blog.polityka.pl\/?p=1289"},"modified":"2015-11-27T21:58:12","modified_gmt":"2015-11-27T20:58:12","slug":"musimy-pomoc-kaczynskiemu","status":"publish","type":"post","link":"https:\/\/blog.polityka.pl\/hartman\/2015\/11\/27\/musimy-pomoc-kaczynskiemu\/","title":{"rendered":"Musimy pom\u00f3c Kaczy\u0144skiemu!"},"content":{"rendered":"<p>Gdy ojczyzna jest w potrzebie, wi\u0119kszo\u015b\u0107 ostro\u017cnie wyczekuje, co te\u017c si\u0119 wydarzy. Tak jest wsz\u0119dzie.<br \/>\n<!--more--><br \/>\nWalk\u0119 o wolno\u015b\u0107 podejmuje niewielu. Trwaj\u0105 w osamotnieniu, lecz z czasem ci wyczekuj\u0105cy i bezczynni zaczynaj\u0105 si\u0119 przy\u0142\u0105cza\u0107. Ale wtedy jest ju\u017c p\u00f3\u017ano i walka staje si\u0119 trudniejsza. Mimo to pewnego dnia przychodzi zwyci\u0119stwo\u2026 Taki jest typowy scenariusz, znany r\u00f3wnie\u017c z najnowszej historii Polski. Skromna, acz wytrwa\u0142a dzia\u0142alno\u015b\u0107 Komitetu Obrony Robotnik\u00f3w i innych organizacji, wyszydzana przez w\u0142adz\u0119 i traktowana lekcewa\u017c\u0105co i nieufnie przez wi\u0119kszo\u015b\u0107 spo\u0142ecze\u0144stwa, karmionego propagand\u0105, sta\u0142a si\u0119 zarzewiem oporu masowego, z kt\u00f3rego wyr\u00f3s\u0142 Sierpie\u0144, a po kilku latach \u2013 III RP. Czas si\u0119gn\u0105\u0107 do tamtych do\u015bwiadcze\u0144 i wzor\u00f3w.<\/p>\n<p>Cho\u0107 trudno w to uwierzy\u0107, fakty s\u0105 jednoznaczne: do Polski wraca autorytaryzm w stylu PRL \u2013 rz\u0105dy partii stawiaj\u0105cej si\u0119 ponad prawem i pos\u0142uguj\u0105cej si\u0119 nachaln\u0105 ideologi\u0105, propagand\u0105 i represjami. Z\u0142udzenia, \u017ce w\u0142adza Jaros\u0142awa Kaczy\u0144skiego mo\u017ce by\u0107 czym\u015b innym ni\u017c banalnym zamordyzmem, zosta\u0142y ju\u017c ca\u0142kowicie rozwiane. Koniec z tr\u00f3jpodzia\u0142em w\u0142adzy, poszanowaniem opozycji, z mediami publicznymi, z szacunkiem dla wyrok\u00f3w s\u0105dowych. Koniec z Zachodem w Polsce, kt\u00f3ry tak pi\u0119knie nam si\u0119 przy\u015bni\u0142\u2026 Za rok lub dwa mo\u017ce nas czeka\u0107 epoka konstytucyjnej teokracji, z wi\u0119\u017aniami sumienia i represjami politycznymi wymierzonymi w opozycj\u0119, liberaln\u0105 inteligencj\u0119 i ludzi kultury.<\/p>\n<p>Po drodze ogl\u0105da\u0107 b\u0119dziemy festiwal zaw\u0142aszczania i upartyjniania wszystkich instytucji publicznych, podporz\u0105dkowywania prawa interesom rz\u0105dz\u0105cej partii, Ko\u015bcio\u0142a i \u015brodowisk spo\u0142ecznych, na kt\u00f3rych opiera si\u0119 ich w\u0142adza, obsadzania stanowisk lud\u017ami nader podejrzanego autoramentu, acz wiernych partii. Ogl\u0105damy go ju\u017c dzisiaj \u2013 i, przyzna\u0107 trzeba, jest spektakularny. \u017badne tam wyroki, \u017cadna komusza przesz\u0142o\u015b\u0107, \u017cadne kompromitacje \u2013 nic si\u0119 liczy, gdy sw\u00f3j jest sw\u00f3j i trzeba mu da\u0107 miejsce przy korycie. Partia mo\u017ce wszystko i ch\u0119tnie nam poka\u017ce, gdzie ma zasady przyzwoito\u015bci i sprzeciw bezsilnych elit. A jakby co, to zawsze mo\u017cna pos\u0142a\u0107 gdzie trzeba \u201epatriotyczny aktyw\u201d.<\/p>\n<p>Ale my si\u0119 nie damy! Nie pozwolimy, by zniszczono dorobek \u0107wier\u0107wiecza polskiej demokracji. Recydywa PRL by\u0142aby wszak zdrad\u0105 nas samych \u2013 jakim\u015b tragicznym uniewa\u017cnieniem 25 lat \u017cycia ka\u017cdej i ka\u017cdego z nas. Powr\u00f3t do ustroju autorytarnego oznacza\u0142by, \u017ce \u201enic si\u0119 nie sta\u0142o\u201d, wobec czego d\u0142ugie lata naszego \u017cycia okaza\u0142yby si\u0119 jedynie niewa\u017cnym snem, kt\u00f3ry zaraz zostanie zapomniany. Tyle tylko, \u017ce w czasie tego snu zd\u0105\u017cyli\u015bmy si\u0119 troch\u0119 postarze\u0107\u2026<\/p>\n<p>Nie wolno nam o tego dopu\u015bci\u0107. Musimy pom\u00f3c Jaros\u0142awowi Kaczy\u0144skiemu pow\u015bci\u0105gn\u0105\u0107 swoje dyktatorskie zap\u0119dy, ratuj\u0105c, ile si\u0119 da, z ustroju demokracji konstytucyjnej. Czym bardziej uparty b\u0119dzie nasz op\u00f3r, tym wi\u0119cej pozor\u00f3w praworz\u0105dno\u015bci i demokracji w\u0142adza b\u0119dzie zmuszona zachowa\u0107. A czym bardziej Kaczy\u0144ski b\u0119dzie skr\u0119powany konieczno\u015bci\u0105 pozorowania standard\u00f3w pa\u0144stwa prawnego, tym mniejsze zdolny b\u0119dzie poczyni\u0107 szkody w polskiej pa\u0144stwowo\u015bci, \u017cyciu spo\u0142ecznym i gospodarce. Przede wszystkim jednak lata pracy opozycyjnej tysi\u0119cy \u2013 a wierz\u0119, \u017ce dziesi\u0105tek tysi\u0119cy \u2013 Polek i Polak\u00f3w stan\u0105 si\u0119 zaczynem odbudowy naszej demokracji za kilka, mo\u017ce kilkana\u015bcie lat, gdy nar\u00f3d upomni si\u0119 o obiecane mu gwiazdy z nieba, a tak\u017ce o odebran\u0105 mu wolno\u015b\u0107 i prawa.<\/p>\n<p>Nie bacz\u0105c na szyderstwa wzgardliwc\u00f3w, na przek\u00f3r zatrutym nacjonalizmem, klerykalizmem i ksenofobi\u0105 zast\u0119pom poplecznik\u00f3w re\u017cimu &#8211; musimy robi\u0107 swoje, czerpi\u0105c nadziej\u0119 i otuch\u0119 z hartu ducha przyw\u00f3dc\u00f3w obozu wolnej, demokratycznej Polski. Wierz\u0119, \u017ce taki ob\u00f3z powstanie i \u017ce przyw\u00f3dcy si\u0119 znajd\u0105.<\/p>\n<p>Jednak przyw\u00f3dcy nic nie wsk\u00f3raj\u0105, je\u015bli tysi\u0105ce ludzi nie p\u00f3jd\u0105 za nimi i nie b\u0119d\u0105 im towarzyszy\u0107 przez codzienn\u0105 obron\u0119 praw konstytucyjnych i zwyk\u0142ej przyzwoito\u015bci w ma\u0142ych i wielkich sprawach.<\/p>\n<p>Co mo\u017ce i co powinien\/powinna czyni\u0107 w tych trudnych czasach ka\u017cdy\/ka\u017cda z nas?<\/p>\n<p><strong>Po pierwsze, musimy rozpowszechnia\u0107 informacje.<\/strong> Na szcz\u0119\u015bcie w dobie internetu jest to bardzo \u0142atwe. Wystarczy chcie\u0107. Dzielenie si\u0119 informacj\u0105 i powielanie komunikat\u00f3w w du\u017cym stopniu zast\u0105pi media publiczne, kt\u00f3re ju\u017c za par\u0119 miesi\u0119cy stan\u0105 si\u0119 tylko sm\u0119tn\u0105 tub\u0105 propagandow\u0105 rz\u0105du i Ko\u015bcio\u0142a. Kilka klikni\u0119\u0107 ka\u017cdego dnia robi swoje. Nie zaniedbujmy tego.<\/p>\n<p><strong>Po drugie, musimy patrze\u0107 w\u0142adzy na r\u0119ce<\/strong> \u2013 na ka\u017cdym szczeblu \u2013 notuj\u0105c wszystkie przypadki nadu\u017cywania stanowisk, \u0142amania prawa, stosowania represji, dyskryminacji itp. Niekt\u00f3rzy b\u0119d\u0105 to robi\u0107 profesjonalnie \u2013 jako dziennikarze i dzia\u0142acze opozycji. My powinni\u015bmy to robi\u0107 po amatorsku, na swoj\u0105 miar\u0119 \u2013 tam, gdzie dziennikarz nie dotrze. Gdy co\u015b nas zaniepokoi \u2013 przekazujmy informacj\u0119 do wolnych medi\u00f3w.<\/p>\n<p><strong>Po trzecie, musimy reagowa\u0107 na wszelkie prze\u015bladowania<\/strong> o pod\u0142o\u017cu ideologicznym i politycznym w \u015brodowisku ka\u017cdej i ka\u017cdego z nas. Na miar\u0119 swej odwagi (a tej przybywa w miar\u0119 jej \u201eu\u017cywania\u201d!) zaznaczajmy sw\u00f3j sprzeciw. G\u0142osujmy na \u201enie\u201d b\u0105d\u017a przynajmniej wstrzymujmy si\u0119 od g\u0142osu, gdy w\u0142adza chce zniszczy\u0107 kogo\u015b \u201edemokratycznie\u201d. Zabierajmy g\u0142os, cho\u0107by ugodowo i kompromisowo, gdy widzimy nagonki i prze\u015bladowania kole\u017canek i koleg\u00f3w. O represjonowanych nigdy nie zapominajmy i wspierajmy ich razem z ich rodzinami. Nie korzystajmy z przywilej\u00f3w, kt\u00f3re proponowane b\u0119d\u0105 pos\u0142usznym i us\u0142u\u017cnym. Honor, odwaga cywilna i solidarno\u015b\u0107 z represjonowanymi to moralny fundament oporu.<\/p>\n<p><strong>Po czwarte, musimy by\u0107 widoczni na ulicy<\/strong>. Akcje, happeningi, pikiety, demonstracje i marsze musz\u0105 si\u0119 powtarza\u0107 i nie ustawa\u0107. To nic, \u017ce przyjdzie 50 os\u00f3b, a wok\u00f3\u0142 b\u0119dzie stu faszyst\u00f3w i tylu\u017c niech\u0119tnych nam policjant\u00f3w. To nic, \u017ce nas spisz\u0105, \u017ce w pracy b\u0119dzie wiadomo, \u017ce \u201epoparli\u015bmy pornografi\u0119\u201d albo \u201eosiedlanie terroryst\u00f3w w Polsce\u201d. Trzeba by\u0107 gotowym na nieprzyjemno\u015bci, gdy w gr\u0119 wchodzi przysz\u0142o\u015b\u0107 kraju. W ko\u0144cu ci najlepsi po\u015br\u00f3d nas nie bali si\u0119 protestowa\u0107 w gorszych znacznie czasach i nie bali si\u0119 i\u015b\u0107 do wi\u0119zienia. B\u0105d\u017amy ich \u201ebra\u0107mi mniejszymi\u201d.<\/p>\n<p><strong>Po pi\u0105te, musimy wspiera\u0107 t\u0119 opozycj\u0119, jak\u0105 mamy<\/strong> \u2013 zar\u00f3wno parlamentarn\u0105, jak i pozaparlamentarn\u0105. Nie wolno nam si\u0119 brzydzi\u0107 polityk\u0105, bo obrona wolno\u015bci to w\u0142a\u015bnie jest polityka, i to wielka polityka. Re\u017cim b\u0119dzie si\u0119 odrobin\u0119 liczy\u0107 z opozycj\u0105 tylko wtedy, gdy b\u0119dzie ona mia\u0142a poparcie spo\u0142eczne wi\u0119ksze, ni\u017c wynika z jej w\u0105t\u0142ej reprezentacji sejmowej. Demokratyczni politycy musz\u0105 czu\u0107, \u017ce stoi za nimi wi\u0119cej ludzi ni\u017c tylko grupki osobistych wielbicieli i asystent\u00f3w.<\/p>\n<p>A wi\u0119c mamy oto pi\u0119\u0107 filar\u00f3w ma\u0142ego oporu:<br \/>\n &#8211; obserwacja (nadu\u017cy\u0107)<br \/>\n &#8211; informacja (internet)<br \/>\n &#8211; interwencja (represjonowani)<br \/>\n &#8211; demonstracja (ulica)<br \/>\n &#8211; wspieranie (demokratyczni politycy).<\/p>\n<p>Oni licz\u0105 na to, \u017ce nam si\u0119 nie zechce. \u017be b\u0119dziemy si\u0119 bali. Ale si\u0119 przelicz\u0105. Skutecznie pomo\u017cemy Jaros\u0142awowi Kaczy\u0144skiemu nie by\u0107 dyktatorem!<\/p>\n<div id=\"attachment_1292\" style=\"width: 460px\" class=\"wp-caption aligncenter\"><a href=\"\/wp-content\/uploads\/2015\/11\/kuron.jpeg\"><img loading=\"lazy\" decoding=\"async\" aria-describedby=\"caption-attachment-1292\" class=\"size-full wp-image-1292\" src=\"\/wp-content\/uploads\/2015\/11\/kuron.jpeg\" alt=\"Warszawa  20.04.2002 Jacek Kuro\u00f1 , polityk, publicysta, by\u00b3y minister pracy i polityki socjalnej , cz\u00b3onek Unii Wolno\u009cci PAP Tomasz Gzell  \/bp\/\" width=\"450\" height=\"600\" srcset=\"\/hartman\/wp-content\/uploads\/2015\/11\/kuron.jpeg 450w, \/hartman\/wp-content\/uploads\/2015\/11\/kuron-225x300.jpeg 225w\" sizes=\"(max-width: 450px) 100vw, 450px\" \/><\/a><p id=\"caption-attachment-1292\" class=\"wp-caption-text\">Warszawa 20.04.2002 Jacek Kuro\u00f1 , polityk, publicysta, by\u00b3y minister pracy i polityki socjalnej , cz\u00b3onek Unii Wolno\u009cci<br \/>PAP Tomasz Gzell<br \/>\/bp\/<\/p><\/div>\n","protected":false},"excerpt":{"rendered":"<p>Gdy ojczyzna jest w potrzebie, wi\u0119kszo\u015b\u0107 ostro\u017cnie wyczekuje, co te\u017c si\u0119 wydarzy. Tak jest wsz\u0119dzie.<\/p>\n","protected":false},"author":3,"featured_media":0,"comment_status":"open","ping_status":"closed","sticky":false,"template":"","format":"standard","meta":{"footnotes":""},"categories":[4,5,18,95,6],"tags":[97,302],"_links":{"self":[{"href":"https:\/\/blog.polityka.pl\/hartman\/wp-json\/wp\/v2\/posts\/1289"}],"collection":[{"href":"https:\/\/blog.polityka.pl\/hartman\/wp-json\/wp\/v2\/posts"}],"about":[{"href":"https:\/\/blog.polityka.pl\/hartman\/wp-json\/wp\/v2\/types\/post"}],"author":[{"embeddable":true,"href":"https:\/\/blog.polityka.pl\/hartman\/wp-json\/wp\/v2\/users\/3"}],"replies":[{"embeddable":true,"href":"https:\/\/blog.polityka.pl\/hartman\/wp-json\/wp\/v2\/comments?post=1289"}],"version-history":[{"count":5,"href":"https:\/\/blog.polityka.pl\/hartman\/wp-json\/wp\/v2\/posts\/1289\/revisions"}],"predecessor-version":[{"id":1295,"href":"https:\/\/blog.polityka.pl\/hartman\/wp-json\/wp\/v2\/posts\/1289\/revisions\/1295"}],"wp:attachment":[{"href":"https:\/\/blog.polityka.pl\/hartman\/wp-json\/wp\/v2\/media?parent=1289"}],"wp:term":[{"taxonomy":"category","embeddable":true,"href":"https:\/\/blog.polityka.pl\/hartman\/wp-json\/wp\/v2\/categories?post=1289"},{"taxonomy":"post_tag","embeddable":true,"href":"https:\/\/blog.polityka.pl\/hartman\/wp-json\/wp\/v2\/tags?post=1289"}],"curies":[{"name":"wp","href":"https:\/\/api.w.org\/{rel}","templated":true}]}}