
{"id":1308,"date":"2015-12-12T16:34:07","date_gmt":"2015-12-12T15:34:07","guid":{"rendered":"http:\/\/hartman.blog.polityka.pl\/?p=1308"},"modified":"2015-12-12T16:56:29","modified_gmt":"2015-12-12T15:56:29","slug":"zatkalo-kakao-tow-kaczynski","status":"publish","type":"post","link":"https:\/\/blog.polityka.pl\/hartman\/2015\/12\/12\/zatkalo-kakao-tow-kaczynski\/","title":{"rendered":"Zatka\u0142o kakao, tow. Kaczy\u0144ski?"},"content":{"rendered":"<p>I co, towarzyszu Jaros\u0142awie, niedosz\u0142y \u201eemerytowany zbawco narodu\u201d, jakim chcia\u0142by\u015b si\u0119 wedle w\u0142asnych s\u0142\u00f3w wiedzie\u0107, od 12. roku \u017cycia marz\u0105cy (jak sam wyznajesz) o byciu premierem?<br \/>\n<!--more--><br \/>\nMarzenie o w\u0142adzy absolutnej si\u0119 spe\u0142ni\u0142o, tylko nar\u00f3d przeszkadza, co? Nie jest tak \u0142atwo wzi\u0105\u0107 ten krn\u0105brny lud za pyski, prawda? Nie wystarczy brudny uk\u0142ad z Rydzykiem (od kt\u00f3rego dosta\u0142e\u015b w\u0142a\u015bnie kopa), podporz\u0105dkowanie sobie faszystowskich boj\u00f3wek i obsadzenie wszystkiego, co si\u0119 da, by\u0142ymi konfidentami bezpieki, obro\u0144cami pedofil\u00f3w, lud\u017ami z wyrokami wi\u0119zienia i s\u0142ugusami gotowymi bez mrugni\u0119cia okiem wykona\u0107 ka\u017cdy rozkaz Naczelnika. Ju\u017c nie wystarcz\u0105 krucjaty r\u00f3\u017ca\u0144cowe i wygolone \u0142by z racami, \u017ceby przegoni\u0107 obywateli, kt\u00f3rzy nie chc\u0105 komuny ani twojego Bezprawia i Niesprawiedliwo\u015bci!<\/p>\n<p>Demokratyczna Polska nie da\u0142a si\u0119 og\u0142uszy\u0107 i wystraszy\u0107 waszym blitzkiriegiem. Wasza bezczelno\u015b\u0107 i szyderstwo \u201emam w\u0142adz\u0119 i co mi zrobicie?\u201d napotyka realny op\u00f3r. Nie tak mia\u0142o by\u0107, prawda? My\u015bla\u0142e\u015b, \u017ce przez ulice Warszawy przez par\u0119 latek truchta\u0107 b\u0119dzie kilkuset inteligent\u00f3w w asy\u015bcie waszych boj\u00f3wek rycz\u0105cych \u201eprecz z komun\u0105!\u201d i na tym si\u0119 op\u00f3r narodu sko\u0144czy? Mia\u0142a by\u0107 wojna karpia ze \u015bwi\u0119tami, a jest rewolucja!<\/p>\n<p>Dzi\u015b przesz\u0142o ulicami Warszawy 50 tysi\u0119cy obywateli w prote\u015bcie przeciwko dyktaturze Kaczy\u0144skiego i niszczeniu dorobku 25 lat demokracji. Ale to dopiero pocz\u0105tek! Spr\u00f3bujcie teraz wyrzuca\u0107 ludzi z pracy, wsadza\u0107 do wi\u0119zienia, zdejmowa\u0107 przedstawienia teatralne i urz\u0105dza\u0107 rewizje w redakcjach gazet.<\/p>\n<p>Tu nie Bia\u0142oru\u015b, towarzyszu! To nie przejdzie! Dzisiejsze 50 tysi\u0119cy to jedynie ma\u0142y pokaz si\u0142y demokratycznego spo\u0142ecze\u0144stwa, ledwie zapowied\u017a tego, co b\u0119dzie, gdy posuniesz si\u0119 dalej w niszczeniu pa\u0144stwa, cenzurze, represjach i agresywnej ideologizacji przestrzeni publicznej. Dzi\u015b jest nas 50 tysi\u0119cy, jutro milion!<\/p>\n<p>Jeszcze Polska nie zgin\u0119\u0142a, a komuna nie wr\u00f3ci! Za to miejsce dyktator\u00f3w, kt\u00f3rzy wiedz\u0105 najlepiej, co jest dobre, pomagaj\u0105c sobie przymusem i represjami we wcielaniu swej jedynie s\u0142usznej racji, jest na \u015bmietniku historii. Emerytowanym zbawc\u0105 Polski nie b\u0119dziesz, ale wci\u0105\u017c jeszcze masz szans\u0119 nie by\u0107 emerytowanym dyktatorem. Skorzystaj z niej. Czasu zosta\u0142o niewiele!<\/p>\n","protected":false},"excerpt":{"rendered":"<p>I co, towarzyszu Jaros\u0142awie, niedosz\u0142y \u201eemerytowany zbawco narodu\u201d, jakim chcia\u0142by\u015b si\u0119 wedle w\u0142asnych s\u0142\u00f3w wiedzie\u0107, od 12. roku \u017cycia marz\u0105cy (jak sam wyznajesz) o byciu premierem?<\/p>\n","protected":false},"author":3,"featured_media":0,"comment_status":"open","ping_status":"closed","sticky":false,"template":"","format":"standard","meta":{"footnotes":""},"categories":[304,95,6],"tags":[307],"_links":{"self":[{"href":"https:\/\/blog.polityka.pl\/hartman\/wp-json\/wp\/v2\/posts\/1308"}],"collection":[{"href":"https:\/\/blog.polityka.pl\/hartman\/wp-json\/wp\/v2\/posts"}],"about":[{"href":"https:\/\/blog.polityka.pl\/hartman\/wp-json\/wp\/v2\/types\/post"}],"author":[{"embeddable":true,"href":"https:\/\/blog.polityka.pl\/hartman\/wp-json\/wp\/v2\/users\/3"}],"replies":[{"embeddable":true,"href":"https:\/\/blog.polityka.pl\/hartman\/wp-json\/wp\/v2\/comments?post=1308"}],"version-history":[{"count":5,"href":"https:\/\/blog.polityka.pl\/hartman\/wp-json\/wp\/v2\/posts\/1308\/revisions"}],"predecessor-version":[{"id":1314,"href":"https:\/\/blog.polityka.pl\/hartman\/wp-json\/wp\/v2\/posts\/1308\/revisions\/1314"}],"wp:attachment":[{"href":"https:\/\/blog.polityka.pl\/hartman\/wp-json\/wp\/v2\/media?parent=1308"}],"wp:term":[{"taxonomy":"category","embeddable":true,"href":"https:\/\/blog.polityka.pl\/hartman\/wp-json\/wp\/v2\/categories?post=1308"},{"taxonomy":"post_tag","embeddable":true,"href":"https:\/\/blog.polityka.pl\/hartman\/wp-json\/wp\/v2\/tags?post=1308"}],"curies":[{"name":"wp","href":"https:\/\/api.w.org\/{rel}","templated":true}]}}