
{"id":1363,"date":"2016-01-09T19:52:37","date_gmt":"2016-01-09T18:52:37","guid":{"rendered":"http:\/\/hartman.blog.polityka.pl\/?p=1363"},"modified":"2016-01-09T21:19:00","modified_gmt":"2016-01-09T20:19:00","slug":"a-wiec-bojkot","status":"publish","type":"post","link":"https:\/\/blog.polityka.pl\/hartman\/2016\/01\/09\/a-wiec-bojkot\/","title":{"rendered":"A wi\u0119c: bojkot!"},"content":{"rendered":"<p>Podczas warszawskiej demonstracji w obronie medi\u00f3w publicznych Ewa Wanat wezwa\u0142a wszystkich dziennikarzy pracuj\u0105cych w TVP i PR do strajku pe\u0142nego (zaprzestania tworzenia i nadawania program\u00f3w), a spo\u0142ecze\u0144stwo do biernego i czynnego bojkotu tych medi\u00f3w: nieprzyjmowania zaprosze\u0144 do program\u00f3w i nieogl\u0105dania ich w telewizji ani nies\u0142uchania w radiu.<br \/>\n<!--more--><br \/>\nDo strajku jeszcze daleko \u2013 dzi\u015b trudno go sobie wyobrazi\u0107. Jednak wezwanie do bojkotu ma natychmiastow\u0105 skuteczno\u015b\u0107 w odniesieniu do tzw. go\u015bci, czyli os\u00f3b zapraszanych do program\u00f3w radia i telewizji. Zn\u00f3w, jak w stanie wojennym, ka\u017cda z tych os\u00f3b musi sobie odpowiedzie\u0107 na pytanie o sw\u00f3j stosunek do bojkotu. Postawiono barykad\u0119 i trzeba si\u0119 odnale\u017a\u0107 po kt\u00f3rej\u015b ze stron. Odpowiedzialno\u015b\u0107 za to wzi\u0119\u0142a na siebie w\u0142a\u015bnie Ewa Wanat. Czy chcemy czy nie, musimy si\u0119 na co\u015b zdecydowa\u0107. M\u00f3wi\u0119 \u201emy\u201d, cho\u0107 akurat osobi\u015bcie \u017cadnego zaproszenia do programu telewizji PiS si\u0119 nie spodziewam. Mimo to solidaryzuj\u0119 si\u0119 z tymi, kt\u00f3rzy b\u0119d\u0105 musieli teraz wybiera\u0107.<\/p>\n<p>Owszem, jest pokusa \u201etrzeciej opcji\u201d: b\u0119d\u0119 chodzi\u0142, chodzi\u0142a, ale po to, by krytykowa\u0107 rz\u0105d i broni\u0107 wolno\u015bci. Znam te my\u015bli \u2013 wiele razy sam bra\u0142em udzia\u0142 w skrajnie manipulatorskich narodowo-katolickich programach Jana Pospieszalskiego \u201eWarto rozmawia\u0107\u201d. Tyle \u017ce wtedy \u2013 pomimo niskich standard\u00f3w, kt\u00f3rych dowodem by\u0142 mi\u0119dzy innymi \u00f3w program \u2013 media publiczne chronione by\u0142y ustaw\u0105, dzi\u0119ki czemu przynajmniej cz\u0119\u015bciowo mog\u0142y sobie pozwoli\u0107 na niezale\u017cny i krytyczny wobec rz\u0105du s\u0105d, tak \u017ce z odrobin\u0105 kurtuazyjnej przesady zas\u0142ugiwa\u0142y jeszcze na miano medi\u00f3w publicznych.<\/p>\n<p>Dzi\u015b konstrukcja medi\u00f3w publicznych zosta\u0142a brutalnie obalona, a w ich miejsce powsta\u0142y media rz\u0105dowe. Rz\u0105dowe <em>oficjalnie<\/em> (tak jak dot\u0105d by\u0142y <em>oficjalnie<\/em> publiczne, a w praktyce nie do ko\u0144ca), bo w rzeczywisto\u015bci s\u0105 to media partyjne, poddane ca\u0142kowitej i bezwarunkowej kontroli partii i jej wodza, a tym samym bezwzgl\u0119dnie podporz\u0105dkowane celom politycznym obozu rz\u0105dz\u0105cego.<\/p>\n<p>Bior\u0105c pod uwag\u0119 t\u0119 zasadnicz\u0105 r\u00f3\u017cnic\u0119, odradza\u0142bym czynienie sobie z\u0142udze\u0144 i usprawiedliwianie w\u0142asnego udzia\u0142u w propagandowej manipulacji przez s\u0142uszn\u0105 tre\u015b\u0107 wyg\u0142aszanych przez siebie na antenie s\u0142\u00f3w. Chodzenie do telewizji b\u0119dzie odt\u0105d znaczy\u0142o odgrywanie roli po\u017cytecznego idioty, manipulowanego przez partyjnego propagandyst\u0119, maj\u0105cego za zadanie najpierw zak\u0142amanie samego siebie, czyli wm\u00f3wienie sobie, \u017ce robi uczciwe media, a nast\u0119pnie ok\u0142amanie opinii publicznej rzekomym pluralizmem opinii.<\/p>\n<p>Gdy media s\u0105 w r\u0119kach rz\u0105du, bezpo\u015brednio nimi steruj\u0105cych, wszystko, co si\u0119 w nich dzieje, jest tylko teatrem propagandy i mydleniem oczu. Ka\u017cdy dziennikarz pracuj\u0105cy dla re\u017cimu \u2013 nawet w roli wytw\u00f3rcy pozor\u00f3w pluralizmu opinii i rzetelno\u015bci informacji \u2013 my\u015bli tylko o jednym: jak nie podpa\u015b\u0107 partyjnym w\u0142adzom i nie wylecie\u0107 z roboty. A wylecie\u0107 mo\u017ce na jeden telefon z Nowogrodzkiej. I niech znajdzie si\u0119 taki m\u0105dry, kto odwa\u017cy si\u0119 powiedzie\u0107, \u017ce to nieprawda, \u017ce to oszczerstwo.<\/p>\n<p>Czy\u017cby? Mo\u017ce jaki\u015b dygnitarz \u201epartyjny i pa\u0144stwowy\u201d znajdzie t\u0119 \u015bmia\u0142o\u015b\u0107, by powiedzie\u0107 publicznie, \u017ce gdyby od Kaczy\u0144skiego zadzwonili z \u017c\u0105daniem usuni\u0119cia jakiej\u015b \u201ema\u0142py w czerwonym\u201d, to prezes Kurski zwleka\u0142by z tym cho\u0107by trzy dni? B\u0119d\u0105 ch\u0119tni do obrony takiej tezy? No w\u0142a\u015bnie \u2013 dlatego, \u017ce teza ta jest prawdziwa, \u017caden program spo\u0142eczno-polityczny\u00a0TVP i PR nie b\u0119dzie ju\u017c niczym wi\u0119cej ni\u017c propagandow\u0105 atrap\u0105 wolnych medi\u00f3w. Zreszt\u0105 nie przypuszczam, aby PiS chcia\u0142o si\u0119 za du\u017co tych atrap produkowa\u0107. Udawanie liberalizmu jest r\u00f3wnie trudne jak udawanie mi\u0142o\u015bci i przynosi tak samo mizerne efekty.<\/p>\n<p>Wezwanie nas przez red. Wanat do bojkotu medi\u00f3w PiS by\u0142o potrzebne i podbudowane etyczn\u0105 i obywatelsk\u0105 motywacj\u0105. Przyjmuj\u0119 je w ca\u0142ej rozci\u0105g\u0142o\u015bci. Nie b\u0119d\u0119 ogl\u0105da\u0142 program\u00f3w TVP, a s\u0142uchanie radia ogranicz\u0119 do Programu II, gdzie jak na razie prawie nie ma polityki i propagandy. Mam nadziej\u0119, \u017ce inni w spos\u00f3b naturalny z czasem uczyni\u0105 to samo.<\/p>\n<p>Za jaki\u015b czas medi\u00f3w PiS s\u0142ucha\u0107 b\u0119dzie PiS. A gdy wr\u00f3ci do Polski demokracja, wr\u00f3c\u0105 i wolne media. Tylko \u017ce wtedy ma\u0142o kto b\u0119dzie si\u0119 tym interesowa\u0142. Bo telewizja w\u0142a\u015bnie prze\u017cywa sw\u00f3j zmierzch, a wraz z tym zmierzcha te\u017c pi\u0119kna idea medi\u00f3w publicznych. Tak jak nie ma ju\u017c ani rz\u0105dowych, ani \u201epublicznych\u201d gazet, za dwadzie\u015bcia lat nie b\u0119dzie ju\u017c ani rz\u0105dowych, ani publicznych kana\u0142\u00f3w TV. Jest w tym zreszt\u0105 jakie\u015b pocieszenie. Lecz tymczasem: piloty w d\u0142o\u0144!<\/p>\n","protected":false},"excerpt":{"rendered":"<p>Podczas warszawskiej demonstracji w obronie medi\u00f3w publicznych Ewa Wanat wezwa\u0142a wszystkich dziennikarzy pracuj\u0105cych w TVP i PR do strajku pe\u0142nego (zaprzestania tworzenia i nadawania program\u00f3w), a spo\u0142ecze\u0144stwo do biernego i czynnego bojkotu tych medi\u00f3w: nieprzyjmowania zaprosze\u0144 do program\u00f3w i nieogl\u0105dania ich w telewizji ani nies\u0142uchania w radiu.<\/p>\n","protected":false},"author":3,"featured_media":0,"comment_status":"open","ping_status":"closed","sticky":false,"template":"","format":"standard","meta":{"footnotes":""},"categories":[304,308,18,95,6],"tags":[324,271,323],"_links":{"self":[{"href":"https:\/\/blog.polityka.pl\/hartman\/wp-json\/wp\/v2\/posts\/1363"}],"collection":[{"href":"https:\/\/blog.polityka.pl\/hartman\/wp-json\/wp\/v2\/posts"}],"about":[{"href":"https:\/\/blog.polityka.pl\/hartman\/wp-json\/wp\/v2\/types\/post"}],"author":[{"embeddable":true,"href":"https:\/\/blog.polityka.pl\/hartman\/wp-json\/wp\/v2\/users\/3"}],"replies":[{"embeddable":true,"href":"https:\/\/blog.polityka.pl\/hartman\/wp-json\/wp\/v2\/comments?post=1363"}],"version-history":[{"count":5,"href":"https:\/\/blog.polityka.pl\/hartman\/wp-json\/wp\/v2\/posts\/1363\/revisions"}],"predecessor-version":[{"id":1369,"href":"https:\/\/blog.polityka.pl\/hartman\/wp-json\/wp\/v2\/posts\/1363\/revisions\/1369"}],"wp:attachment":[{"href":"https:\/\/blog.polityka.pl\/hartman\/wp-json\/wp\/v2\/media?parent=1363"}],"wp:term":[{"taxonomy":"category","embeddable":true,"href":"https:\/\/blog.polityka.pl\/hartman\/wp-json\/wp\/v2\/categories?post=1363"},{"taxonomy":"post_tag","embeddable":true,"href":"https:\/\/blog.polityka.pl\/hartman\/wp-json\/wp\/v2\/tags?post=1363"}],"curies":[{"name":"wp","href":"https:\/\/api.w.org\/{rel}","templated":true}]}}