
{"id":1410,"date":"2016-02-05T21:36:29","date_gmt":"2016-02-05T20:36:29","guid":{"rendered":"http:\/\/hartman.blog.polityka.pl\/?p=1410"},"modified":"2016-02-05T21:46:27","modified_gmt":"2016-02-05T20:46:27","slug":"jak-kaczynski-z-kormoranem-gadali","status":"publish","type":"post","link":"https:\/\/blog.polityka.pl\/hartman\/2016\/02\/05\/jak-kaczynski-z-kormoranem-gadali\/","title":{"rendered":"Jak Kaczy\u0144ski z Kormoranem gadali\u2026"},"content":{"rendered":"<p>Po sieci kr\u0105\u017cy arcyzabawne nagranie, w kt\u00f3rym David Cameron zostawszy na chwil\u0119 sam na sam z Jaros\u0142awem Kaczy\u0144skim, zaczyna do niego co\u015b m\u00f3wi\u0107, a ten wpada w panik\u0119, bo nic nie kuma. Na szcz\u0119\u015bcie po kilkunastu sekundach sytuacj\u0119 uratowa\u0142a pani t\u0142umaczka.<br \/>\n<!--more--><br \/>\nOto jak mog\u0142a wygl\u0105da\u0107 ich rozmowa:<\/p>\n<p>&#8211; Pan z Anglii, m\u0142ody cz\u0142owieku?<br \/>\n&#8211; W zasadzie z Wielkiej Brytanii. Jestem premierem. Nazywam si\u0119 Cameron. David Cameron.<br \/>\n&#8211; No i czym mog\u0119 panu s\u0142u\u017cy\u0107?<br \/>\n&#8211; Ja w sprawie tych zasi\u0142k\u00f3w.<br \/>\n&#8211; Jakich zasi\u0142k\u00f3w?<br \/>\n&#8211; Mamy du\u017co Polak\u00f3w, kt\u00f3rzy pobieraj\u0105 w Wielkiej Brytanii zasi\u0142ki na dzieci i wysy\u0142aj\u0105 je do Polski.<br \/>\n&#8211; Dzieci czy zasi\u0142ki wysy\u0142aj\u0105?<br \/>\n&#8211; No, jedno i drugie. To nie do ko\u0144ca nam odpowiada, bo zasi\u0142ki s\u0105 w zasadzie dla mieszka\u0144c\u00f3w Zjednoczonego Kr\u00f3lestwa.<br \/>\n&#8211; No i w czym mog\u0119 panu pom\u00f3c?<br \/>\n&#8211; Chodzi\u0142oby o jakie\u015b rozwi\u0105zanie, \u017ceby jako\u015b to mo\u017ce ograniczy\u0107?<br \/>\n&#8211; A wy wychodzicie z tej Unii, bo co\u015b s\u0142ysza\u0142em?<br \/>\n&#8211; No, to zale\u017cy\u2026 Mi\u0119dzy innymi od spraw socjalnych\u2026 Nasz system ju\u017c nie wytrzymuje obci\u0105\u017ce\u0144\u2026<br \/>\n&#8211; To co ja mam z pa\u0144skimi zasi\u0142kami zrobi\u0107? Nabrali\u015bcie sobie dzieci, to s\u0105 zasi\u0142ki.<br \/>\n&#8211; No, ale te dzieci s\u0105 w Polsce, a tu s\u0105 inne ceny.<br \/>\n&#8211; Wasze ceny to wasz problem, m\u0142ody cz\u0142owieku. Co jeszcze mog\u0119 dla pana zrobi\u0107?<br \/>\n&#8211; Chcieliby\u015bmy, \u017ceby Polska popar\u0142a nasze propozycje w zakresie uregulowania stosunk\u00f3w Zjednoczonego Kr\u00f3lestwa z Uni\u0105. Podobne rozwi\u0105zania mo\u017cna by zastosowa\u0107 r\u00f3wnie\u017c do Polski.<br \/>\n&#8211; \u017beby\u015bmy na angielskie dzieci nie p\u0142acili zasi\u0142k\u00f3w?<br \/>\n&#8211; No, na przyk\u0142ad.<br \/>\n&#8211; A co na to Merkel?<br \/>\n&#8211; No, tu mamy troch\u0119 problem.<br \/>\n&#8211; To dobrze, poprzemy. A Tusk?<br \/>\n&#8211; No, pan prezydent Tusk podsun\u0105\u0142 interesuj\u0105cy projekt kompromisu. W\u0142a\u015bnie chcia\u0142bym si\u0119 na nim skoncentrowa\u0107\u2026<br \/>\n&#8211; Jaki prezydent? Czego prezydentem jest pan Tusk? Mo\u017ce Dagestanu? He, he.<br \/>\n&#8211; No, pan Tusk jest przewodnicz\u0105cym Rady Europejskiej\u2026 Panowie chyba niezbyt si\u0119 lubi\u0105\u2026<br \/>\n&#8211; Aha, \u017ale zrozumia\u0142em. Pani t\u0142umaczka m\u00f3wi\u0142a o jakim\u015b \u201eprezydencie\u201d. Jak pan ju\u017c rozmawia\u0142 z Tuskiem, to czego jeszcze pan chce ode mnie?<br \/>\n&#8211; C\u00f3\u017c, staram si\u0119 o poparcie wa\u017cnych przyw\u00f3dc\u00f3w europejskich\u2026<br \/>\n&#8211; Ja nie jestem \u017cadnym przyw\u00f3dc\u0105 europejskim, m\u0142ody cz\u0142owieku. Prosz\u0119 rozmawia\u0107 z pani\u0105 Szyd\u0142o. Ona jest premierem.<br \/>\n&#8211; No tak, ale\u2026<br \/>\n&#8211; Nie ma \u201eale\u201d, panie Kormoran. Dzieci i zasi\u0142ki pozostan\u0105 na swoich miejscach, a co do poparcia, to nic nie mog\u0119 panu obieca\u0107, bo nie mam do tego plenipotencji.<br \/>\n&#8211; Rozumiem. Mam nadziej\u0119, \u017ce pani premier oka\u017ce otwarto\u015b\u0107. Czy b\u0119dzie pan z ni\u0105 rozmawia\u0142 o naszym problemie?<br \/>\n&#8211; O tych zasi\u0142kach na dzieci? Dobrze, porozmawiam z ni\u0105. Chodzi o te 500 z\u0142otych, tak? Tylko niech pan nie idzie do \u017cadnego Wa\u0142\u0119sy, Schetyny ani innej, no nie chc\u0119 u\u017cywa\u0107 s\u0142\u00f3w\u2026<br \/>\n&#8211; Konflikt mi\u0119dzy rz\u0105dem i opozycj\u0105 to oczywi\u015bcie wewn\u0119trzna sprawa Polski.<br \/>\n&#8211; Nie ma \u017cadnego konfliktu! To swo\u0142ocz jest komunistyczna! Zapami\u0119taj pan \u2013 swo\u0142ocz! Wy musicie si\u0119 na co\u015b zdecydowa\u0107! Albo pan rozmawia z Polakami, czyli z reprezentacj\u0105 narodu, albo z Tuskiem i Schetyn\u0105. Oczekujemy od Anglii rozs\u0105dku. Mam nadziej\u0119, \u017ce si\u0119 rozumiemy, m\u0142ody cz\u0142owieku.<br \/>\n&#8211; Tak, doskonale, panie prezesie. Czyli my dajemy 500 z\u0142 na dziecko, a pani Szyd\u0142o zaproponuje plan Tuska, czyli Szyd\u0142o.<br \/>\n&#8211; Dobrze si\u0119 rozmawia z rozs\u0105dnymi lud\u017ami, panie Kormoran.<br \/>\n&#8211; Ciesz\u0119 si\u0119 ogromnie z wynik\u00f3w naszych rozm\u00f3w. Do widzenia, panie prezesie.<br \/>\n&#8211; No, guten Morgen, guten Morgen, panie Kormoran.<\/p>\n","protected":false},"excerpt":{"rendered":"<p>Po sieci kr\u0105\u017cy arcyzabawne nagranie, w kt\u00f3rym David Cameron zostawszy na chwil\u0119 sam na sam z Jaros\u0142awem Kaczy\u0144skim, zaczyna do niego co\u015b m\u00f3wi\u0107, a ten wpada w panik\u0119, bo nic nie kuma. Na szcz\u0119\u015bcie po kilkunastu sekundach sytuacj\u0119 uratowa\u0142a pani t\u0142umaczka.<\/p>\n","protected":false},"author":3,"featured_media":0,"comment_status":"open","ping_status":"closed","sticky":false,"template":"","format":"standard","meta":{"footnotes":""},"categories":[304,306],"tags":[337],"_links":{"self":[{"href":"https:\/\/blog.polityka.pl\/hartman\/wp-json\/wp\/v2\/posts\/1410"}],"collection":[{"href":"https:\/\/blog.polityka.pl\/hartman\/wp-json\/wp\/v2\/posts"}],"about":[{"href":"https:\/\/blog.polityka.pl\/hartman\/wp-json\/wp\/v2\/types\/post"}],"author":[{"embeddable":true,"href":"https:\/\/blog.polityka.pl\/hartman\/wp-json\/wp\/v2\/users\/3"}],"replies":[{"embeddable":true,"href":"https:\/\/blog.polityka.pl\/hartman\/wp-json\/wp\/v2\/comments?post=1410"}],"version-history":[{"count":3,"href":"https:\/\/blog.polityka.pl\/hartman\/wp-json\/wp\/v2\/posts\/1410\/revisions"}],"predecessor-version":[{"id":1413,"href":"https:\/\/blog.polityka.pl\/hartman\/wp-json\/wp\/v2\/posts\/1410\/revisions\/1413"}],"wp:attachment":[{"href":"https:\/\/blog.polityka.pl\/hartman\/wp-json\/wp\/v2\/media?parent=1410"}],"wp:term":[{"taxonomy":"category","embeddable":true,"href":"https:\/\/blog.polityka.pl\/hartman\/wp-json\/wp\/v2\/categories?post=1410"},{"taxonomy":"post_tag","embeddable":true,"href":"https:\/\/blog.polityka.pl\/hartman\/wp-json\/wp\/v2\/tags?post=1410"}],"curies":[{"name":"wp","href":"https:\/\/api.w.org\/{rel}","templated":true}]}}