
{"id":1414,"date":"2016-02-10T19:26:01","date_gmt":"2016-02-10T18:26:01","guid":{"rendered":"http:\/\/hartman.blog.polityka.pl\/?p=1414"},"modified":"2016-02-10T21:37:40","modified_gmt":"2016-02-10T20:37:40","slug":"kaczynski-trump-i-rewolucja-prostych-ludzi","status":"publish","type":"post","link":"https:\/\/blog.polityka.pl\/hartman\/2016\/02\/10\/kaczynski-trump-i-rewolucja-prostych-ludzi\/","title":{"rendered":"Kaczy\u0144ski, Trump i rewolucja prostych ludzi"},"content":{"rendered":"<p>Nasz los znalaz\u0142 si\u0119 w r\u0119kach Jaros\u0142awa Kaczy\u0144skiego i jego pomocnik\u00f3w. By\u0107 mo\u017ce wkr\u00f3tce znajdzie si\u0119 r\u00f3wnie\u017c w r\u0119kach niejakiego Donalda Trumpa.<br \/>\n<!--more--><br \/>\nCzy mie\u015bci si\u0119 to Wam w g\u0142owach? Nie? No to ju\u017c Wasz problem. Mnie rozum podpowiada, \u017ce jak co\u015b nie mie\u015bci mi si\u0119 w g\u0142owie, to musi si\u0119 zdarzy\u0107. Dlatego na zimno kalkuluj\u0119, \u017ce Donald Trump zostanie prezydentem USA.<\/p>\n<p>Jeste\u015bmy dzi\u015b zak\u0142adnikami Kaczy\u0144skiego i Putina \u2013 b\u0119dziemy jeszcze i Trumpa. C\u00f3\u017c w tym dziwnego, \u017ce \u015bwiat, kt\u00f3rym zawsze w\u0142adali ludzie mierni i nierzadko zaburzeni, a tylko w ostatnich, powojennych dekadach by\u0142o jakby nieco lepiej, wraca do normy?<\/p>\n<p>\u017beby poj\u0105\u0107, z czym mamy do czynienia i oszacowa\u0107 ryzyko, trzeba zrozumie\u0107 ludzi, kt\u00f3rzy nami rz\u0105dz\u0105. Przenikn\u0105\u0107 ich mentalno\u015b\u0107 i okre\u015bli\u0107 stopie\u0144 zepsucia przez w\u0142adz\u0119. Dotrze\u0107 do ich \u015bwiatopogl\u0105du, l\u0119k\u00f3w i kompleks\u00f3w. Zakre\u015bli\u0107 horyzont, w kt\u00f3rym mie\u015bci si\u0119 ich wiedza i wyobra\u017cenia o \u015bwiecie. Oto ma\u0142e prolegomena do takiej charakterystyki.<\/p>\n<p>Kaczy\u0144ski i Macierewicz s\u0105 lud\u017ami wykszta\u0142conymi. Podobnie Beata Szyd\u0142o. Byli\u015bmy doktorantami tego samego wydzia\u0142u, w tym samym okresie. Studiuj\u0105c w tym samym budynku, musieli\u015bmy si\u0119 zna\u0107 cho\u0107by z widzenia. Nie pami\u0119tam jej, ale nie mog\u0119 sobie wyobrazi\u0107 czego\u015b takiego jak nieinteligentny doktorant na Wydziale Filozoficznym UJ w pierwszej po\u0142owie lat 90. To by\u0142o (i w du\u017cym stopniu nadal jest) naprawd\u0119 presti\u017cowe miejsce. Mo\u017ce i nie zrobi\u0142a w ko\u0144cu doktoratu, ale musi mie\u0107 i wykszta\u0142cenie, i inteligencj\u0119.<\/p>\n<p>W takim razie dlaczego mo\u017ce zachowywa\u0107 si\u0119 i m\u00f3wi\u0107 jak prosty cz\u0142owiek? Czy to jaka\u015b poza? Wym\u00f3g kulturowy prza\u015bnego drobnomieszcza\u0144skiego \u015brodowiska, kt\u00f3re tworzy Parti\u0119? Kamufla\u017c? A mo\u017ce min\u0119\u0142o ju\u017c wiele lat i ca\u0142a ta inteligencka aura z ulicy Grodzkiej w Krakowie po prostu si\u0119 rozwia\u0142a? To dla mnie zagadka.<\/p>\n<p>W ka\u017cdym razie gdy s\u0142ysz\u0119 o wspania\u0142ej demokratycznej propozycji Beaty Szyd\u0142o, by partie podzieli\u0142y si\u0119 miejscami w Trybunale Konstytucyjnym, to mam sk\u0142onno\u015b\u0107 przypuszcza\u0107, \u017ce ona jednak cynicznie sobie kpi. Bo czy absolwent UJ mo\u017ce nie wiedzie\u0107, co to jest podzia\u0142 w\u0142adzy, co to jest niezale\u017cna w\u0142adza s\u0105downicza, kontrolna funkcja trybuna\u0142u, niezawis\u0142o\u015b\u0107 s\u0119dziowska itp.? To raczej niemo\u017cliwe, \u017ceby Szyd\u0142o by\u0142a tak g\u0142upia\u2026<\/p>\n<p>Z tej samej ulicy Grodzkiej, spod numeru 52, pochodzi dw\u00f3ch innych akolit\u00f3w Kaczy\u0144skiego. Ryszard Legutko jest profesorem w Instytucie Filozofii. Z biegiem lat z liberalnego konserwatysty przeistoczonym w nacjonalist\u0119, niestroni\u0105cego od populistycznej retoryki partyjnych \u201eprzekaz\u00f3w dnia\u201d. Studentem tego samego instytutu by\u0142 te\u017c Jaros\u0142aw Gowin, niegdy\u015b \u015bwiecki libera\u0142. Kilka mniej znanych os\u00f3b z kr\u0119g\u00f3w obecnej w\u0142adzy r\u00f3wnie\u017c przez \u201eGrodzk\u0105\u201d si\u0119 przewija\u0142o. A jak nie przez Grodzk\u0105, to przez poblisk\u0105 Go\u0142\u0119bi\u0105 i Olszewskiego, czyli przez histori\u0119, polonistyk\u0119, prawo\u2026<\/p>\n<p>Pami\u0119tam tych ludzi sprzed \u0107wier\u0107 wieku i ci\u0105gle pytam samego siebie, co takiego si\u0119 sta\u0142o, \u017ce tacy fajni i normalni w ko\u0144cu zostali\u2026 Czy by\u0142o co\u015b toksycznego w tym mieszcza\u0144skim ciepe\u0142ku Krakowa i UJ, co po latach zmi\u0119kczy\u0142o im kr\u0119gos\u0142upy, pozwalaj\u0105c zgi\u0105\u0107 si\u0119 tak nisko, by przej\u015b\u0107 w stosownie uni\u017conej pozie przez ma\u0142e drzwiczki prowadz\u0105ce do \u015bwiata partyjnej s\u0142u\u017cby Wodzowi i Ojczy\u017anie? Swoj\u0105 drog\u0105 dlaczego KUL-owcy odpadli z polityki, cho\u0107 w\u0142a\u015bnie tam przyje\u017cd\u017ca\u0142 Kaczy\u0144ski w 1989 roku \u0142owi\u0107 narybek i do dzi\u015b ma oddanych wielbicieli? Dla porz\u0105dku trzeba doda\u0107, \u017ce nie ca\u0142a \u201eGrodzka\u201d jest dzi\u015b z Kaczy\u0144skim. Po tych samych korytarzach chodzi\u0142 i Rokita, i Klich\u2026<\/p>\n<p>No wi\u0119c co oni maj\u0105 w g\u0142owach?! Macierewicz ma cechy paranoika i pope\u0142nia niebezpieczne szale\u0144stwa. Kaczy\u0144ski trzyma go, bo troch\u0119 musi, a troch\u0119 potrzebuje kogo\u015b gotowego na wszystko. W porz\u0105dku. Ale kim ci ludzie s\u0105 tak naprawd\u0119? Macierewicz by\u0142 w m\u0142odo\u015bci komunist\u0105, tworzy\u0142 skrajne, lewe skrzyd\u0142o KOR. Fanatyk Che Guevary przeistoczy\u0142 si\u0119 w fanatyka Tadeusza Rydzyka.<\/p>\n<p>Jak to dzia\u0142a? Czy takie proste poj\u0119cia jak koniunkturalizm, zmiana pogl\u0105d\u00f3w, szczero\u015b\u0107 i ob\u0142uda wystarcz\u0105, \u017ceby to opisa\u0107? Pewnie nie. Pewnie to wszystko jest bardziej pokr\u0119tne. Tak czy inaczej urazy i animozje towarzyskie si\u0119gaj\u0105ce jeszcze lat 70, a wi\u0119c czas\u00f3w KOR, sprawi\u0142y, \u017ce Macierewicz i Kaczy\u0144scy postanowili przej\u015b\u0107 na stron\u0119 ko\u015bcieln\u0105, a w ko\u0144cu endeck\u0105. Zagospodarowali politycznie dzia\u0142k\u0119 \u201epro\u015bci ludzie z ma\u0142ych miast i wsi, pragn\u0105cy, by kto\u015b zrobi\u0142 z <em>tym wszystkim<\/em> porz\u0105dek\u201d. Wzi\u0119li pod swe skrzyd\u0142a sieroty po PRL i stali si\u0119 przyw\u00f3dcami reakcji. W nienawistnym, zimnym sojuszu z Rydzykiem, czyni\u0105c cyniczny machiawelizm i bezwzgl\u0119dny populizm cnot\u0105 i or\u0119\u017cem, dotrwali do momentu, gdy zbieg okoliczno\u015bci wyni\u00f3s\u0142 ich do w\u0142adzy. Wystarczy\u0142o 19 proc. doros\u0142ych Polak\u00f3w, na og\u00f3\u0142 prostych ludzi z ma\u0142ych miejscowo\u015bci, nierozumiej\u0105cych pa\u0144stwa i z dziada pradziada w ch\u0142opskim odruchu nienawidz\u0105cych rz\u0105du, aby dyktatorska w\u0142adza wpad\u0142a w r\u0119ce Kaczy\u0144skiego.<\/p>\n<p>Zacz\u0105\u0142 jej u\u017cywa\u0107, jak ka\u017cdy dyktator bez dystynkcji. Jak ka\u017cdy \u201epu\u0142kownik\u201d, \u201enaczelnik\u201d i inny \u201eprzyw\u00f3dca\u201d. Partia musi sama odgadywa\u0107 jego \u017cyczenia \u2013 nawet te, kt\u00f3rych jeszcze nie ma. L\u0119k, urazy, kompleksy, przes\u0105dy wodza, wzmocnione przez dr\u017c\u0105cy ze strachu i \u017c\u0105dzy stanowisk aparat partyjny do rozmiar\u00f3w tajfunu, staj\u0105 si\u0119 si\u0142\u0105, kt\u00f3ra w pora\u017caj\u0105cym nas tempie zmiata wszystko, co uda\u0142o si\u0119 uczyni\u0107 w ci\u0105gu \u0107wier\u0107wiecza demokracji. Ju\u017c teraz w\u0142a\u015bciwie jeste\u015bmy tam, gdzie byli\u015bmy pod koniec lat 80. Zosta\u0142y nam ju\u017c tylko wybory za trzy i p\u00f3\u0142 roku, ale trudno sobie wyobrazi\u0107, aby Kaczy\u0144ski nie zmieni\u0142 ordynacji w taki spos\u00f3b, \u017ceby g\u0142os mieszka\u0144ca ma\u0142ej miejscowo\u015bci na \u015bcianie wschodniej nie liczy\u0142 si\u0119 znacznie silniej ni\u017c g\u0142os mieszka\u0144ca warszawskiego Osiedla Wilan\u00f3w.<\/p>\n<p>Czy wi\u0119c gdy Kaczy\u0144ski unosi si\u0119 oburzeniem, kiedy m\u00f3wi si\u0119 o niszczeniu demokracji w Polsce, to jest w tym jaka\u015b autentyczno\u015b\u0107? Czy to mo\u017cliwe, \u017ce nie wie, co to jest demokratyczne pa\u0144stwo prawne i jakie s\u0105 jego standardy? Rozmawia\u0142em z Kaczy\u0144skim tylko raz w \u017cyciu, ale to wystarczy, \u017cebym nabra\u0142 przekonania, \u017ce wie. Zdaje sobie spraw\u0119, \u017ce partyjna kontrola nad telewizj\u0105, prokuratur\u0105 i korpusem urz\u0119dniczym, w po\u0142\u0105czeniu z dysfunkcj\u0105 Trybuna\u0142u Konstytucyjnego i szerokimi uprawnieniami s\u0142u\u017cb specjalnych, to standard PRL, czyli pa\u0144stwa autorytarnego. Wie, \u017ce zatrudnianie pociotk\u00f3w i synalk\u00f3w na lukratywnych synekurach to wstr\u0119tny nepotyzm. Wie. Wie, \u017ce mianowanie na szefa s\u0142u\u017cb cz\u0142owieka skazanego za nadu\u017cycie w\u0142adzy jest bezczelno\u015bci\u0105. Wie.<\/p>\n<p>I co? C\u00f3\u017c, chyba uwa\u017ca, \u017ce wyj\u0105tkowo jemu wolno \u2013 wszak w \u201eg\u0142\u0119bi duszy\u201d jest demokrat\u0105. Jakie\u017c to pospolite (u dyktator\u00f3w), je\u015bli w\u0142a\u015bnie tak si\u0119 sprawy maj\u0105\u2026 Poza tym Kaczy\u0144ski wie jeszcze jedno: jest na tyle stary, \u017ce nie doczeka kary. A je\u015bli ju\u017c raz postawi\u0105 mu pomnik, to nie b\u0119dzie komu go obali\u0107. W takich to si\u0119 bodaj\u017ce rozgrywa kategoriach.<\/p>\n<p>A co ze Smole\u0144skiem? Nie mog\u0119 zaakceptowa\u0107 tego, \u017ce Jaros\u0142aw Kaczy\u0144ski b\u0105d\u017a Antoni Macierewicz tak po prostu wierz\u0105 w brednie o zamachu. By\u0107 mo\u017ce maj\u0105 tzw. podw\u00f3jn\u0105 orientacj\u0119? Zw\u0142aszcza Kaczy\u0144ski mo\u017ce tak silnie marzy\u0107 o martyrologicznym rozstrzygni\u0119ciu, \u017ce got\u00f3w jest, znaj\u0105c banaln\u0105 i smutn\u0105 prawd\u0119, jednocze\u015bnie uwierzy\u0107 w bzdury, jakoby \u201ebrzoza musia\u0142aby by\u0107 pancerna\u201d, a \u201erozrzut szcz\u0105tk\u00f3w potwierdza\u0142 wybuch\u201d. Ale czy oni wszyscy s\u0105 tak pro\u015bci, \u017ceby nie widzie\u0107 \u015bmieszno\u015bci w nazywaniu swego bezwzgl\u0119dnego <em>pragnienia<\/em>, aby okaza\u0142o si\u0119, \u017ce by\u0142 zamach, <em>pragnieniem poznania prawdy<\/em>? Przecie\u017c nawet tylko troch\u0119 wykszta\u0142cony cz\u0142owiek rozumie, czym jest obiektywizm, a czym stronniczo\u015b\u0107, czym jest up\u00f3r przy swoich wyobra\u017ceniach, a czym s\u0105 fakty. Czy Kaczy\u0144ski jest w g\u0142\u0119bi duszy prostym cz\u0142owiekiem?<\/p>\n<p>Tak czy inaczej zbieramy dzi\u015b \u017cniwo zaniedba\u0144 dwudziestopi\u0119ciolecia. W ramach zgni\u0142ego kompromisu z endecj\u0105 i ko\u015bcio\u0142em zrezygnowali\u015bmy z wychowania \u015bwiadomego m\u0142odego pokolenia, przywi\u0105zanego do warto\u015bci konstytucyjnych i posiadaj\u0105cego patriotyczn\u0105 \u015bwiadomo\u015b\u0107 obywatelsk\u0105. Oddali\u015bmy szko\u0142y endekom i ko\u015bcio\u0142owi, a ci wychowali nam miliony bezobywatelskich pos\u0142usznych megaloman\u00f3w narodowych i kulturowych o horyzontach w\u0105skich jak szyjka od butelki. A codzienny cynizm polskiej polityki minionego \u0107wier\u0107wiecza pos\u0142u\u017cy\u0142 tzw. prawicy do wzmacniania w ludziach postaw pogardy dla pa\u0144stwa i symbolicznego oddawania si\u0119 we w\u0142adz\u0119 Boga i mitycznej Ojczyzny \u2013 pod piecz\u0105 ko\u015bcio\u0142a i partii \u201eprawdziwych patriot\u00f3w\u201d. Wrzucenie kartki do urny za PiS sta\u0142o si\u0119 dla tych ludzi gestem potwierdzaj\u0105cym ich \u201eswojsko\u015b\u0107\u201d, podobnie jak dawanie na tac\u0119 jest dla nich \u201epolis\u0105 ubezpieczeniow\u0105\u201d na wypadek, gdyby mia\u0142o si\u0119 okaza\u0107, \u017ce naprawd\u0119 \u201eoni\u201d maj\u0105 jakie\u015b chody u Pana Boga.<\/p>\n<p>I to wszystko razem to jest w\u0142a\u015bnie owa s\u0142ynna \u201ewina Tuska\u201d. Owe miliony, kt\u00f3re nie poj\u0119\u0142y, o co chodzi z t\u0105 ca\u0142\u0105 demokracj\u0105 i maj\u0105 dzi\u015b w nosie trybuna\u0142y konstytucyjne, prostytucyjne i co tam jeszcze, wybra\u0142y dzi\u015b sobie ludzi \u201etakich jak oni sami\u201d. Bo te\u017c taka jest ich demokracja \u2013 rz\u0105dzi wi\u0119kszo\u015b\u0107 i robi porz\u0105dki po swojemu, na \u017cadne \u201ekonstytucje\u201d i inne \u201eBruksele\u201d si\u0119 nie ogl\u0105daj\u0105c. Tym jest w\u0142a\u015bnie suwerenno\u015b\u0107 ludu. Ma racj\u0119 Szyd\u0142o \u2013 suweren przem\u00f3wi\u0142.<\/p>\n<p>Wprawdzie by\u0142o tego suwerena tylko 19 proc., ale zawsze. Zwykli pro\u015bci ludzie, ci od piwa, grilla i \u201esz\u0142a dzieweczka\u201d, powiedzieli, \u017ce maj\u0105 do\u015b\u0107 Tuska i chc\u0105 kogo\u015b, kto \u201ezrobi porz\u0105dek\u201d. A niechby i \u201eKaczora\u201d. I tak te\u017c si\u0119 sta\u0142o. Historia zatoczy\u0142a ko\u0142o. Zn\u00f3w mamy koniec kat 80. Tym, co wybrali, nie potrzeba demokracji, r\u00f3wno\u015bci, wolno\u015bci, pa\u0144stwa prawa, transparencji, standard\u00f3w\u2026 Na razie przynajmniej tak im si\u0119 wydaje. Wszak nie ich b\u0119d\u0105 wywala\u0107 z pracy, pods\u0142uchiwa\u0107 i wsadza\u0107\u2026 My\u015bl\u0105, \u017ce polityka polega na tym, \u017ce w\u0142adza \u201ezapewnia\u201d, \u201erobi porz\u0105dek\u201d i \u201ezostawia nas w spokoju\u201d. Niestety, tak nie jest. Przekonaj\u0105 si\u0119 o tym, tak jak niegdy\u015b przekona\u0142a si\u0119 trzecia cz\u0119\u015b\u0107 Polak\u00f3w, obalaj\u0105ca komun\u0119 w wyborach 1989 roku.<\/p>\n<p>Zostali\u015bmy na drugi rok w szkole demokracji. Tylko \u017ce tym razem nikt nie b\u0119dzie nam kibicowa\u0142 ani nam pomaga\u0142. \u015awiat ma wa\u017cniejsze sprawy. A gdy zatrz\u0119sie nim Trump, zrobi si\u0119 nam troch\u0119 wszystko jedno, kto rz\u0105dzi w Warszawie. Bo nasza \u0142upinka, kt\u00f3ra dzi\u015b p\u0142ynie w jak\u0105\u015b surrealistyczn\u0105 dal, popychana przez \u017cagle wzd\u0119te pych\u0105 i paranoj\u0105 prezesa i jego pretorian\u00f3w, zupe\u0142nie straci sterowno\u015b\u0107. Panie, Panowie, lepiej ju\u017c by\u0142o!<\/p>\n","protected":false},"excerpt":{"rendered":"<p>Nasz los znalaz\u0142 si\u0119 w r\u0119kach Jaros\u0142awa Kaczy\u0144skiego i jego pomocnik\u00f3w. By\u0107 mo\u017ce wkr\u00f3tce znajdzie si\u0119 r\u00f3wnie\u017c w r\u0119kach niejakiego Donalda Trumpa.<\/p>\n","protected":false},"author":3,"featured_media":0,"comment_status":"open","ping_status":"closed","sticky":false,"template":"","format":"standard","meta":{"footnotes":""},"categories":[312,304,95,6],"tags":[338],"_links":{"self":[{"href":"https:\/\/blog.polityka.pl\/hartman\/wp-json\/wp\/v2\/posts\/1414"}],"collection":[{"href":"https:\/\/blog.polityka.pl\/hartman\/wp-json\/wp\/v2\/posts"}],"about":[{"href":"https:\/\/blog.polityka.pl\/hartman\/wp-json\/wp\/v2\/types\/post"}],"author":[{"embeddable":true,"href":"https:\/\/blog.polityka.pl\/hartman\/wp-json\/wp\/v2\/users\/3"}],"replies":[{"embeddable":true,"href":"https:\/\/blog.polityka.pl\/hartman\/wp-json\/wp\/v2\/comments?post=1414"}],"version-history":[{"count":3,"href":"https:\/\/blog.polityka.pl\/hartman\/wp-json\/wp\/v2\/posts\/1414\/revisions"}],"predecessor-version":[{"id":1418,"href":"https:\/\/blog.polityka.pl\/hartman\/wp-json\/wp\/v2\/posts\/1414\/revisions\/1418"}],"wp:attachment":[{"href":"https:\/\/blog.polityka.pl\/hartman\/wp-json\/wp\/v2\/media?parent=1414"}],"wp:term":[{"taxonomy":"category","embeddable":true,"href":"https:\/\/blog.polityka.pl\/hartman\/wp-json\/wp\/v2\/categories?post=1414"},{"taxonomy":"post_tag","embeddable":true,"href":"https:\/\/blog.polityka.pl\/hartman\/wp-json\/wp\/v2\/tags?post=1414"}],"curies":[{"name":"wp","href":"https:\/\/api.w.org\/{rel}","templated":true}]}}