
{"id":1740,"date":"2016-08-12T17:26:16","date_gmt":"2016-08-12T15:26:16","guid":{"rendered":"http:\/\/hartman.blog.polityka.pl\/?p=1740"},"modified":"2016-08-12T18:26:15","modified_gmt":"2016-08-12T16:26:15","slug":"order-orla-niebieskiego","status":"publish","type":"post","link":"https:\/\/blog.polityka.pl\/hartman\/2016\/08\/12\/order-orla-niebieskiego\/","title":{"rendered":"Order Or\u0142a Niebieskiego"},"content":{"rendered":"<p>Tak powinno nazywa\u0107 si\u0119 teraz najwy\u017csze odznaczenie pa\u0144stwowe RP. Sta\u0142o si\u0119 ono bowiem, od kiedy Wielkim Mistrzem i Kawalerem Orderu Or\u0142a Bia\u0142ego jest prezydent Andrzej Duda, niczym innym jak tylko form\u0105 podzi\u0119kowania za poparcie dla rz\u0105du.<br \/>\n<!--more--><br \/>\nPrezydent uczyni\u0142 z tego zaszczytnego odznaczenia partyjn\u0105 przypink\u0119 dla os\u00f3b zas\u0142u\u017conych w krzewieniu jedynie s\u0142usznej ideologii narodowo-katolickiej oraz wspieraniu PiS. Degradacja orderu nast\u0105pi\u0142a w momencie, gdy kolejno ca\u0142a kapitu\u0142a (Jerzy Buzek, Aleksander Hall, Krzysztof Penderecki, Henryk Samsonowicz), z wyj\u0105tkiem prezydenta, z\u0142o\u017cy\u0142a rezygnacj\u0119 w prote\u015bcie przeciwko u\u0142askawieniu Mariusza Kami\u0144skiego, zanim zapad\u0142 wyrok s\u0105du, nieprzyj\u0119ciu przysi\u0119gi od trzech ponad wszelk\u0105 w\u0105tpliwo\u015b\u0107 legalnie wybranych s\u0119dzi\u00f3w Trybuna\u0142u Konstytucyjnego i innych narusze\u0144 konstytucji przez Dud\u0119.<\/p>\n<p>Niezra\u017cony katastrof\u0105 kapitu\u0142y, prezydent sam poprzyznawa\u0142 ordery, komu chcia\u0142. Ju\u017c samo to jednoosobowe nadanie order\u00f3w jest dla Or\u0142a Bia\u0142ego poni\u017caj\u0105ce. Wszak godno\u015b\u0107 odznaczenia wywodzi si\u0119 z chwa\u0142y gremium, kt\u00f3re je przyznaje. Pan Andrzej Duda <em>in una persona<\/em> takiej kolektywnej chwa\u0142y \u017cadn\u0105 miar\u0105 nie posiada.<\/p>\n<p>Order by\u0142by jeszcze do uratowania, gdyby nie nazwiska os\u00f3b, kt\u00f3rym go przyznano. Nie s\u0105dz\u0119, \u017ceby dla kogokolwiek by\u0142o obra\u017aliwe stwierdzenie, \u017ce nie zas\u0142uguje na Order Or\u0142a Bia\u0142ego. Sam wszak r\u00f3wnie\u017c na niego z ca\u0142\u0105 pewno\u015bci\u0105 nie zas\u0142uguj\u0119 i nigdy nie zas\u0142u\u017c\u0119. Nie zas\u0142u\u017cyli na niego tako\u017c Kawalerowie i Damy z osobistej nominacji Andrzeja Dudy: Micha\u0142 Kleiber (dobry naukowiec i by\u0142y prezes PAN), Micha\u0142 Lorenc (kompozytor muzyki do prawomy\u015blnych politycznie film\u00f3w, wielokrotnie ju\u017c za to nagradzany),\u00a0Wanda Po\u0142tawska (s\u0142yn\u0105ca nie z jakich\u015b zas\u0142ug, lecz z przyja\u017ani z Janem Paw\u0142em II oraz\u00a0zwalczania wszelkiego prawa do aborcji) i Bronis\u0142aw Wildstein (kt\u00f3remu mo\u017cna przypisa\u0107 wszelkie cechy, lecz na pewno nie rzetelno\u015b\u0107 dziennikarsk\u0105 i bezstronno\u015b\u0107 w stosunku do PiS).<\/p>\n<p>Jaka kapitu\u0142a, tacy Kawalerowie i Damy. \u0141\u0105czy ich jedno \u2013 intensywne popieranie PiS i Ko\u015bcio\u0142a katolickiego. Wyj\u0105tkiem jest mo\u017ce Irena Szewi\u0144ska, kt\u00f3rej zas\u0142ugi dla polskiego sportu s\u0105 faktycznie na medal i order, oraz Zofia Romaszewska, kt\u00f3ra ma wa\u017cn\u0105 kart\u0119 opozycyjn\u0105.<\/p>\n<p>Ostatni etap degradacji Orderu Orla Bia\u0142ego nast\u0105pi\u0142 dzisiaj, razem z uzupe\u0142nieniem przez prezydenta Dud\u0119 sk\u0142adu Kapitu\u0142y. Znalaz\u0142 si\u0119 w niej Micha\u0142 Kleiber i Zofia Romaszewska (przeciwko czemu nie protestuj\u0119), ale tak\u017ce Andrzej Gwiazda, s\u0142yn\u0105cy z obsesyjnej nienawi\u015bci i opluwania Lecha Wa\u0142\u0119sy oraz z serwilizmu w stosunku do Jaros\u0142awa Kaczy\u0144skiego, Micha\u0142 Lorenc, b\u0119d\u0105cy jednym z wielu dobrych polskich muzyk\u00f3w i nikim wi\u0119cej (nie licz\u0105c umi\u0142owania PiS), oraz Bogus\u0142aw Nizie\u0144ski, kt\u00f3ry bezpodstawnie oskar\u017cy\u0142 550 os\u00f3b o wsp\u00f3\u0142prac\u0119 z SB oraz dokona\u0142 groteskowego \u201eexitu\u201d z Kapitu\u0142y Orderu Or\u0142a Bia\u0142ego (za czas\u00f3w Bronis\u0142awa Komorowskiego) z powodu przyznania tego odznaczenia tak pod\u0142emu gadowi i wrogowi Polski, jakim jest, jak wiadomo, Adam Michnik.<\/p>\n<p>By\u0107 mo\u017ce nie czas \u017ca\u0142owa\u0107 r\u00f3\u017c, gdy p\u0142onie las, niemniej nawet gdy p\u0142onie polska konstytucja, wrzucona do ognia przez Jaros\u0142awa Kaczy\u0144skiego i Andrzeja Dud\u0119, \u017cal mi tego biednego or\u0142a, kt\u00f3ry by\u0142 pi\u0119kny i bia\u0142y, a teraz jest brzydki i niebieski. Ile lat up\u0142ynie, zanim otrzymanie Orderu Or\u0142a Bia\u0142ego znowu stanie si\u0119 zaszczytem?<\/p>\n","protected":false},"excerpt":{"rendered":"<p>Tak powinno nazywa\u0107 si\u0119 teraz najwy\u017csze odznaczenie pa\u0144stwowe RP. Sta\u0142o si\u0119 ono bowiem, od kiedy Wielkim Mistrzem i Kawalerem Orderu Or\u0142a Bia\u0142ego jest prezydent Andrzej Duda, niczym innym jak tylko form\u0105 podzi\u0119kowania za poparcie dla rz\u0105du.<\/p>\n","protected":false},"author":3,"featured_media":0,"comment_status":"open","ping_status":"closed","sticky":false,"template":"","format":"standard","meta":{"footnotes":""},"categories":[311,304],"tags":[411],"_links":{"self":[{"href":"https:\/\/blog.polityka.pl\/hartman\/wp-json\/wp\/v2\/posts\/1740"}],"collection":[{"href":"https:\/\/blog.polityka.pl\/hartman\/wp-json\/wp\/v2\/posts"}],"about":[{"href":"https:\/\/blog.polityka.pl\/hartman\/wp-json\/wp\/v2\/types\/post"}],"author":[{"embeddable":true,"href":"https:\/\/blog.polityka.pl\/hartman\/wp-json\/wp\/v2\/users\/3"}],"replies":[{"embeddable":true,"href":"https:\/\/blog.polityka.pl\/hartman\/wp-json\/wp\/v2\/comments?post=1740"}],"version-history":[{"count":3,"href":"https:\/\/blog.polityka.pl\/hartman\/wp-json\/wp\/v2\/posts\/1740\/revisions"}],"predecessor-version":[{"id":1743,"href":"https:\/\/blog.polityka.pl\/hartman\/wp-json\/wp\/v2\/posts\/1740\/revisions\/1743"}],"wp:attachment":[{"href":"https:\/\/blog.polityka.pl\/hartman\/wp-json\/wp\/v2\/media?parent=1740"}],"wp:term":[{"taxonomy":"category","embeddable":true,"href":"https:\/\/blog.polityka.pl\/hartman\/wp-json\/wp\/v2\/categories?post=1740"},{"taxonomy":"post_tag","embeddable":true,"href":"https:\/\/blog.polityka.pl\/hartman\/wp-json\/wp\/v2\/tags?post=1740"}],"curies":[{"name":"wp","href":"https:\/\/api.w.org\/{rel}","templated":true}]}}