
{"id":1821,"date":"2016-09-11T22:03:31","date_gmt":"2016-09-11T20:03:31","guid":{"rendered":"http:\/\/hartman.blog.polityka.pl\/?p=1821"},"modified":"2016-09-19T14:00:42","modified_gmt":"2016-09-19T12:00:42","slug":"119-x-15-pamietamy","status":"publish","type":"post","link":"https:\/\/blog.polityka.pl\/hartman\/2016\/09\/11\/119-x-15-pamietamy\/","title":{"rendered":"11\/9 x 15. Pami\u0119tamy!"},"content":{"rendered":"<p>11 wrze\u015bnia 2001 r. by\u0142em w Davos. Tym samym, kt\u00f3re nie chcia\u0142o s\u0142ysze\u0107 o nadci\u0105gaj\u0105cej katastrofie Wielkiej Wojny.<br \/>\n<!--more--><br \/>\nZ tomem \u201eCzarodziejskiej G\u00f3ry\u201d w r\u0119ku, rumiany i zadowolony wpad\u0142em z grup\u0105 Amerykan\u00f3w, koleg\u00f3w z konferencji, do hallu hotelu, w kt\u00f3rym mieszkali\u015bmy. Wracali\u015bmy z wycieczki kolejk\u0105 g\u00f3rsk\u0105. TO dzia\u0142o si\u0119 na naszych oczach w telewizji. Wianuszek oniemia\u0142ych ludzi otacza\u0142 ekran zawieszony pod sufitem. Inni siedzieli w fotelach, pogr\u0105\u017ceni w swoich gazetach i ksi\u0105\u017ckach. Woleli odsun\u0105\u0107 t\u0119 chwil\u0119, zanim b\u0119d\u0105 musieli przyj\u0105\u0107 do wiadomo\u015bci, \u017ce TO si\u0119 dzieje naprawd\u0119. Durni, jak ci z kart powie\u015bci Manna.<\/p>\n<p>Wszystko by\u0142o absurdalne i surrealistyczne. Jak si\u0119 zachowa\u0107? W \u015brodku obrzydliwie bogatego Zachodu, w obrzydliwie pi\u0119knych g\u00f3rach Szwajcarii, zal\u0119g\u0142 si\u0119 strach i bezradno\u015b\u0107. Przerwali\u015bmy konferencj\u0119. Ale \u017cycie hotelu toczy\u0142o si\u0119 swoim rytmem. Amerykanie byli dzielni. Reszta mniej. Telefony do Polski \u2013 wszyscy pytali, czy b\u0119dzie wojna? Trudno to sobie wyobrazi\u0107, ale takie by\u0142y wtedy nastroje i uczucia. Tak rozpocz\u0105\u0142 si\u0119 XXI wiek. Niemo\u017cliwe sta\u0142o si\u0119 mo\u017cliwe i zamieszka\u0142o mi\u0119dzy nami. Odt\u0105d ju\u017c ka\u017cdego dnia oczekujemy Niemo\u017cliwego i liczymy si\u0119 ze wszystkim. Troch\u0119 si\u0119 postarzeli\u015bmy.<\/p>\n<p>Ka\u017cdy ma sw\u00f3j 11\/9. Ka\u017cdy ma swoj\u0105 histori\u0119 do opowiedzenia. Pami\u0119tajmy je i opowiadajmy dzieciakom, kt\u00f3re nie pami\u0119ta\u0107 nie mog\u0105. Tyle mo\u017cemy zrobi\u0107 dla Ameryki, kt\u00f3ra jaka jest, taka jest, ale innej mie\u0107 nie b\u0119dziemy. God bless America!<a href=\"\/wp-content\/uploads\/2016\/09\/skoczek_wtc_ap_550.jpeg\" rel=\"attachment wp-att-1822\"><img loading=\"lazy\" decoding=\"async\" src=\"\/wp-content\/uploads\/2016\/09\/skoczek_wtc_ap_550.jpeg\" alt=\"skoczek_wtc_ap_550\" width=\"252\" height=\"320\" class=\"aligncenter size-full wp-image-1822\" srcset=\"\/hartman\/wp-content\/uploads\/2016\/09\/skoczek_wtc_ap_550.jpeg 252w, \/hartman\/wp-content\/uploads\/2016\/09\/skoczek_wtc_ap_550-236x300.jpeg 236w\" sizes=\"(max-width: 252px) 100vw, 252px\" \/><\/a><\/p>\n","protected":false},"excerpt":{"rendered":"<p>11 wrze\u015bnia 2001 r. by\u0142em w Davos. Tym samym, kt\u00f3re nie chcia\u0142o s\u0142ysze\u0107 o nadci\u0105gaj\u0105cej katastrofie Wielkiej Wojny.<\/p>\n","protected":false},"author":3,"featured_media":0,"comment_status":"open","ping_status":"closed","sticky":false,"template":"","format":"standard","meta":{"footnotes":""},"categories":[1],"tags":[435,436],"_links":{"self":[{"href":"https:\/\/blog.polityka.pl\/hartman\/wp-json\/wp\/v2\/posts\/1821"}],"collection":[{"href":"https:\/\/blog.polityka.pl\/hartman\/wp-json\/wp\/v2\/posts"}],"about":[{"href":"https:\/\/blog.polityka.pl\/hartman\/wp-json\/wp\/v2\/types\/post"}],"author":[{"embeddable":true,"href":"https:\/\/blog.polityka.pl\/hartman\/wp-json\/wp\/v2\/users\/3"}],"replies":[{"embeddable":true,"href":"https:\/\/blog.polityka.pl\/hartman\/wp-json\/wp\/v2\/comments?post=1821"}],"version-history":[{"count":5,"href":"https:\/\/blog.polityka.pl\/hartman\/wp-json\/wp\/v2\/posts\/1821\/revisions"}],"predecessor-version":[{"id":1842,"href":"https:\/\/blog.polityka.pl\/hartman\/wp-json\/wp\/v2\/posts\/1821\/revisions\/1842"}],"wp:attachment":[{"href":"https:\/\/blog.polityka.pl\/hartman\/wp-json\/wp\/v2\/media?parent=1821"}],"wp:term":[{"taxonomy":"category","embeddable":true,"href":"https:\/\/blog.polityka.pl\/hartman\/wp-json\/wp\/v2\/categories?post=1821"},{"taxonomy":"post_tag","embeddable":true,"href":"https:\/\/blog.polityka.pl\/hartman\/wp-json\/wp\/v2\/tags?post=1821"}],"curies":[{"name":"wp","href":"https:\/\/api.w.org\/{rel}","templated":true}]}}