
{"id":1943,"date":"2016-11-16T17:16:29","date_gmt":"2016-11-16T16:16:29","guid":{"rendered":"http:\/\/hartman.blog.polityka.pl\/?p=1943"},"modified":"2016-11-16T19:08:02","modified_gmt":"2016-11-16T18:08:02","slug":"bezwstydnicy-i-hucpiarze","status":"publish","type":"post","link":"https:\/\/blog.polityka.pl\/hartman\/2016\/11\/16\/bezwstydnicy-i-hucpiarze\/","title":{"rendered":"Bezwstydnicy i hucpiarze"},"content":{"rendered":"<p>Pomocnik aptekarski, student Rydzykowej Alma Mater Misiewicz Bart\u0142omiej, lat 26. Prawa r\u0119ka, szef gabinetu politycznego ministra obrony narodowej Antoniego Macierewicza. Rzecznik MON. Wierny i niezawodny. Zas\u0142u\u017cony dla obronno\u015bci kraju, odznaczony medalem z\u0142otym. Wybitny specjalista w zakresie zarz\u0105dzania przedsi\u0119biorstwami bran\u017cy zbrojeniowej i ciep\u0142owniczej te\u017c \u2013 cz\u0142onek rady nadzorczej Polskiej Grupy Zbrojeniowej; by\u0142y (?) cz\u0142onek rady nadzorczej Energa Ciep\u0142o Ostro\u0142\u0119ka. Starszy kolega i mentor wybitnego doradcy Ministra Edmunda Jannigera, lat 20. Twarz pacyfikacji infiltrowanego przez zdrajc\u00f3w z poprzedniej ekipy Centrum Eksperckiego Kontrwywiadu NATO w Warszawie. Pe\u0142nomocnik ds. tej\u017ce instytucji z ramienia MON. S\u0142owem Wielki Cz\u0142owiek.<br \/>\n<!--more--><br \/>\nWielki Cz\u0142owiek od wielu miesi\u0119cy jest symbolem bezprzyk\u0142adnego nepotyzmu i pogardy dla prawa, jaka zapanowa\u0142a w pa\u0144stwie Kaczy\u0144skiego, a zw\u0142aszcza w ksi\u0119stwie Macierewicza. Przez chwil\u0119 wydawa\u0142o si\u0119, \u017ce pycha i szydzenie ze wszelkich standard\u00f3w w tworzeniu pozor\u00f3w przyzwoito\u015bci (o przyzwoito\u015bci marzy\u0107 nie b\u0119dziemy) zosta\u0142y zmiarkowane \u2013 we wrze\u015bniu Macierewicz zawiesi\u0142 Misiewicza (na jego pro\u015bb\u0119) w jego swoich licznych funkcjach w zwi\u0105zku z zawiadomieniem z\u0142o\u017conym przez PO w prokuraturze, informuj\u0105cym, \u017ce Wielki Cz\u0142owiek Macierewicza nie ma wy\u017cszego wykszta\u0142cenia ani egzamin\u00f3w upowa\u017cniaj\u0105cych go do zasiadania w radach nadzorczych sp\u00f3\u0142ek skarbu pa\u0144stwa, a Polska Grupa Zbrojeniowa, w kt\u00f3rej zarz\u0105dzie si\u0119 znalaz\u0142, specjalnie na t\u0119 okoliczno\u015b\u0107 usi\u0142owa\u0142a zmieni\u0107 regulamin, otwieraj\u0105c si\u0119 na ch\u0142opak\u00f3w po maturze, maj\u0105cych ch\u0119\u0107 szczer\u0105.<\/p>\n<p>Rado\u015b\u0107 nie trwa\u0142a d\u0142ugo. Nie min\u0105\u0142 miesi\u0105c, a \u201eten nieszcz\u0119sny Misiewicz\u201d, jak zd\u0105\u017cy\u0142 si\u0119 ju\u017c wyrazi\u0107 o nim Naczelnik Kaczy\u0144ski, wr\u00f3ci\u0142 do swoich zabawek. A dzi\u015b dowiedzieli\u015bmy si\u0119, \u017ce warszawska prokuratura odm\u00f3wi\u0142a wszcz\u0119cia \u015bledztwa w sprawie bezprawnego powo\u0142ania Misiewicza do zarz\u0105du PGZ. <\/p>\n<p>Czy polska prokuratura mia\u0142aby odwag\u0119 uczyni\u0107 cokolwiek, co nie podoba\u0142oby si\u0119 Ziobrze czy Macierewiczowi? Oczywi\u015bcie! Pod warunkiem, \u017ce podoba\u0142oby si\u0119 Kaczy\u0144skiemu. On jednak odpu\u015bci\u0142 \u2013 jest zbyt s\u0142aby lub zbyt zepsuty, by wchodzi\u0107 w drog\u0119 udzielnemu ksi\u0119ciu Antoniemu Macierewiczowi, i to w takiej drobnej sprawie jak s\u0142abo\u015b\u0107 do jakiego\u015b dzieciaka. A ksi\u0105\u017c\u0119 ostentacyjnie uprawia sw\u00f3j pornograficzny nepotyzm w\u0142a\u015bnie po to, by pokaza\u0107 Kaczy\u0144skiemu, Partii i nam wszystkim, \u017ce na swoim terenie mo\u017ce wszystko i nawet Kaczy\u0144ski mu nie podskoczy.<\/p>\n<p>No, nie podskoczy, to fakt. Za sznureczek w tym sraczyku Naczelnik chyba jednak nie poci\u0105ga. Nie r\u00f3bmy sobie wi\u0119c nadziei, \u017ce w drugiej sprawie, jak\u0105 Wielki Cz\u0142owiek Macierewicza ma w prokuraturze, a mianowicie w zwi\u0105zku z podejrzeniem o korumpowanie radnych Be\u0142chatowa obietnicami posad w radach nadzorczych, cokolwiek si\u0119 wydarzy. Wydarzy si\u0119, gdy tak si\u0119 spodoba Macierewiczowi. A spodoba\u0142yby mu si\u0119 tylko wtedy, gdyby nabra\u0142 podejrze\u0144, \u017ce m\u0142ody mo\u017ce go wywie\u015b\u0107 w pole albo ukr\u0119ci\u0107 jakie\u015b za du\u017ce lody na boku. Misiewicz to wie i powod\u00f3w do podejrze\u0144 nie da. I szafa gra. A my mo\u017cemy sobie wy\u0107 z bezsilno\u015bci do ksi\u0119\u017cyca albo wo\u0142a\u0107 o pomst\u0119 do nieba. Spokojnie, tam te\u017c g\u0142osuj\u0105 na PiS! Podobno Pan B\u00f3g te\u017c s\u0142ucha Radia Maryja.<\/p>\n<p>Tak si\u0119 akurat sk\u0142ada, \u017ce Misiewicz u progu swojej wielkiej kariery by\u0142 asystentem europos\u0142anki PiS Beaty Gosiewskiej. Tej samej, co to niezadowolona z marnych setek tysi\u0119cy specjalnych odszkodowa\u0144, jakie dosta\u0142a wraz z dzie\u0107mi po katastrofie smole\u0144skiej, plus marne trzydzie\u015bci tysi\u0119cy miesi\u0119cznie, za posadk\u0119 europos\u0142a wystawi\u0142a Macierewiczowi ekstra rachunek na 5 mln z\u0142. I z pewno\u015bci\u0105 co\u015b tam dostanie. Oburzenie milion\u00f3w Polak\u00f3w niewiele znaczy przy takiej kasie. Niekt\u00f3re pisowskie rodziny ofiar posz\u0142y jej \u015bladem. Ewa B\u0142asik, \u017cona tego bohaterskiego genera\u0142a, co to \u0142ami\u0105c wszelkie przepisy, przeszkadza\u0142 pilotom TU 154, w\u0142a\u017c\u0105c do kokpitu i wywieraj\u0105c na nich presj\u0119, w\u0142a\u015bnie wyszarpa\u0142a od MON dodatkowe 750 tys. (wcze\u015bniej ju\u017c dosta\u0142a tyle samo) \u2013 dla siebie i doros\u0142ych dzieci. Niech si\u0119 jeszcze troch\u0119 wysil\u0105. Podobno to za stres zwi\u0105zany z ekshumacj\u0105&#8230; Ma babka po-my-s\u0142y! Nie ma co!<\/p>\n<p>Jaka jest logika tej hucpiarskiej pazerno\u015bci? Ano jest to logika nienawi\u015bci. To nie pa\u0144stwo PiS jest adresatem \u017c\u0105da\u0144, cho\u0107 formalnie w\u0142a\u015bnie ono. W poj\u0119ciu takiej Gosiewskiej czy B\u0142asikowej tak naprawd\u0119 ich bezwstydne roszczenia skierowane s\u0105 do pa\u0144stwa Tuska. A takich roszcze\u0144 wstydzi\u0107 si\u0119 wszak nie ma powodu. \u017be pa\u0144stwo mordercy Tuska ju\u017c nie istnieje, a teraz rz\u0105dz\u0105 swoi? To szczeg\u00f3\u0142 \u2013 w sferze duchowej to pa\u0144stwo b\u0119dzie istnia\u0142o dop\u00f3ty, dop\u00f3ki nie sponiewiera si\u0119 go do cna, nie wsadzi si\u0119 jego funkcjonariuszy za kraty i nie wyssie z niego ostatnich pieni\u0119dzy. Macierewicz jedynie przekazuje pieni\u0105dze za Tuska, ale moralnym p\u0142atnikiem jest Tusk, zab\u00f3jca spod Smole\u0144ska, zdrajca i ruski pacho\u0142ek. Taka tam jest wiara, taka tam jest religia.<\/p>\n<p>Dlaczego bezczelno\u015b\u0107 i bezwstyd nie maj\u0105 granic? Dlaczego jeste\u015bmy ka\u017cdego dnia upokarzani haniebnym zachowaniem tych ludzi, kt\u00f3rym 19 proc. spo\u0142ecze\u0144stwa odda\u0142o pe\u0142ni\u0119 w\u0142adzy? Odpowied\u017a jest prosta i nieprosta. Prosta, bo brzmi tak: tym wyborcom to akurat nie przeszkadza. Nieproste jest zrozumienie, dlaczego im nie przeszkadza. Nie podejmuj\u0119 si\u0119 tego wyja\u015bni\u0107.<\/p>\n","protected":false},"excerpt":{"rendered":"<p>Pomocnik aptekarski, student Rydzykowej Alma Mater Misiewicz Bart\u0142omiej, lat 26. Prawa r\u0119ka, szef gabinetu politycznego ministra obrony narodowej Antoniego Macierewicza. Rzecznik MON. Wierny i niezawodny. Zas\u0142u\u017cony dla obronno\u015bci kraju, odznaczony medalem z\u0142otym. Wybitny specjalista w zakresie zarz\u0105dzania przedsi\u0119biorstwami bran\u017cy zbrojeniowej i ciep\u0142owniczej te\u017c \u2013 cz\u0142onek rady nadzorczej Polskiej Grupy Zbrojeniowej; by\u0142y (?) cz\u0142onek rady nadzorczej [&hellip;]<\/p>\n","protected":false},"author":3,"featured_media":0,"comment_status":"open","ping_status":"closed","sticky":false,"template":"","format":"standard","meta":{"footnotes":""},"categories":[449,304],"tags":[412,457,458],"_links":{"self":[{"href":"https:\/\/blog.polityka.pl\/hartman\/wp-json\/wp\/v2\/posts\/1943"}],"collection":[{"href":"https:\/\/blog.polityka.pl\/hartman\/wp-json\/wp\/v2\/posts"}],"about":[{"href":"https:\/\/blog.polityka.pl\/hartman\/wp-json\/wp\/v2\/types\/post"}],"author":[{"embeddable":true,"href":"https:\/\/blog.polityka.pl\/hartman\/wp-json\/wp\/v2\/users\/3"}],"replies":[{"embeddable":true,"href":"https:\/\/blog.polityka.pl\/hartman\/wp-json\/wp\/v2\/comments?post=1943"}],"version-history":[{"count":6,"href":"https:\/\/blog.polityka.pl\/hartman\/wp-json\/wp\/v2\/posts\/1943\/revisions"}],"predecessor-version":[{"id":1949,"href":"https:\/\/blog.polityka.pl\/hartman\/wp-json\/wp\/v2\/posts\/1943\/revisions\/1949"}],"wp:attachment":[{"href":"https:\/\/blog.polityka.pl\/hartman\/wp-json\/wp\/v2\/media?parent=1943"}],"wp:term":[{"taxonomy":"category","embeddable":true,"href":"https:\/\/blog.polityka.pl\/hartman\/wp-json\/wp\/v2\/categories?post=1943"},{"taxonomy":"post_tag","embeddable":true,"href":"https:\/\/blog.polityka.pl\/hartman\/wp-json\/wp\/v2\/tags?post=1943"}],"curies":[{"name":"wp","href":"https:\/\/api.w.org\/{rel}","templated":true}]}}