
{"id":2059,"date":"2017-01-13T12:51:22","date_gmt":"2017-01-13T11:51:22","guid":{"rendered":"http:\/\/hartman.blog.polityka.pl\/?p=2059"},"modified":"2017-01-13T14:42:28","modified_gmt":"2017-01-13T13:42:28","slug":"murarze-i-zolnierze-czyli-jak-skleic-kod","status":"publish","type":"post","link":"https:\/\/blog.polityka.pl\/hartman\/2017\/01\/13\/murarze-i-zolnierze-czyli-jak-skleic-kod\/","title":{"rendered":"Murarze i \u017bo\u0142nierze, czyli jak sklei\u0107 KOD?"},"content":{"rendered":"<p>Murarze stoj\u0105 murem za Mateuszem, a \u017bo\u0142nierze walcz\u0105 o ust\u0105pienie Kijowskiego ze stanowiska i g\u0142\u0119bok\u0105 sanacj\u0119 organizacji. Tymczasem za miesi\u0105c b\u0119d\u0105 wybory i wszystko si\u0119 wtedy oka\u017ce. Ale czy na pewno?<br \/>\n<!--more--><br \/>\nKOD by\u0142 (i jest) fantastyczny w organizowaniu demonstracji. Gorzej idzie mu \u201epraca organiczna\u201d \u2013 tworzenie stabilnych \u201estruktur\u201d, infrastruktury, a przede wszystkim codzienna praca polityczna i programowa. Przeszk\u00f3d jest wiele. Wi\u0119kszo\u015b\u0107 cz\u0142onk\u00f3w KOD reprezentuje typowy w\u015br\u00f3d Polak\u00f3w wzgardliwy stosunek do polityki i partii politycznych. Nie jest to m\u0105dre, ale takie s\u0105 fakty. Klasyczny chwyt nowych organizacji politycznych: \u201enie jeste\u015bmy parti\u0105, tylko oddolnym ruchem spo\u0142ecznym\u201d &#8211; zadzia\u0142a\u0142 jak obosieczny miecz. Przyci\u0105gn\u0105\u0142 wielu ludzi, a jednocze\u015bnie utrudnia prace nad budow\u0105 organizacji, kt\u00f3ra przecie\u017c, bez wzgl\u0119du na swoj\u0105 nazw\u0119, przypomina parti\u0119 polityczn\u0105. Trudno rozwija\u0107 organizacj\u0119, gdy wielu cz\u0142onk\u00f3w wci\u0105\u017c my\u015bli, \u017ce s\u0105 tu tylko \u201eawaryjnie\u201d, to znaczy, \u017ceby zaprotestowa\u0107 przeciwko niszczeniu demokracji, a jak ju\u017c b\u0119dzie w miar\u0119 OK, to wr\u00f3c\u0105 do swych spraw i swojego b\u0142ogo apolitycznego \u017cycia. Doktryna \u201eapolityczno\u015bci\u201d os\u0142abia ruchy spo\u0142eczne i utrwala dominacj\u0119 starych partii. Dlatego establishment polityczny bardzo j\u0105 lubi. KOD da\u0142 si\u0119 wci\u0105gn\u0105\u0107 w t\u0119 pu\u0142apk\u0119.<\/p>\n<p>W konsekwencji KOD niejako programowo si\u0119 nie profesjonalizuje. Nie ma porz\u0105dnych biur, samochod\u00f3w, doradc\u00f3w i op\u0142acanych sekretarzy. Nie obrasta fundacjami, think-tankami i ekspertami, chocia\u017c niby wci\u0105\u017c to zapowiada. Dzia\u0142a po partyzancku, w stylu klasycznej opozycji epoki PRL. Jednocze\u015bnie jednak bierze udzia\u0142 w normalnej profesjonalnej polityce demokratycznego pa\u0144stwa. Si\u0142\u0105 rzeczy wsp\u00f3\u0142pracuje i konkuruje z zawodowymi, kadrowymi partiami. A one maj\u0105 pieni\u0105dze, infrastruktur\u0119, doradc\u00f3w, w dodatku za\u015b \u017cadna doktryna \u201eapolityczno\u015bci\u201d nie kr\u0119puje ich dzia\u0142alno\u015bci.<\/p>\n<p>Nic dziwnego, \u017ce graj\u0105c w polityczn\u0105 gr\u0119 z innymi \u015brodowiskami politycznymi, zostali\u015bmy \u201ewykolegowani\u201d. Petru i Schetyna nie mogli pozwoli\u0107, \u017ceby Kijowski za bardzo ur\u00f3s\u0142. Woleli mie\u0107 go pod kontrol\u0105. Dlatego projekt Koalicji Wolno\u015b\u0107 R\u00f3wno\u015b\u0107 Demokracja (KWRD) ugrz\u0105z\u0142 w obstrukcji. Konkurencji nie chcieli da\u0107 Kijowskiemu pozycji mentora i patrona zjednoczonej opozycji. A on nie umia\u0142 tej pozycji sam zdoby\u0107. Wielka szansa na zjednoczony front obrony pa\u0144stwa prawa zosta\u0142a zaprzepaszczona. Jak zwykle wygra\u0142y partyjny egoizm i ma\u0142ostkowe ambicje polityk\u00f3w.<\/p>\n<p>KWRD to niejedyna pora\u017cka. Najwi\u0119ksz\u0105 pora\u017ck\u0105 okaza\u0142o si\u0119 zaw\u0119\u017cenie pola. Rok temu wydawa\u0142o si\u0119, \u017ce KOD idzie bardzo szeroko, bo has\u0142a demokratyczne i konstytucyjne \u0142\u0105cz\u0105 ludzi od prawa do lewa, m\u0142odszych i starszych. Niestety, zajad\u0142a propaganda PiS zadzia\u0142a\u0142a. Kampania zohydzania KOD, prezentuj\u0105ca nas jako bankrut\u00f3w postkomuny i sieroty po PO, jakkolwiek nies\u0142ychana w swej pod\u0142o\u015bci i ba\u0142amutno\u015bci, okaza\u0142a si\u0119 skuteczna o tyle, \u017ce szerokie rzesze potencjalnych cz\u0142onk\u00f3w ruchu nabra\u0142y do nas dystansu. Ponadto bardzo wielu ludzi, widz\u0105c nienawi\u015b\u0107 w\u0142adzy do KOD, po prostu boi si\u0119 przy\u0142\u0105czy\u0107. Zosta\u0142o nas wi\u0119c niewielu \u2013 oko\u0142o 9 tysi\u0119cy cz\u0142onk\u00f3w i kilkakro\u0107 tyle aktywnych sympatyk\u00f3w. S\u0105 to w wi\u0119kszo\u015bci ludzie pami\u0119taj\u0105cy PRL, rozumiej\u0105cy, czym jest rz\u0105d autorytarny i do czego zmierza PiS. T\u0119 obywatelsk\u0105 \u015bwiadomo\u015b\u0107 maj\u0105 ludzie dojrzali i wykszta\u0142ceni. A wi\u0119c ci, kt\u00f3rzy dawniej tworzyli zaplecze Unii Wolno\u015bci. I takim to sposobem KOD znalaz\u0142 si\u0119 w butach \u201eunickich\u201d.<\/p>\n<p>Wida\u0107 dzi\u015b wyra\u017anie, \u017ce KOD to formacja polityczna zdefiniowana \u015brodowiskowo \u2013 nast\u0119pczyni inteligenckich partii demokratycznych, na czele z UW. Tego rodzaju ugrupowania mog\u0105 mie\u0107 najwy\u017cej ok. 10-12-procentowe poparcie, a w czasach szalej\u0105cego populizmu znacznie mniej. Jedna trzecia Polak\u00f3w twardo popiera autorytarny rz\u0105d, za nic maj\u0105c praworz\u0105dno\u015b\u0107 i demokracj\u0119, a organizacj\u0119 walcz\u0105c\u0105 o elementarne standardy pa\u0144stwa prawa popiera kilkukrotnie mniej obywateli. To jest polityczna rzeczywisto\u015b\u0107 i trzeba si\u0119 z ni\u0105 zmierzy\u0107.<\/p>\n<p>Nieprofesjonalno\u015b\u0107, nawet ta programowa, maj\u0105ca dowodzi\u0107 spontaniczno\u015bci i czysto\u015bci, nie sprzyja skuteczno\u015bci ani zyskiwaniu poparcia. Wr\u0119cz przeciwnie. Uroczy ba\u0142agan rewolucji prowadzi do strat energii, do konflikt\u00f3w, braku transparencji, niefrasobliwych decyzji, a w ko\u0144cu do \u0142amania procedur i do afer. Tak jest zawsze i naiwno\u015bci\u0105 by\u0142oby s\u0105dzi\u0107, \u017ce w KOD mog\u0142oby by\u0107 inaczej. Naiwne by\u0142oby te\u017c oczekiwanie, \u017ce g\u0142\u00f3wni dzia\u0142acze mogliby bez ko\u0144ca pracowa\u0107 bez wynagrodzenia. Tymczasem polska mentalno\u015b\u0107, kt\u00f3ra czyste intencje widzi tylko tam, gdzie nie ma \u017cadnych dochod\u00f3w, a wszelkie zarobkowanie zr\u00f3wnuje z interesowno\u015bci\u0105, uniemo\u017cliwi\u0142o sensowne za\u0142atwienie sprawy zabezpieczenia materialnego Mateusza Kijowskiego oraz innych os\u00f3b, kt\u00f3re co miesi\u0105c traci\u0142y swoje zarobki, pracuj\u0105c nieodp\u0142atnie dla KOD.<\/p>\n<p>Padli\u015bmy po raz kolejny ofiar\u0105 polskich kompleks\u00f3w i przes\u0105d\u00f3w. Skoro za\u015b zabrak\u0142o odwagi i odpowiedzialno\u015bci, to g\u00f3r\u0119 wzi\u0105\u0107 musia\u0142a bylejako\u015b\u0107 i amatorka. I oto mamy afer\u0119 z rachunkami. W du\u017cej partii, maj\u0105cej w swojej historii dziesi\u0105tki mniejszych czy wi\u0119kszych afer i niewyja\u015bnionych przep\u0142yw\u00f3w finansowych, jaka\u015b sprawa na sto tysi\u0119cy by\u0142aby bez znaczenia. W m\u0142odej organizacji, b\u0119d\u0105cej jeszcze w fazie szczycenia si\u0119 swym \u201edziewictwem\u201d, skutki ka\u017cdej podejrzanej transakcji finansowej s\u0105 dewastuj\u0105ce. I dzi\u015b oto KOD przechodzi przez czy\u015bciec.<\/p>\n<p>Nie s\u0105dz\u0119, aby\u015bmy robili, co nale\u017cy, by ratowa\u0107 sytuacj\u0119. Od wielu tygodni zarz\u0105d KOD jest w\u0142a\u015bciwie nieczynny, gdy\u017c zwa\u015bnione strony nie rozmawiaj\u0105 ze sob\u0105. Naturalne w sytuacji powa\u017cnych oskar\u017ce\u0144 oddanie si\u0119 szefa organizacji do dyspozycji zarz\u0105du nie mo\u017ce doj\u015b\u0107 do skutku z powodu kompletnej dewastacji zaufania. Mateusz obawia si\u0119, \u017ce jego zawieszenie si\u0119 doprowadzi do przej\u0119cia w\u0142adzy w KOD przez jego przeciwnik\u00f3w, a wszystko, co aktualnie si\u0119 dzieje, interpretuje w kategoriach walki przedwyborczej. Popiera go w tym kilkuset \u201eMurarzy\u201d, a \u201e\u017bo\u0142nierze\u201d, dla kt\u00f3rych <em>status quo<\/em> jest moralnie niedopuszczalny, kipi\u0105 z oburzenia. Atmosfera jest tak z\u0142a, \u017ce w wielu regionach dzia\u0142acze popadaj\u0105 w zniech\u0119cenie, a nawet odchodz\u0105. By\u0107 mo\u017ce zjazd krajowy przyniesie prze\u0142om i odrodzenie ducha organizacji, ale r\u00f3wnie prawdopodobne jest to, \u017ce przyniesie kolejne awantury i zaostrzenie kryzysu. KOD znalaz\u0142 si\u0119 na kraw\u0119dzi. A drugiego KOD przecie\u017c nie b\u0119dzie!<\/p>\n<p>Obawiam si\u0119, \u017ce lutowy zjazd nie przyniesie pozytywnego prze\u0142omu, je\u015bli teraz nie oczy\u015bci si\u0119 pola. W przeciwnym razie pojedziemy na zjazd w harmidrze awantury i tako\u017c z niego wr\u00f3cimy. Oczyszczenie pola polega za\u015b na uczynieniu odpowiedzialnego i honorowego gestu, w wyniku kt\u00f3rego zar\u00f3wno cz\u0142onkowie KOD, jak i opinia publiczna na powr\u00f3t uwierz\u0105, \u017ce pomimo b\u0142\u0119d\u00f3w KOD jest organizacj\u0105 powa\u017cn\u0105 i sterown\u0105, a jego liderzy s\u0105 lud\u017ami wprawdzie nie wolnymi od s\u0142abo\u015bci, lecz przynajmniej dojrza\u0142ymi i odpowiedzialnymi. Bez takiego przekazu KOD si\u0119 za\u0142amie. To jest konieczno\u015b\u0107 chwili. A czasu zosta\u0142o ju\u017c bardzo ma\u0142o.<\/p>\n<p>Dlatego apeluj\u0119 do zarz\u0105du oraz do Mateusza Kijowskiego (wcze\u015bniej zrobi\u0142em to osobi\u015bcie), aby na zaplanowane na poniedzia\u0142ek 16 stycznia zebranie zarz\u0105du stawili si\u0119 wszyscy, na czele z przewodnicz\u0105cym, i \u017ceby na zebraniu tym zosta\u0142 wypracowany komunikat deklaruj\u0105cy ograniczenie czynno\u015bci ca\u0142ego zarz\u0105du a\u017c do czasu zjazdu (tj. na okres miesi\u0105ca) oraz honorowe powierzenie kurateli nad organizacj\u0105 mentorowi. To jest czytelna i przyj\u0119ta w \u015bwiecie formu\u0142a na czas kryzysu. Sk\u0142\u00f3cony zarz\u0105d ulega hibernacji, a w\u0142adz\u0119 rozjemcz\u0105 oddaje si\u0119 uznawanemu przez wszystkich autorytetowi, najlepiej nale\u017c\u0105cemu do \u201eojc\u00f3w za\u0142o\u017cycieli\u201d danej formacji. W naszym przypadku m\u00f3g\u0142by to by\u0107 Krzysztof \u0141ozi\u0144ski.<\/p>\n<p>Bardzo Was prosz\u0119, pos\u0142uchajcie si\u0119 cho\u0107 raz. Taki honorowy gest obni\u017cy napi\u0119cie, poprawi nastroje i otworzy drog\u0119 do konstruktywnej dyskusji zjazdowej. Tak b\u0119dzie r\u00f3wnie\u017c najlepiej z punktu widzenia osobistej pozycji Mateusza Kijowskiego i pozosta\u0142ych cz\u0142onk\u00f3w zarz\u0105du, w tym r\u00f3wnie\u017c jego przeciwnik\u00f3w. Przede wszystkim jednak tak b\u0119dzie najlepiej dla KOD i dla Polski. Troch\u0119 zawiedli\u015bmy. Zr\u00f3bmy wi\u0119c, co si\u0119 da, aby si\u0119 teraz w\u00a0oczach spo\u0142eczno\u015bci KOD i opinii publicznej zrehabilitowa\u0107. Wci\u0105\u017c jest na to szansa. Nie zmarnujmy jej.<\/p>\n<p>PS Wraz z poprzednim wpisem \u0142\u0105czna liczba ods\u0142on mojego bloga w jego ponadczteroletniej historii przekroczy\u0142a pi\u0119\u0107 milion\u00f3w. Dzi\u0119kuj\u0119!<\/p>\n","protected":false},"excerpt":{"rendered":"<p>Murarze stoj\u0105 murem za Mateuszem, a \u017bo\u0142nierze walcz\u0105 o ust\u0105pienie Kijowskiego ze stanowiska i g\u0142\u0119bok\u0105 sanacj\u0119 organizacji. Tymczasem za miesi\u0105c b\u0119d\u0105 wybory i wszystko si\u0119 wtedy oka\u017ce. Ale czy na pewno?<\/p>\n","protected":false},"author":3,"featured_media":0,"comment_status":"open","ping_status":"closed","sticky":false,"template":"","format":"standard","meta":{"footnotes":""},"categories":[367,362],"tags":[],"_links":{"self":[{"href":"https:\/\/blog.polityka.pl\/hartman\/wp-json\/wp\/v2\/posts\/2059"}],"collection":[{"href":"https:\/\/blog.polityka.pl\/hartman\/wp-json\/wp\/v2\/posts"}],"about":[{"href":"https:\/\/blog.polityka.pl\/hartman\/wp-json\/wp\/v2\/types\/post"}],"author":[{"embeddable":true,"href":"https:\/\/blog.polityka.pl\/hartman\/wp-json\/wp\/v2\/users\/3"}],"replies":[{"embeddable":true,"href":"https:\/\/blog.polityka.pl\/hartman\/wp-json\/wp\/v2\/comments?post=2059"}],"version-history":[{"count":7,"href":"https:\/\/blog.polityka.pl\/hartman\/wp-json\/wp\/v2\/posts\/2059\/revisions"}],"predecessor-version":[{"id":2066,"href":"https:\/\/blog.polityka.pl\/hartman\/wp-json\/wp\/v2\/posts\/2059\/revisions\/2066"}],"wp:attachment":[{"href":"https:\/\/blog.polityka.pl\/hartman\/wp-json\/wp\/v2\/media?parent=2059"}],"wp:term":[{"taxonomy":"category","embeddable":true,"href":"https:\/\/blog.polityka.pl\/hartman\/wp-json\/wp\/v2\/categories?post=2059"},{"taxonomy":"post_tag","embeddable":true,"href":"https:\/\/blog.polityka.pl\/hartman\/wp-json\/wp\/v2\/tags?post=2059"}],"curies":[{"name":"wp","href":"https:\/\/api.w.org\/{rel}","templated":true}]}}