
{"id":217,"date":"2013-03-23T08:55:04","date_gmt":"2013-03-23T07:55:04","guid":{"rendered":"http:\/\/hartman.blog.polityka.pl\/?p=217"},"modified":"2013-03-23T12:23:08","modified_gmt":"2013-03-23T11:23:08","slug":"jestem-kiepski-jan-kiepski","status":"publish","type":"post","link":"https:\/\/blog.polityka.pl\/hartman\/2013\/03\/23\/jestem-kiepski-jan-kiepski\/","title":{"rendered":"Jestem Kiepski. Jan Kiepski"},"content":{"rendered":"<p>Nad Czelabi\u0144skiem wybuch\u0142 meteoryt. Papie\u017c abdykowa\u0142. 16 marca w nocy by\u0142o minus 19 stopni. Unia omal\u017ce nie okrad\u0142a Cypryjczyk\u00f3w z pieni\u0119dzy trzymanych w banku. Korea P\u00f3\u0142nocna otwarcie grozi wojn\u0105. Armstrongowi odebrali tytu\u0142y za koks, a Pistorius zastrzeli\u0142 narzeczon\u0105 przez drzwi \u0142azienki. O G\u0142odziu napisali to, co wszyscy od lat m\u00f3wi\u0105. Nowy papie\u017c nie by\u0142 w Hitlerjugend, ale te\u017c lekko nie mia\u0142. A do tego nad zachodnim horyzontem straszy kometa. Nie\u017ale jak na jeden pocz\u0105tek roku. B\u0119dzie chyba ostra jazda na wiosn\u0119. Ju\u017c si\u0119 ciesz\u0119 na ciekawe \u201eFakty\u201d i \u201eWiadomo\u015bci\u201d. Mo\u017ce Tusk wst\u0105pi do klasztoru? Wszak ma chyba ostatnio jakie\u015b wlania Ducha \u015awi\u0119tego. A mo\u017ce Kaczy\u0144ski te\u017c sobie abdyknie? Bo co sobie ma \u017ca\u0142owa\u0107?<!--more--><\/p>\n<p>Czekam na t\u0119 wiosenn\u0105 jazd\u0119, cho\u0107 przecie\u017c wiem, \u017ce nic ju\u017c mnie tak porz\u0105dnie i naprawd\u0119 nie zadziwi w tym internetowo-telewizyjnym teatrzyku. Byle daleko od naszych czterech liter, a wtedy co by si\u0119 tylko dzia\u0142o, to jeno kolejny odcinek \u015bwiatowego sitkomu. Cho\u0107 z drugiej strony, nigdy nie mamy do\u015b\u0107. To w\u0142a\u015bnie dlatego, \u017ce ma\u0142o co nas rusza. Media to wiedz\u0105 i staraj\u0105 si\u0119 dostosowa\u0107 do naszej przesytem przesyconej wra\u017cliwo\u015bci. Drobne sensacyjki w stylu \u201ew uk\u0142adzie s\u0142onecznym jest 700 mln gwiazd wielko\u015bci ziemi\u201d czy \u201eAngela Merkel ma kuzyn\u00f3w w Polsce\u201d utrzymuj\u0105 si\u0119 na jedynkach portali par\u0119 godzin kr\u00f3cej ni\u017c wiadomo\u015bci wi\u0119kszego kalibru, jak na przyk\u0142ad, \u017ce rektor prowincjonalnego UMCS odwo\u0142a\u0142 wyk\u0142ad wielkiego filozofa z UJ. Tak konkretniej to si\u0119 jednak w mediach kurzy, gdy Stoch albo \u017by\u0142a co\u015b wyskacz\u0105 albo mamusia Magdy przemaluje si\u0119 na rudo. Za to cuda sprawione przez b\u0142. Jana Paw\u0142a ju\u017c si\u0119 s\u0142abo sprzedaj\u0105. Nar\u00f3d ju\u017c nawet w cuda nie wierzy, czy co? Albo mu mo\u017ce spowszednia\u0142y i wisz\u0105, jak jakie\u015b tsunami na ko\u0144cu \u015bwiata?<\/p>\n<p>Nic nas ju\u017c nie zadziwi, nic nie przestraszy. Wszystko jest na godzin\u0119, no, mo\u017ce na dzie\u0144 albo dwa. Nie ma ju\u017c ludzko\u015bci, kt\u00f3ra dokonuje wielkich odkry\u0107 albo prze\u017cywa wielkie wydarzenia. S\u0105 ju\u017c tylko historyjki, kt\u00f3re nas mniej czy bardziej zabawiaj\u0105, jakkolwiek w og\u00f3lno\u015bci pozbawione s\u0105 wi\u0119kszego znaczenia, podobnie jak ca\u0142e nasze \u017cycie. Nie przywi\u0105zujemy wszak ju\u017c do niego zbyt wielkiej wagi. \u017byj\u0119 to \u017cyj\u0119. Nie ja, to b\u0119dzie inny. A p\u00f3ki \u017cyj\u0119, to sobie popij\u0119 piwka i posiedz\u0119 w necie. Mo\u017ce b\u0119dzie co ciekawego. Jakie\u015b trz\u0119sienie ziemi zapodadz\u0105 albo fajny mem na fejsa kto\u015b wrzuci.<\/p>\n<p>Taaa, Anetha, blondyna z Abby, w\u0142a\u015bnie nagra\u0142a singla. Jak mia\u0142em 12 lat, to si\u0119 w niej kocha\u0142em. By\u0142a 16 lat starsza i mieszka\u0142a w Szwecji, wi\u0119c jako\u015b nic z tego nie wysz\u0142o. Szkoda. A teraz ten singiel. C\u00f3\u017c, ju\u017c mi wych\u0142\u00f3d\u0142o\u2026 No ale id\u017amy dalej.<\/p>\n<p>Z roku na rok m\u00f3j zlasowany i przepalony munio traci ciekawo\u015b\u0107 \u015bwiata, entuzjazm, egzystencjaln\u0105 trwog\u0119, inteligencj\u0119, pami\u0119\u0107, ambicj\u0119, zdolno\u015bci komputacyjne, empati\u0119 i neurony lustrzane. Moim bohaterem jest dzi\u015b Ferdek Kiepski, kt\u00f3rego kocham szczerze, jak siebie samego, bo coraz bardziej staj\u0119 si\u0119 do niego podobny. Kanapa i ekran s\u0105 ju\u017c dla mnie prawie wszystkim. Bo nie ma tak naprawd\u0119 pracy dla ludzi z moim wykszta\u0142ceniem!<\/p>\n","protected":false},"excerpt":{"rendered":"<p>Nad Czelabi\u0144skiem wybuch\u0142 meteoryt. Papie\u017c abdykowa\u0142. 16 marca w nocy by\u0142o minus 19 stopni. Unia omal\u017ce nie okrad\u0142a Cypryjczyk\u00f3w z pieni\u0119dzy trzymanych w banku. Korea P\u00f3\u0142nocna otwarcie grozi wojn\u0105. Armstrongowi odebrali tytu\u0142y za koks, a Pistorius zastrzeli\u0142 narzeczon\u0105 przez drzwi \u0142azienki. O G\u0142odziu napisali to, co wszyscy od lat m\u00f3wi\u0105. Nowy papie\u017c nie by\u0142 w [&hellip;]<\/p>\n","protected":false},"author":3,"featured_media":0,"comment_status":"open","ping_status":"closed","sticky":false,"template":"","format":"standard","meta":{"footnotes":""},"categories":[18],"tags":[],"_links":{"self":[{"href":"https:\/\/blog.polityka.pl\/hartman\/wp-json\/wp\/v2\/posts\/217"}],"collection":[{"href":"https:\/\/blog.polityka.pl\/hartman\/wp-json\/wp\/v2\/posts"}],"about":[{"href":"https:\/\/blog.polityka.pl\/hartman\/wp-json\/wp\/v2\/types\/post"}],"author":[{"embeddable":true,"href":"https:\/\/blog.polityka.pl\/hartman\/wp-json\/wp\/v2\/users\/3"}],"replies":[{"embeddable":true,"href":"https:\/\/blog.polityka.pl\/hartman\/wp-json\/wp\/v2\/comments?post=217"}],"version-history":[{"count":4,"href":"https:\/\/blog.polityka.pl\/hartman\/wp-json\/wp\/v2\/posts\/217\/revisions"}],"predecessor-version":[{"id":224,"href":"https:\/\/blog.polityka.pl\/hartman\/wp-json\/wp\/v2\/posts\/217\/revisions\/224"}],"wp:attachment":[{"href":"https:\/\/blog.polityka.pl\/hartman\/wp-json\/wp\/v2\/media?parent=217"}],"wp:term":[{"taxonomy":"category","embeddable":true,"href":"https:\/\/blog.polityka.pl\/hartman\/wp-json\/wp\/v2\/categories?post=217"},{"taxonomy":"post_tag","embeddable":true,"href":"https:\/\/blog.polityka.pl\/hartman\/wp-json\/wp\/v2\/tags?post=217"}],"curies":[{"name":"wp","href":"https:\/\/api.w.org\/{rel}","templated":true}]}}