
{"id":2223,"date":"2017-03-29T10:08:47","date_gmt":"2017-03-29T08:08:47","guid":{"rendered":"http:\/\/hartman.blog.polityka.pl\/?p=2223"},"modified":"2017-03-29T10:37:11","modified_gmt":"2017-03-29T08:37:11","slug":"kaczynski-walka-o-posmiertny-kult","status":"publish","type":"post","link":"https:\/\/blog.polityka.pl\/hartman\/2017\/03\/29\/kaczynski-walka-o-posmiertny-kult\/","title":{"rendered":"Kaczy\u0144ski: walka o po\u015bmiertny kult"},"content":{"rendered":"<p>Nie ma dla nich \u015bwi\u0119to\u015bci. Teraz chc\u0105 przebi\u0107 koron\u0119 polskiego or\u0142a krzy\u017cem. Nie do\u015b\u0107, \u017ce orze\u0142 dosta\u0142 koron\u0119, jakby Polska by\u0142a monarchi\u0105, to jeszcze ma zosta\u0107 przygnieciony symbolem obcej dominacji, na znak szyderstwa i pogardy dla polskiej konstytucji, gwarantuj\u0105cej \u015bwiecko\u015b\u0107 pa\u0144stwa. I oni to zrobi\u0105. Bo oni nie cofn\u0105 si\u0119 przed niczym. Nie musz\u0105. Co im zrobimy? P\u0142aszczenie si\u0119 przed Watykanem, a nawet gorzej \u2013 przed jego lokaln\u0105 agencj\u0105 \u2013 s\u0142u\u017cy Kaczy\u0144skiemu nie tylko jako bezgot\u00f3wkowy haracz za poparcie polityczne Ko\u015bcio\u0142a, lecz przede wszystkim jako lekcja bezwstydu i ostentacji, toruj\u0105cych drog\u0119 kultowi Zbawcy Narodu.<br \/>\n<!--more--><br \/>\nKaczy\u0144ski jest niem\u0142ody i niezbyt zdr\u00f3w. Z pewno\u015bci\u0105 my\u015bli ju\u017c o zwyci\u0119stwie w igrzyskach pami\u0119ci. Od tego, czy utrzyma w\u0142adz\u0119 przez kolejne kilka lat, zale\u017cy jego byt po\u015bmiertny. Czy w ka\u017cdym mie\u015bcie b\u0119d\u0105 ulice i place Kaczy\u0144skich? Czy kult Lecha i Jaros\u0142awa przy\u0107mi pami\u0119\u0107 o Lechu Wa\u0142\u0119sie? Czy bracia zostan\u0105 \u201ebohaterami narodowymi\u201d? To wszystko zale\u017cy od tego, kto b\u0119dzie rz\u0105dzi\u0142 przez pierwsze lata po \u015bmierci Kaczy\u0144skiego. Je\u015bli \u201eswoi\u201d, to zdo\u0142aj\u0105 \u2013 zanim odejd\u0105 \u2013 obstawi\u0107 Polsk\u0119 pomnikami Kaczy\u0144skich na tyle skutecznie, \u017ce kolejne rz\u0105dy nie b\u0119d\u0105 w stanie wiele ju\u017c z tym zrobi\u0107. Nie zdo\u0142aj\u0105 wszak pomnik\u00f3w tych zburzy\u0107. Je\u015bli jednak w\u0142adz\u0119 przejmie wr\u00f3g, czyli demokraci, po braciach nie pozostanie nic opr\u00f3cz ponurego wspomnienia, a dzieci nie dowiedz\u0105 si\u0119 w szkole, kto podni\u00f3s\u0142 niemiecko-rosyjskie kondominium z kolan. Tak mog\u0142oby si\u0119 na pierwszy rzut oka wydawa\u0107. Na szcz\u0119\u015bcie dla nas, a nieszcz\u0119\u015bcie Kaczy\u0144skiego, jest skazany na zapomnienie nawet w razie utrzymania si\u0119 jego \u015brodowiska u w\u0142adzy po \u015bmierci dyktatora.<\/p>\n<p>Oszo\u0142omieni bezczelno\u015bci\u0105 PiS, kt\u00f3ry rozmontowuje demokratyczn\u0105 i europejsk\u0105 Polsk\u0119 w taki spos\u00f3b, jak weseli harcerze sk\u0142adaj\u0105 namioty u kresu wakacji, popadamy w rezygnacj\u0119, granicz\u0105c\u0105 z przyzwoleniem. Bo co mamy robi\u0107, skoro nie mamy na nic wp\u0142ywu? Przyzwyczajamy si\u0119 do nowych warunk\u00f3w i do w\u0142asnej bezradno\u015bci. Cofamy si\u0119 w g\u0142\u0105b siebie, spontanicznie przyjmuj\u0105c t\u0119 sam\u0105 oportunistyczno-ironiczn\u0105 postaw\u0119, w kt\u00f3rej trwali\u015bmy w czasach PRL. Wtedy te\u017c zadowolona wi\u0119kszo\u015b\u0107 przypiera\u0142a ludzi \u015bwiat\u0142ych i my\u015bl\u0105cych demokratycznie do muru. Przera\u017ca\u0142a nas zadowolona z siebie bierno\u015b\u0107 i oportunizm masy, kt\u00f3r\u0105 nauczono karmi\u0107 si\u0119 dum\u0105 i kie\u0142bas\u0105 oraz pogardza\u0107 wariatami z KOR, manipulowanymi przez Zach\u00f3d, a mo\u017ce i przez Moskw\u0119. Dzi\u015b przera\u017ca nas po\u0142owa spo\u0142ecze\u0144stwa, maj\u0105ca w nosie Kaczy\u0144skiego, tak samo jak wszystko inne, i patrz\u0105ca wy\u0142\u0105cznie na w\u0142asne portfele. To oni s\u0105 nadziej\u0105 PiS i Ko\u015bcio\u0142a. To w\u0142a\u015bnie bierno\u015b\u0107 i egoizm masy utrzymuje autorytarny rz\u0105d, kt\u00f3ry wiedz\u0105c, \u017ce demokraci nie maj\u0105 poparcia w narodzie, mo\u017ce si\u0119 z nimi rozprawi\u0107 bezkarnie.<\/p>\n<p>Za chwil\u0119 polski Sejm przyjmie uchwa\u0142\u0119 o \u201eobjawieniach fatimskich\u201d \u2013 w dow\u00f3d swej bezprzyk\u0142adnej ciemnoty, zabobonno\u015bci i serwilizmu wobec Rydzyka. Ten akt poni\u017cenia i upodlenia pa\u0144stwa otwiera drog\u0119 do jego ostatecznej klerykalizacji i poddania Watykanowi. Wkr\u00f3tce Jan Pawe\u0142 II zostanie \u201epatronem\u201d wojew\u00f3dztwa kujawsko-pomorskiego. To nie jest ju\u017c groteska w stylu 1200 szk\u00f3\u0142 imienia JPII albo molo w Sopocie imienia JPII \u2013 to jest ju\u017c jest groza. Bo je\u015bli jednostka administracyjna pa\u0144stwa, jak\u0105 jest wojew\u00f3dztwo, zostaje trwale zwi\u0105zana z kultem religijnym, to znaczy to, \u017ce rozdzia\u0142 Ko\u015bcio\u0142a od pa\u0144stwa i jego religijna neutralno\u015b\u0107 nie s\u0105 ju\u017c nawet czcz\u0105 deklaracj\u0105 i fasad\u0105. Od dzi\u015b s\u0105 po prostu z\u0142udzeniem przesz\u0142o\u015bci. Polska staje si\u0119 na naszych oczach pa\u0144stwem nie tylko w porz\u0105dku fakt\u00f3w, lecz po prostu oficjalnie wyznaniowym. A \u017ce to wyznanie ma polityczn\u0105 form\u0119 pa\u0144stwa \u2013 tzw. Stolicy Apostolskiej \u2013 katolicka teokracja oznacza utrat\u0119 suwerenno\u015bci pa\u0144stwowej i regres do \u015bredniowiecza. Ci, kt\u00f3rzy rzucili Polsk\u0119 na kolana przed papie\u017cami i ich lokalnymi wasalami, s\u0105 zdrajcami. S\u0105 zdrajcami, kt\u00f3rzy dokonali zamachu na najwy\u017csz\u0105 \u015bwi\u0119to\u015b\u0107, jak\u0105 dla ka\u017cdego wolnego narodu i demokratycznego pa\u0144stwa jest \u015bwiecko\u015b\u0107 wsp\u00f3lnej przestrzeni demokratycznych instytucji. Nie rozliczy ich historia. Historia ich tylko zapomni.<\/p>\n<p>Krzy\u017c ma moc szanta\u017cowania. Gdy w imi\u0119 powrotu do \u015bwieckiego pa\u0144stwa b\u0119dziemy chcieli usun\u0105\u0107 symbole religii z nomenklatury pa\u0144stwowej i z pa\u0144stwowej przestrzeni, podniesie si\u0119 gwa\u0142t, \u017ce dokonuje si\u0119 zamachu na \u015bwi\u0119t\u0105 wiar\u0119 i Ko\u015bci\u00f3\u0142. Oni maj\u0105 odwag\u0119 ka\u017cdego dnia podnosi\u0107 r\u0119k\u0119 na woln\u0105 i \u015bwieck\u0105, polsk\u0105 pa\u0144stwowo\u015b\u0107, zaw\u0142aszczaj\u0105c j\u0105 kawa\u0142ek po kawa\u0142ku i naznaczaj\u0105c symbolami swojej ideologicznej dominacji. Ale czy jakikolwiek \u015bwiecki rz\u0105d w przysz\u0142o\u015bci znajdzie w sobie odwag\u0119, by ten proces zaw\u0142aszczania odwr\u00f3ci\u0107? Czy znajdzie si\u0142\u0119 moraln\u0105, by nie ugi\u0105\u0107 si\u0119 przed szanta\u017cem moralnym?<\/p>\n<p>Kaczy\u0144ski ma nadziej\u0119, \u017ce dzi\u0119ki wpisaniu si\u0119 ze swoj\u0105 po\u015bmiertn\u0105 legend\u0105 w narodowy katolicyzm wdrapie si\u0119 na pomnik i przetrwa pod krzy\u017cem. Dop\u00f3ki b\u0119d\u0105 wsz\u0119dzie krzy\u017ce, a Ko\u015bci\u00f3\u0142 b\u0119dzie rz\u0105dzi\u0142 wyobra\u017ani\u0105 i emocjami ludu, Kaczy\u0144scy b\u0119d\u0105 czczeni jako bohaterowie i odnowiciele katolickiego narodu. Tak sobie my\u015bli.<\/p>\n<p>Ale Kaczy\u0144ski si\u0119 myli. Ko\u015bci\u00f3\u0142 wie doskonale, \u017ce endecy traktuj\u0105 katolicyzm czysto instrumentalnie, a Kaczy\u0144ski nie cierpi biskup\u00f3w dok\u0142adnie tak samo jak oni jego. Ani troch\u0119 nie jest dla nich \u201esw\u00f3j\u201d. Traktuj\u0105 go jak ka\u017cd\u0105 inn\u0105 w\u0142adz\u0119 \u2013 ci\u0105gn\u0105, ile si\u0119 da, a w razie gdyby si\u0119 potkn\u0119\u0142a, to jeszcze kopn\u0105 w zadek. Tak samo by\u0142o w PRL \u2013 dop\u00f3ki by\u0142 mocny, jedli sobie z dzi\u00f3bk\u00f3w, a gdy zacz\u0105\u0142 si\u0119 sypa\u0107 \u2013 Ko\u015bci\u00f3\u0142 nagle zrobi\u0142 si\u0119 \u201esolidarno\u015bciowy\u201d, tworz\u0105c grunt pod swoje odnowione panowanie w nowych politycznych warunkach. Nie wiem, czy Ko\u015bci\u00f3\u0142 posiada jakie\u015b zalety czy cnoty. Z ca\u0142\u0105 pewno\u015bci\u0105 nie nale\u017cy do nich lojalno\u015b\u0107. Wszystko, co nieko\u015bcielne, jest przez Ko\u015bci\u00f3\u0142 katolicki u\u017cywane jak narz\u0119dzie. Taka jest zreszt\u0105 ko\u015bcielna doktryna, od czas\u00f3w Augustyna \u2013 gdyby kto\u015b nie wiedzia\u0142.<\/p>\n<p>Kaczy\u0144ski nie cierpi Ko\u015bcio\u0142a i wie, \u017ce oni to wiedz\u0105. Mimo to naiwnie wierzy, \u017ce jego ludzie go nie zdradz\u0105 i wymusz\u0105 na Ko\u015bciele wprowadzenie braci w sfer\u0119 quasi-religijnego kultu. Myli si\u0119. Jego ludzie te\u017c go nie cierpi\u0105. Nikt nie lubi tych, kt\u00f3rych si\u0119 boi. Po \u015bmierci Kaczy\u0144skiego potraktuj\u0105 go czysto instrumentalnie. A z kalkulacji wyjdzie im pewnie, \u017ce lepiej o braciach szybko zapomnie\u0107. B\u0119d\u0105 nowi liderzy, a Polska PiS b\u0119dzie tak skompromitowana, \u017ce kult Kaczy\u0144skich by\u0142by ju\u017c bez szans. Co nie znaczy, \u017ce Kaczy\u0144ski nie mo\u017ce liczy\u0107 na to, \u017ce przez kolejne kilkadziesi\u0105t lat b\u0119dzie mia\u0142 swoich wyznawc\u00f3w. Z pewno\u015bci\u0105 jednak nie tylu, ilu ma Gierek \u2013 bez jednego pomnika ani ulicy. No i bez pomocy Ko\u015bcio\u0142a. Swoj\u0105 drog\u0105 jaka\u017c to ironia losu, \u017ce ze wszystkich pierwszych sekretarzy akurat ten obecnie panuj\u0105cy \u2013 cho\u0107 jako jedyny wyniesiony do w\u0142adzy przez demokracj\u0119 &#8211; jednocze\u015bnie jest najmniej popularny.<\/p>\n<p>Niestety, Panie Prezesie. \u017baden Ko\u015bci\u00f3\u0142 tu nie pomo\u017ce \u2013 nie podzielisz losu Gomu\u0142ki i Gierka. Ani Jaruzelskiego. Oni s\u0105 jako\u015b tam jeszcze pami\u0119tani, w\u017carli si\u0119 w histori\u0119 Polski, a Pan Prezes b\u0119dzie tylko smutnym przypisem.<\/p>\n","protected":false},"excerpt":{"rendered":"<p>Nie ma dla nich \u015bwi\u0119to\u015bci. Teraz chc\u0105 przebi\u0107 koron\u0119 polskiego or\u0142a krzy\u017cem. Nie do\u015b\u0107, \u017ce orze\u0142 dosta\u0142 koron\u0119, jakby Polska by\u0142a monarchi\u0105, to jeszcze ma zosta\u0107 przygnieciony symbolem obcej dominacji, na znak szyderstwa i pogardy dla polskiej konstytucji, gwarantuj\u0105cej \u015bwiecko\u015b\u0107 pa\u0144stwa. I oni to zrobi\u0105. Bo oni nie cofn\u0105 si\u0119 przed niczym. Nie musz\u0105. Co [&hellip;]<\/p>\n","protected":false},"author":3,"featured_media":0,"comment_status":"open","ping_status":"closed","sticky":false,"template":"","format":"standard","meta":{"footnotes":""},"categories":[304,4,95],"tags":[],"_links":{"self":[{"href":"https:\/\/blog.polityka.pl\/hartman\/wp-json\/wp\/v2\/posts\/2223"}],"collection":[{"href":"https:\/\/blog.polityka.pl\/hartman\/wp-json\/wp\/v2\/posts"}],"about":[{"href":"https:\/\/blog.polityka.pl\/hartman\/wp-json\/wp\/v2\/types\/post"}],"author":[{"embeddable":true,"href":"https:\/\/blog.polityka.pl\/hartman\/wp-json\/wp\/v2\/users\/3"}],"replies":[{"embeddable":true,"href":"https:\/\/blog.polityka.pl\/hartman\/wp-json\/wp\/v2\/comments?post=2223"}],"version-history":[{"count":4,"href":"https:\/\/blog.polityka.pl\/hartman\/wp-json\/wp\/v2\/posts\/2223\/revisions"}],"predecessor-version":[{"id":2228,"href":"https:\/\/blog.polityka.pl\/hartman\/wp-json\/wp\/v2\/posts\/2223\/revisions\/2228"}],"wp:attachment":[{"href":"https:\/\/blog.polityka.pl\/hartman\/wp-json\/wp\/v2\/media?parent=2223"}],"wp:term":[{"taxonomy":"category","embeddable":true,"href":"https:\/\/blog.polityka.pl\/hartman\/wp-json\/wp\/v2\/categories?post=2223"},{"taxonomy":"post_tag","embeddable":true,"href":"https:\/\/blog.polityka.pl\/hartman\/wp-json\/wp\/v2\/tags?post=2223"}],"curies":[{"name":"wp","href":"https:\/\/api.w.org\/{rel}","templated":true}]}}