
{"id":2310,"date":"2017-05-16T10:33:35","date_gmt":"2017-05-16T08:33:35","guid":{"rendered":"http:\/\/hartman.blog.polityka.pl\/?p=2310"},"modified":"2017-05-16T19:41:09","modified_gmt":"2017-05-16T17:41:09","slug":"pochwala-bialej-rozy-kaczynskiemu-ku-przestrodze","status":"publish","type":"post","link":"https:\/\/blog.polityka.pl\/hartman\/2017\/05\/16\/pochwala-bialej-rozy-kaczynskiemu-ku-przestrodze\/","title":{"rendered":"Pochwa\u0142a Bia\u0142ej R\u00f3\u017cy (Kaczy\u0144skiemu ku przestrodze)"},"content":{"rendered":"<p>Dzi\u0119ki prezesowi PiS bia\u0142a r\u00f3\u017ca zyska\u0142a nowy \u0142adunek symboliczny. Dotychczas kojarzy\u0142a si\u0119 z oporem przeciwko nazizmowi w przedwojennych Niemczech, z pierestrojk\u0105 Gorbaczowa oraz \u201estylowymi piosenkami\u201d, wykonywanymi g\u0142\u00f3wnie w j\u0119zyku niemieckim i rosyjskim (bez zwi\u0105zku z polityk\u0105).<br \/>\n<!--more--><br \/>\n10 kwietnia tego roku grupa demonstrant\u00f3w broni\u0105cych czci ofiar katastrofy smole\u0144skiej przed poniewieraniem ich pami\u0119ci w coraz bardziej groteskowym i odra\u017caj\u0105cym politycznym spektaklu oszczerstw i paranoi, jakimi s\u0105 \u201emiesi\u0119cznice smole\u0144skie\u201d, przynios\u0142a na Krakowskie Przedmie\u015bcie bia\u0142e r\u00f3\u017ce.<\/p>\n<p>Jeszcze nigdy bodaj\u017ce nie widziano Jaros\u0142awa Kaczy\u0144skiego tak oszala\u0142ego, wr\u0119cz zaplutego, jak tego dnia, gdy wrzeszcza\u0142, \u017ce te bia\u0142e r\u00f3\u017ce s\u0105 symbolem skrajnej nienawi\u015bci i skrajnej g\u0142upoty. W ten oto spos\u00f3b naczelnik pa\u0144stwa w jednej chwili wykreowa\u0142 kwietny symbol opozycji walcz\u0105cej z jego w\u0142asnym re\u017cimem.<\/p>\n<p>Gratuluj\u0119 m\u0105dro\u015bci w zakresie PR oraz marketingu politycznego i prosz\u0119 o wi\u0119cej! Portugalczycy mieli swoje go\u017adziki, Kirgizi tulipany, a my b\u0119dziemy mieli bia\u0142e r\u00f3\u017ce. I zawdzi\u0119czamy to samemu Prezesowi. Jak w og\u00f3le wszystko. Z ca\u0142kiem skromnego rekwizytu niewielkiej demonstracji dzi\u0119ki prezesowskiemu nag\u0142o\u015bnieniu symbolika bia\u0142ej r\u00f3\u017cy dotrze do mas, czyni\u0105c z tego pi\u0119knego kwiatu znak rozpoznawczy dla wszystkich stawiaj\u0105cych op\u00f3r narodowo-katolickiemu populizmowi i autorytarnym rz\u0105dom Kaczy\u0144skiego. Ju\u017c dzi\u015b z bia\u0142ymi r\u00f3\u017cami pokazuj\u0105 si\u0119 pos\u0142owie i osoby publiczne, jak np. prof. Rzepli\u0144ski. A b\u0119dzie tylko lepiej.<\/p>\n<p>Na u\u017cytek \u201emedi\u00f3w narodowych\u201d i ca\u0142ego re\u017cimu podaj\u0119 oficjaln\u0105 wyk\u0142adni\u0119 symboliki bia\u0142ej r\u00f3\u017cy. Czyni\u0119 to dlatego, \u017ceby dok\u0142adnie wiedzieli, jak bardzo b\u0119d\u0105 \u0142ga\u0107, powtarzaj\u0105c brednie o nienawi\u015bci i g\u0142upocie. Ot\u00f3\u017c:<\/p>\n<p>Bia\u0142a r\u00f3\u017ca jest kwiatem czystym i pi\u0119knym \u2013 dlatego wybrano j\u0105 na znak pami\u0119ci o ofiarach katastrofy smole\u0144skiej. W r\u0119kach demonstrant\u00f3w, sprzeciwiaj\u0105cych si\u0119 profanacji tej pami\u0119ci i blu\u017anierczym \u201emodlitwom\u201d ziej\u0105cych paranoj\u0105 i nienawi\u015bci\u0105 akolit\u00f3w w\u0142adzy, hoduj\u0105cym w sobie mit zamachu i rzucaj\u0105cym najpodlejsze oszczerstwa, bia\u0142a r\u00f3\u017ca niesie przes\u0142anie do ofiar i ich rodzin.<\/p>\n<p>Przes\u0142anie to m\u00f3wi: boli nas, \u017ce paranoicy, do sp\u00f3\u0142ki z cynicznymi manipulatorami, nie ustaj\u0105 w k\u0142amstwie i obsesji, w\u0142\u0105czaj\u0105c Was w swoje paranoiczne zwidy zamachu, wybuch\u00f3w etc. Ale ci szale\u0144cy, kt\u00f3rzy n\u0119kaj\u0105 Was swoimi nienawistnymi obsesjami, nie stanowi\u0105 ca\u0142ego spo\u0142ecze\u0144stwa ani jego wi\u0119kszo\u015bci. S\u0105 jeszcze normalni ludzie, kt\u00f3rych brzydzi odra\u017caj\u0105ca komedia odgrywana przez PiS, wraz z pseudoreligijnymi \u201emiesi\u0119cznicami\u201d, podczas kt\u00f3rych w\u0142adza daje upust swojej paranoi i pogardzie dla prawdy i ca\u0142ego \u015bwiata, kt\u00f3rego nie zna i nie rozumie. Ci normalni ludzie maj\u0105 odwag\u0119 powiedzie\u0107 Wam: jeste\u015bmy z Wami. Nie zapominamy o Was. Pami\u0119\u0107 o Waszej tragicznej \u015bmierci nie pozostaje bez reszty w \u0142apach Kaczy\u0144skiego i Macierewicza. Nie damy si\u0119 zaszanta\u017cowa\u0107 moralnie, jakoby\u015bmy przeszkadzali w modlitwie. Nie damy si\u0119 zastraszy\u0107 policji ani prokuratorom Ziobry.<\/p>\n<p>Mamy odwag\u0119 powiedzie\u0107, \u017ce miesi\u0119cznice smole\u0144skie nie s\u0105 \u017cadn\u0105 modlitw\u0105, lecz spektaklem politycznej paranoi i nienawi\u015bci, w dodatku podszytej poczuciem winy oraz l\u0119kiem przed jej ujawnieniem, gdy\u017c jedynym niewyja\u015bnionym do ko\u0144ca elementem katastrofy 10 kwietnia 2010 r. jest udzia\u0142 b\u0142\u0119d\u00f3w i zaniedba\u0144 kancelarii prezydenckiej w ca\u0142ej z\u0142o\u017conej strukturze przyczyn tego wypadku. Z pewno\u015bci\u0105 i ten element zostanie kiedy\u015b zbadany, tak samo starannie, jak wyja\u015bnione zosta\u0142y wszystkie pozosta\u0142e. Miesi\u0119cznice nic na to nie poradz\u0105.<\/p>\n<p>Bia\u0142e r\u00f3\u017ce w naszych r\u0119kach symbolizuj\u0105 pami\u0119\u0107 o ofiarach i solidarno\u015b\u0107 z nimi, przeciwko politycznym manipulatorom i nienawistnikom. Symbolizuj\u0105 moralny op\u00f3r przeciwko \u201ereligii smole\u0144skiej\u201d, a szerzej \u2013 przeciwko ca\u0142emu re\u017cimowi PiS, kt\u00f3ry niszczy Polsk\u0119 i depcze najwy\u017csze warto\u015bci \u017cycia publicznego cywilizowanych, demokratycznych pa\u0144stw. Do cna za\u0142gany stosunek tego rz\u0105du do tragicznego wypadku pod Smole\u0144skiem w szczeg\u00f3lny spos\u00f3b pokazuje jego moraln\u0105 kar\u0142owato\u015b\u0107 \u2013 dlatego w\u0142a\u015bnie \u201esprawa smole\u0144ska\u201d jest w\u0142a\u015bciwym obszarem, na kt\u00f3rym kszta\u0142towa\u0107 si\u0119 powinno etyczne pot\u0119pienie tego re\u017cimu.<\/p>\n<p>I tak te\u017c si\u0119 dzieje. A nawyk\u0142y do zak\u0142amania i paranoi Jaros\u0142aw Kaczy\u0144ski zdolny jest wm\u00f3wi\u0107 sobie, \u017ce nie o cze\u015b\u0107 ofiar nam chodzi, lecz o wykrzyczenie pogardy i nienawi\u015bci. To w Kaczy\u0144skim i ludziach jego re\u017cimu s\u0105 pogarda i nienawi\u015b\u0107. W nas jest s\u0142uszny gniew i niezgoda na pod\u0142o\u015b\u0107, jak\u0105 jest \u0142garstwo smole\u0144skie PiS oraz ca\u0142a jego kipi\u0105ca od pychy i wrogo\u015bci wobec \u201enieswoich\u201d dzia\u0142alno\u015b\u0107.<\/p>\n<p>Intencje demonstrant\u00f3w walcz\u0105cych na Krakowskim Przedmie\u015bciu o godno\u015b\u0107 i honor ofiar katastrofy smole\u0144skiej s\u0105 czyste jak \u0142za. Kontrast moralny pomi\u0119dzy oszala\u0142ym z nienawi\u015bci i udr\u0119czonym z\u0142ym sumieniem Jaros\u0142awem Kaczy\u0144skim, miotaj\u0105cym wok\u00f3\u0142 siebie projekcje w\u0142asnych stan\u00f3w psychicznych, a czysto\u015bci\u0105 umys\u0142\u00f3w i serc tych nielicznych odwa\u017cnych obywateli, maj\u0105cych odwag\u0119 powiedzie\u0107 \u201eDo\u015b\u0107 poniewierania ofiarami!\u201d i dzier\u017c\u0105cymi w r\u0119kach bia\u0142e r\u00f3\u017ce, na znak moralnej czysto\u015bci, jest tak pora\u017caj\u0105cy, \u017ce bia\u0142e r\u00f3\u017ce, i tak ju\u017c czyste z natury, zdaj\u0105 si\u0119 roztacza\u0107 wok\u00f3\u0142 siebie aur\u0119 nietykalno\u015bci. Nie wa\u017c si\u0119 przeto, Jaros\u0142awie Kaczy\u0144ski, wyrywa\u0107 bia\u0142ych r\u00f3\u017c z naszych r\u0105k! Te r\u00f3\u017ce, czyste i zwiastuj\u0105ce pok\u00f3j, k\u0142uj\u0105 kolcami, gdy \u0142api\u0105 je \u0142apska siepaczy. I nie tylko k\u0142uj\u0105 \u2013 w miejsce ka\u017cdej wyrwanej i zdeptanej wyrasta tysi\u0105c nowych. Strze\u017c si\u0119 bia\u0142ych r\u00f3\u017c, Jaros\u0142awie Kaczy\u0144ski.<\/p>\n<p>Stajemy z bia\u0142\u0105 r\u00f3\u017c\u0105 w r\u0119kach i z jasnym obliczem \u2013 twarz\u0105 w twarz z zapiek\u0142\u0105 pych\u0105 i nienawi\u015bci\u0105. Wynik tej konfrontacji mo\u017ce by\u0107 tylko jeden. Nie trzeba by\u0107 chrze\u015bcijaninem, aby wiedzie\u0107, \u017ce czysto\u015b\u0107 serca i biel r\u00f3\u017cy zawsze zwyci\u0119\u017c\u0105 z but\u0105, paranoj\u0105, nienawi\u015bci\u0105 i czerni\u0105. Wasza walka jest ju\u017c przegrana. Mo\u017cecie utrzyma\u0107 w\u0142adz\u0119 przez rok czy dwa, ale moralnej kl\u0119ski tego re\u017cimu nie jest w stanie ukoi\u0107 nic opr\u00f3cz jednej rzeczy \u2013 naszego przebaczenia. Jeste\u015bmy do niego zdolni, jakkolwiek d\u0142ugo b\u0119dziecie musieli na to przebaczenie pracowa\u0107.<\/p>\n<p>Traktujcie nasze bia\u0142e r\u00f3\u017ce jako zadatek na to trudne przebaczenie. Niech widok tego kwiatu b\u0119dzie dla Was jak memento i napomnienie, lecz r\u00f3wnie\u017c znak nadziei, \u017ce kiedy\u015b, gdy b\u0119dzie trzeba si\u0119 rozliczy\u0107 z kolaboracji, spotkacie si\u0119 z mi\u0142osiernymi s\u0119dziami, wra\u017cliwymi na Wasz\u0105 skruch\u0119.<a href=\"\/wp-content\/uploads\/2017\/05\/biale-r\u00f3\u017ce.jpg\"><img loading=\"lazy\" decoding=\"async\" class=\"aligncenter size-full wp-image-2311\" src=\"\/wp-content\/uploads\/2017\/05\/biale-r\u00f3\u017ce.jpg\" alt=\"biale-roze\" width=\"768\" height=\"431\" srcset=\"\/hartman\/wp-content\/uploads\/2017\/05\/biale-r\u00f3\u017ce.jpg 768w, \/hartman\/wp-content\/uploads\/2017\/05\/biale-r\u00f3\u017ce-300x168.jpg 300w\" sizes=\"(max-width: 768px) 100vw, 768px\" \/><\/a><\/p>\n","protected":false},"excerpt":{"rendered":"<p>Dzi\u0119ki prezesowi PiS bia\u0142a r\u00f3\u017ca zyska\u0142a nowy \u0142adunek symboliczny. Dotychczas kojarzy\u0142a si\u0119 z oporem przeciwko nazizmowi w przedwojennych Niemczech, z pierestrojk\u0105 Gorbaczowa oraz \u201estylowymi piosenkami\u201d, wykonywanymi g\u0142\u00f3wnie w j\u0119zyku niemieckim i rosyjskim (bez zwi\u0105zku z polityk\u0105).<\/p>\n","protected":false},"author":3,"featured_media":0,"comment_status":"open","ping_status":"closed","sticky":false,"template":"","format":"standard","meta":{"footnotes":""},"categories":[304,95,6,462],"tags":[521,516],"_links":{"self":[{"href":"https:\/\/blog.polityka.pl\/hartman\/wp-json\/wp\/v2\/posts\/2310"}],"collection":[{"href":"https:\/\/blog.polityka.pl\/hartman\/wp-json\/wp\/v2\/posts"}],"about":[{"href":"https:\/\/blog.polityka.pl\/hartman\/wp-json\/wp\/v2\/types\/post"}],"author":[{"embeddable":true,"href":"https:\/\/blog.polityka.pl\/hartman\/wp-json\/wp\/v2\/users\/3"}],"replies":[{"embeddable":true,"href":"https:\/\/blog.polityka.pl\/hartman\/wp-json\/wp\/v2\/comments?post=2310"}],"version-history":[{"count":4,"href":"https:\/\/blog.polityka.pl\/hartman\/wp-json\/wp\/v2\/posts\/2310\/revisions"}],"predecessor-version":[{"id":2313,"href":"https:\/\/blog.polityka.pl\/hartman\/wp-json\/wp\/v2\/posts\/2310\/revisions\/2313"}],"wp:attachment":[{"href":"https:\/\/blog.polityka.pl\/hartman\/wp-json\/wp\/v2\/media?parent=2310"}],"wp:term":[{"taxonomy":"category","embeddable":true,"href":"https:\/\/blog.polityka.pl\/hartman\/wp-json\/wp\/v2\/categories?post=2310"},{"taxonomy":"post_tag","embeddable":true,"href":"https:\/\/blog.polityka.pl\/hartman\/wp-json\/wp\/v2\/tags?post=2310"}],"curies":[{"name":"wp","href":"https:\/\/api.w.org\/{rel}","templated":true}]}}