
{"id":2326,"date":"2017-05-24T20:23:19","date_gmt":"2017-05-24T18:23:19","guid":{"rendered":"http:\/\/hartman.blog.polityka.pl\/?p=2326"},"modified":"2017-05-24T20:40:11","modified_gmt":"2017-05-24T18:40:11","slug":"a-wiec-bojkot-2","status":"publish","type":"post","link":"https:\/\/blog.polityka.pl\/hartman\/2017\/05\/24\/a-wiec-bojkot-2\/","title":{"rendered":"A wi\u0119c bojkot!"},"content":{"rendered":"<p>Czystki w mediach publicznych, posuni\u0119te a\u017c do wyrzucania dziennikarzy za robienie wywiad\u00f3w z nieprawomy\u015blnymi go\u015b\u0107mi, a tak\u017ce odmowa udzia\u0142u w festiwalu Opole 2017 wi\u0119kszo\u015bci artyst\u00f3w &#8211; to sygna\u0142y, \u017ce sytuacja dojrza\u0142a do og\u0142oszenia bojkotu medi\u00f3w re\u017cimowych. Czas powiedzie\u0107 sobie jasno: media rz\u0105dowe sta\u0142y si\u0119 or\u0119\u017cem bezwstydnej i prymitywnej propagandy partyjnej, a niesubordynacja wzgl\u0119dem kierownictwa politycznego oznacza dla zatrudnionych tam dziennikarzy zwolnienie z pracy.<br \/>\n<!--more--><br \/>\nW takiej sytuacji \u017caden uczciwy cz\u0142owiek nie powinien pokazywa\u0107 si\u0119 w tych stacjach. I, prawd\u0119 m\u00f3wi\u0105c, niewielu uczciwych ludzi jeszcze to robi. Czym innym jest jednak indywidualna decyzja, a czym innym zorganizowany bojkot.<\/p>\n<p>Og\u0142aszaj\u0105c bojkot medi\u00f3w publicznych, wywieramy presj\u0119 na polityk\u00f3w i artyst\u00f3w i powiadamy im: je\u015bli idziesz do tych redakcji, to wiedz, \u017ce nie solidaryzujesz si\u0119 z akcj\u0105 sprzeciwu wobec autorytarnych rz\u0105d\u00f3w i zaw\u0142aszczania przez rz\u0105dz\u0105c\u0105 parti\u0119 medi\u00f3w publicznych. Taka presja moralna wiele znaczy i mo\u017ce przyczyni\u0107 si\u0119 do tego, \u017ce wiele os\u00f3b, chc\u0105c unikn\u0105\u0107 zarzutu kolaboracji, jednak zrezygnuje z udzia\u0142u w programie, cho\u0107by mia\u0142o na to ochot\u0119. A ochota u niekt\u00f3rych ludzi jest wszak niema\u0142a.<\/p>\n<p>Bojkot medi\u00f3w re\u017cimowych mia\u0142 miejsce w czasie stanu wojennego. W tym okresie wyst\u0119powanie w telewizji b\u0105d\u017a radiu oznacza\u0142o jawne poparcie dla w\u0142adzy Jaruzelskiego. Dzi\u015b spraw\u0119 trzeba postawi\u0107 analogicznie: kto idzie do pisowskiej telewizji albo radia b\u0105d\u017a udziela wywiad\u00f3w tzw. mediom prawicowym, \u017cyj\u0105cym z nienawistnego paszkwilanctwa i og\u0142osze\u0144 rz\u0105dowych, ten wspiera re\u017cim Kaczy\u0144skiego i bierze na siebie odpowiedzialno\u015b\u0107 za przed\u0142u\u017cenie jego trwania. Czyni tak nawet wtedy, gdy rz\u0105d krytykuje, gdy\u017c daj\u0105c si\u0119 zaprasza\u0107 jako listek figowy, os\u0142aniaj\u0105cy wstyd propagandy, pomaga tworzy\u0107 fars\u0119 i wspiera k\u0142amstwo o pluralizmie i dziennikarskiej uczciwo\u015bci \u201emedi\u00f3w narodowych\u201d.<\/p>\n<p>Dlatego, je\u015bli jeste\u015b politykiem, aktorem, artyst\u0105, specjalist\u0105, sportowcem b\u0105d\u017a kimkolwiek, kogo redaktorzy zapraszaj\u0105 do udzia\u0142u w programie, po prostu odmawiaj. Nie kolaboruj i nie usprawiedliwiaj si\u0119 przed sob\u0105 i innymi swoj\u0105 rzekom\u0105 niezale\u017cno\u015bci\u0105 s\u0105du. Wyst\u0119puj\u0105c w mediach PiS, pomagasz im, a tym samym pomagasz tej w\u0142adzy, kt\u00f3ra ka\u017cdego dnia depcze prawa i zasady demokratycznego pa\u0144stwa prawnego oraz nurza si\u0119 z lubo\u015bci\u0105 w bezwstydnym nepotyzmie i partyjnym kolesiostwie, na skal\u0119 nieznan\u0105 w Polsce po 1989 r.<\/p>\n<p>Bojkot jest naszym patriotycznym obowi\u0105zkiem i nieuczestniczenie w nim b\u0119dzie zapami\u0119tane, tak jak zapami\u0119tana zosta\u0142a kolaboracja z \u201eczerwonym\u201d w stanie wojennym. Oczywi\u015bcie b\u0119dzie tak, je\u015bli has\u0142o \u201eBOJKOT!\u201d chwyci. Nie jestem jedyny, lecz tym bardziej pewny swej s\u0142uszno\u015bci i szans powodzenia.<\/p>\n<p>Wzywam wi\u0119c wszystkich, kt\u00f3rzy s\u0105 b\u0105d\u017a mog\u0105 by\u0107 zapraszani de medi\u00f3w rz\u0105dowych, do przyj\u0119cia jasnej i jednoznacznej postawy: do TVP i PR nie chodz\u0119! Niech TVPiS ud\u0142awi si\u0119 we w\u0142asnym sosie, niech sobie gadaj\u0105 do swoich i pokazuj\u0105 swoich. Niech b\u0119dzie jasne, \u017ce kto idzie do tych stacji i kto je ogl\u0105da czy s\u0142ucha, ten jest po stronie re\u017cimu. Czas najwy\u017cszy, \u017ceby \u201etak\u201d by\u0142o \u201etak\u201d, a \u201enie\u201d znaczy\u0142o \u201enie\u201d.<\/p>\n<p>W czasach walki o wolno\u015b\u0107 ka\u017cdy musi si\u0119 za czym\u015b opowiedzie\u0107 \u2013 albo jeste\u015b za Macierewiczem i Ziobr\u0105, albo chcesz Polski, w kt\u00f3rej dzia\u0142a konstytucyjna kontrola prawa, a w\u0142adza s\u0105downicza jest autonomiczna. Albo chcesz walki z Uni\u0105 Europejsk\u0105, albo chcesz by\u0107 w Unii. Albo chcesz wycinania puszczy, albo ochrony przyrody. Albo chcesz og\u0142aszania i wykonywania wyrok\u00f3w Trybuna\u0142u Konstytucyjnego, albo chcesz \u201erewolucyjnego\u201d bezprawia. Albo chcesz bezwstydnego obdzielania dzia\u0142aczy partyjnych synekurami, albo chcesz, by na stanowiskach pa\u0144stwowych byli ludzie w miar\u0119 wykszta\u0142ceni i kompetentni. Albo chcesz, aby Polsk\u0105 rz\u0105dzi\u0142 rz\u0105d, albo chcesz w\u0142adzy \u201epierwszego sekretarza\u201d. Albo chcesz demokracji, albo atrapy PRL.<\/p>\n<p>Taki masz wyb\u00f3r i ujawniasz go, id\u0105c do medi\u00f3w PiS albo bojkotuj\u0105c je. Szanta\u017c moralny? Mo\u017ce i tak, ale masz jaki\u015b lepszy pomys\u0142? Je\u015bli masz, to poka\u017c, co takiego m\u0105drego wymy\u015bli\u0142e\u015b i zrobi\u0142e\u015b, aby powstrzyma\u0107 Kaczy\u0144skiego. Nic? To mo\u017ce lepiej ju\u017c nic nie m\u00f3wi\u0107 i na dobry pocz\u0105tek nie \u0142ama\u0107 bojkotu i nie kolaborowa\u0107 z t\u0105 w\u0142adz\u0105?<\/p>\n","protected":false},"excerpt":{"rendered":"<p>Czystki w mediach publicznych, posuni\u0119te a\u017c do wyrzucania dziennikarzy za robienie wywiad\u00f3w z nieprawomy\u015blnymi go\u015b\u0107mi, a tak\u017ce odmowa udzia\u0142u w festiwalu Opole 2017 wi\u0119kszo\u015bci artyst\u00f3w &#8211; to sygna\u0142y, \u017ce sytuacja dojrza\u0142a do og\u0142oszenia bojkotu medi\u00f3w re\u017cimowych. Czas powiedzie\u0107 sobie jasno: media rz\u0105dowe sta\u0142y si\u0119 or\u0119\u017cem bezwstydnej i prymitywnej propagandy partyjnej, a niesubordynacja wzgl\u0119dem kierownictwa politycznego [&hellip;]<\/p>\n","protected":false},"author":3,"featured_media":0,"comment_status":"open","ping_status":"closed","sticky":false,"template":"","format":"standard","meta":{"footnotes":""},"categories":[18,6],"tags":[324,526,320],"_links":{"self":[{"href":"https:\/\/blog.polityka.pl\/hartman\/wp-json\/wp\/v2\/posts\/2326"}],"collection":[{"href":"https:\/\/blog.polityka.pl\/hartman\/wp-json\/wp\/v2\/posts"}],"about":[{"href":"https:\/\/blog.polityka.pl\/hartman\/wp-json\/wp\/v2\/types\/post"}],"author":[{"embeddable":true,"href":"https:\/\/blog.polityka.pl\/hartman\/wp-json\/wp\/v2\/users\/3"}],"replies":[{"embeddable":true,"href":"https:\/\/blog.polityka.pl\/hartman\/wp-json\/wp\/v2\/comments?post=2326"}],"version-history":[{"count":3,"href":"https:\/\/blog.polityka.pl\/hartman\/wp-json\/wp\/v2\/posts\/2326\/revisions"}],"predecessor-version":[{"id":2330,"href":"https:\/\/blog.polityka.pl\/hartman\/wp-json\/wp\/v2\/posts\/2326\/revisions\/2330"}],"wp:attachment":[{"href":"https:\/\/blog.polityka.pl\/hartman\/wp-json\/wp\/v2\/media?parent=2326"}],"wp:term":[{"taxonomy":"category","embeddable":true,"href":"https:\/\/blog.polityka.pl\/hartman\/wp-json\/wp\/v2\/categories?post=2326"},{"taxonomy":"post_tag","embeddable":true,"href":"https:\/\/blog.polityka.pl\/hartman\/wp-json\/wp\/v2\/tags?post=2326"}],"curies":[{"name":"wp","href":"https:\/\/api.w.org\/{rel}","templated":true}]}}