
{"id":2429,"date":"2017-08-08T21:49:59","date_gmt":"2017-08-08T19:49:59","guid":{"rendered":"http:\/\/hartman.blog.polityka.pl\/?p=2429"},"modified":"2017-08-09T11:32:19","modified_gmt":"2017-08-09T09:32:19","slug":"kaczynski-to-nasza-wina-co-za-narod","status":"publish","type":"post","link":"https:\/\/blog.polityka.pl\/hartman\/2017\/08\/08\/kaczynski-to-nasza-wina-co-za-narod\/","title":{"rendered":"Kaczy\u0144ski to nasza wina! Co za nar\u00f3d!"},"content":{"rendered":"<p>Z opublikowanego w\u0142a\u015bnie sonda\u017cu IPSOS dla OKO.press wynika, \u017ce PiS ma obecnie 40 proc. poparcia, a razem z Kukizem 51 proc. Poparcie dla PiS w\u015br\u00f3d prostych ludzi na wsi ro\u015bnie i przekracza 50 proc.! Jaki wstyd! Polacy, jaki to straszny wstyd! Kim jeste\u015bmy, my, nar\u00f3d zasiedzia\u0142y w samym \u015brodku Europy, w XXI wieku? Je\u015bli nic nam jakiesi \u201etrybuna\u0142y\u201d i \u201ekonstytucje\u201d, to mo\u017ce chocia\u017c \u201ele\u015bne ruchad\u0142a\u201d i \u201ec\u00f3rki le\u015bnika\u201d? Albo mo\u017ce op\u0119ta\u0144cza wycinka Puszczy Bia\u0142owieskiej? A jak nie, to mo\u017ce szale\u0144stwo w oczach Macierewicza? Nie! I to nie, i tamto nie! Ani wstydu, ani gustu. Nic. T\u0119pota, prostactwo, bezwstyd. I tak na okr\u0105g\u0142o. T\u0119pota, prostactwo, bezwstyd&#8230; Ad infinitum.<br \/>\n<!--more--><br \/>\nCzy\u017cby narody by\u0142y bez winy? Jednostki wolno jeszcze w naszych czasach za to i owo obwinia\u0107 (jak d\u0142ugo jeszcze?), lecz spo\u0142ecze\u0144stwa nigdy! Epoka demokratyczna uczyni\u0142a z lizusostwa polityk\u00f3w wzgl\u0119dem grup spo\u0142ecznych niemal\u017ce zasad\u0119 moraln\u0105. Zw\u0142aszcza ca\u0142o\u015b\u0107 spo\u0142eczna jest poza wszelk\u0105 krytyk\u0105. O narodach \u017ale m\u00f3wi\u0107 nie wolno. S\u0105 zawsze bez skazy!<\/p>\n<p>A skoro o narodach nie mo\u017cna, to nie mo\u017cna te\u017c o ludowych ich warstwach, bo\u0107 te s\u0105 przecie\u017c sam\u0105 ich sol\u0105 i korzeniem. Niech inteligencja zajmuje si\u0119 sob\u0105, a nar\u00f3d i lud zostawi w spokoju. Bo jak nie, to mo\u017ce ten lud gnaty komu\u015b przetr\u0105ci\u0107. Do\u015b\u0107 tego! Czas powiedzie\u0107 sobie, \u017ce po epoce glorii (karnawa\u0142u Solidarno\u015bci i transformacji demokratycznej po roku 1989) nasta\u0142a epoka wstydu dla naszego narodu. Sami zgotowali\u015bmy sobie spektakl zwijania demokracji i rz\u0105d\u00f3w prawa oraz wypinania si\u0119 go\u0142\u0105 d&#8230; na Europ\u0119 i \u015bwiat.<\/p>\n<p>I na tym spektaklu \u2013 my, nar\u00f3d Polski \u2013 wci\u0105\u017c bawimy si\u0119 setnie. Tak, nasza wina, nasza bardzo wielka wina. Kaczy\u0144ski to nasza wina! Macierewicz to nasza wina! Ziobro to nasza wina! Nasza, bo to przez nas, ludzi kulturalnych, zazdro\u015bnie strzeg\u0105cych swego \u015bwiata przez obcymi, jest nas mniej ni\u017c tych niewymownie \u201einnych\u201d. Tych, co i w cuda uwierz\u0105, i p\u00f3\u0142 litrem nie pogardz\u0105, i na \u017byda bluzn\u0105. Demokracja prawd\u0119 ci powie. Prawd\u0119, kt\u00f3ra mo\u017ce rani\u0107 i oburza\u0107, ale jest prawdziw\u0105 prawd\u0105.<\/p>\n<p>W wyborach i sonda\u017cach bior\u0105 udzia\u0142 nie tylko tacy, co maj\u0105 \u201eopini\u0119\u201d, bo s\u0105 w miar\u0119 inteligentni i kulturalni, a w dodatku maj\u0105 jakie\u015b \u201epoj\u0119cie o wyobra\u017ceniu\u201d. Ot\u00f3\u017c w demokratycznych wyborach bior\u0105 udzia\u0142 wszyscy \u2013 m\u0105drzy i g\u0142upi, dobrzy i \u017ali, kulturalni i prostacy, \u015bwi\u0119ci i zbrodniarze, porz\u0105dni i podli, przeci\u0119tni i wielcy. I ka\u017cdy z nich ma po jednym g\u0142osie. Tak samo w sonda\u017cu. Mam\u017ce t\u0142umaczy\u0107, kogo jest wi\u0119cej? Maj\u0105cych jakie\u015b poj\u0119cie o pa\u0144stwie i polityce czy tych drugich? Maj\u0105cych jakie\u015b obywatelskie idea\u0142y czy tych drugich? Szanuj\u0105cych pa\u0144stwo i prawo czy tych drugich?<\/p>\n<p>Opu\u015bcili\u015bmy prostych ludzi, zostawili\u015bmy sam na sam z demonami przesz\u0142o\u015bci, z zabobonem, ko\u0142tunem, panem, w\u00f3jtem i plebanem \u2013 to i teraz mamy. Wiejska i ma\u0142omiasteczkowa Polska, pa\u0144szczy\u017aniana i rozbiorowa, katolicka i komusza, siad\u0142a nam teraz na karku, batem i butelk\u0105 wywija, a buciorami w nerki kopie. Wio! Oj, mamy wesele. Mamy tu dzisiaj niez\u0142e Bronowice.<\/p>\n<p>Ten sonda\u017c, dla mnie, przyznam, niespodziewany, to wiadomo\u015b\u0107 tragiczna, bo stanowi dow\u00f3d, dow\u00f3d jak najbardziej empiryczny, \u017ce poparcie dla re\u017cimu nie spada, gdy ten\u017ce si\u0119 radykalizuje i umacnia sw\u00f3j autorytaryzm. Ju\u017c nie dla jednej trzeciej, jak mo\u017cna by\u0142o si\u0119 \u0142udzi\u0107 dwa lata temu, lecz dla po\u0142owy Polak\u00f3w demokracja nie znaczy nic, a najbardziej \u017cenuj\u0105ce ekscesy korupcji i warcholstwa nie robi\u0105 na prowincjonalnej Polsce \u017cadnego wra\u017cenia.<\/p>\n<p>Dla po\u0142owy Polak\u00f3w liczy si\u0119 tyko kasa i \u201eporz\u0105dek\u201d, czyli swojsko\u015b\u0107. Czyli jakie\u015b og\u00f3lne prostactwo i nad\u0119cie, odzwierciedlaj\u0105ce ich samopoczucie, \u0142agodz\u0105ce ich l\u0119ki i daj\u0105ce z\u0142udzenie, \u017ce skoro rz\u0105dz\u0105 tacy sami jak oni, to ich godno\u015b\u0107 jest zabezpieczona. Ta druga, kulturalniejsza po\u0142owa narodu sta\u0142a si\u0119 zak\u0142adniczk\u0105 tej pierwszej. I dobrze nam tak! My\u015bleli\u015bmy, \u017ce wystarczy \u201ei\u015b\u0107 do miasta\u201d? I\u015b\u0107 \u201ena studia\u201d? A babcia niech s\u0142ucha sobie Rydzyka? A wujek niech sobie chla? A ksi\u0105dz niech stawia sobie plebani\u0119 na trzy pi\u0119tra i ob\u015bciskuje? A \u015bmieci dalej do lasu? I tak dalej.<\/p>\n<p>My\u015bmy uciekli ze swoich \u015brodowisk, zamiast powr\u00f3ci\u0107 tam, by wyr\u00f3wna\u0107 swoje rachunki \u2013 by odda\u0107 rodzicom, dziadkom, s\u0105siadom to, co si\u0119 im od nas nale\u017ca\u0142o: odrobin\u0119 wiedzy o \u015bwiecie. Ale nam si\u0119 nie chcia\u0142o. Dlatego to nasza wina, nasza wina. I nie\u0142atwo ju\u017c b\u0119dzie j\u0105 naprawi\u0107. Bo tymczasem Kaczy\u0144ski mo\u017ce robi\u0107, co chce, i dop\u00f3ki b\u0119dzie kasa w ch\u0142opskim portfelu, tacy ludzie b\u0119d\u0105 rz\u0105dzi\u0107. Jak\u017ce nisko upadli\u015bmy, skoro musimy modli\u0107 si\u0119 o katastrof\u0119 gospodarcz\u0105, by ratowa\u0107 si\u0119 z katastrofy politycznej i moralnej narodu&#8230;<\/p>\n","protected":false},"excerpt":{"rendered":"<p>Z opublikowanego w\u0142a\u015bnie sonda\u017cu IPSOS dla OKO.press wynika, \u017ce PiS ma obecnie 40 proc. poparcia, a razem z Kukizem 51 proc. Poparcie dla PiS w\u015br\u00f3d prostych ludzi na wsi ro\u015bnie i przekracza 50 proc.! Jaki wstyd! Polacy, jaki to straszny wstyd! Kim jeste\u015bmy, my, nar\u00f3d zasiedzia\u0142y w samym \u015brodku Europy, w XXI wieku? Je\u015bli nic [&hellip;]<\/p>\n","protected":false},"author":3,"featured_media":2437,"comment_status":"open","ping_status":"closed","sticky":false,"template":"","format":"standard","meta":{"footnotes":""},"categories":[449,304,95,6],"tags":[495,560],"_links":{"self":[{"href":"https:\/\/blog.polityka.pl\/hartman\/wp-json\/wp\/v2\/posts\/2429"}],"collection":[{"href":"https:\/\/blog.polityka.pl\/hartman\/wp-json\/wp\/v2\/posts"}],"about":[{"href":"https:\/\/blog.polityka.pl\/hartman\/wp-json\/wp\/v2\/types\/post"}],"author":[{"embeddable":true,"href":"https:\/\/blog.polityka.pl\/hartman\/wp-json\/wp\/v2\/users\/3"}],"replies":[{"embeddable":true,"href":"https:\/\/blog.polityka.pl\/hartman\/wp-json\/wp\/v2\/comments?post=2429"}],"version-history":[{"count":4,"href":"https:\/\/blog.polityka.pl\/hartman\/wp-json\/wp\/v2\/posts\/2429\/revisions"}],"predecessor-version":[{"id":2434,"href":"https:\/\/blog.polityka.pl\/hartman\/wp-json\/wp\/v2\/posts\/2429\/revisions\/2434"}],"wp:featuredmedia":[{"embeddable":true,"href":"https:\/\/blog.polityka.pl\/hartman\/wp-json\/wp\/v2\/media\/2437"}],"wp:attachment":[{"href":"https:\/\/blog.polityka.pl\/hartman\/wp-json\/wp\/v2\/media?parent=2429"}],"wp:term":[{"taxonomy":"category","embeddable":true,"href":"https:\/\/blog.polityka.pl\/hartman\/wp-json\/wp\/v2\/categories?post=2429"},{"taxonomy":"post_tag","embeddable":true,"href":"https:\/\/blog.polityka.pl\/hartman\/wp-json\/wp\/v2\/tags?post=2429"}],"curies":[{"name":"wp","href":"https:\/\/api.w.org\/{rel}","templated":true}]}}