
{"id":2596,"date":"2017-11-21T13:28:03","date_gmt":"2017-11-21T12:28:03","guid":{"rendered":"http:\/\/hartman.blog.polityka.pl\/?p=2596"},"modified":"2017-11-21T15:59:40","modified_gmt":"2017-11-21T14:59:40","slug":"tusk-ryknal-z-europy-kaczynskiemu-biada","status":"publish","type":"post","link":"https:\/\/blog.polityka.pl\/hartman\/2017\/11\/21\/tusk-ryknal-z-europy-kaczynskiemu-biada\/","title":{"rendered":"Tusk rykn\u0105\u0142 z Europy \u2013 Kaczy\u0144skiemu biada"},"content":{"rendered":"<p>S\u0142ynny alarmistyczny wpis Tuska (\u201eAlarm! Ostry sp\u00f3r z Ukrain\u0105, izolacja w Unii Europejskiej, odej\u015bcie od rz\u0105d\u00f3w prawa i niezawis\u0142o\u015bci s\u0105d\u00f3w, atak na sektor pozarz\u0105dowy i wolne media \u2013 strategia PiS czy plan Kremla? Zbyt podobne, by spa\u0107 spokojnie\u201d) to co\u015b wi\u0119cej ni\u017c ryk przebudzonego lwa polskiej polityki. Tak rykn\u0119\u0142a na nas Europa.<br \/>\n<!--more--><br \/>\nDonald Tusk ma wszelkie powody, by powr\u00f3ci\u0107 do Polski. Powody osobiste \u2013 ma rachunki do wyr\u00f3wnania ze swoim odwiecznym wrogiem, Jaros\u0142awem Kaczy\u0144skim. Powody, by tak rzec, historiozoficzne \u2013 je\u015bli ma wej\u015b\u0107 na sta\u0142e do polskiej historii, musi stoczy\u0107 ostatni b\u00f3j i go wygra\u0107. A powody polityczne \u2013 nie wygl\u0105da na to, aby Schetyna z Petru poradzili sobie sami.<\/p>\n<p>Tusk wie wi\u0119cej ni\u017c my. Je\u015bli zdecydowa\u0142 si\u0119 na ten dramatyczny, jak na obyczaje dyplomacji, krok, to zapewne dlatego, aby ostrzec Polak\u00f3w, \u017ce cierpliwo\u015b\u0107 Europy naprawd\u0119 si\u0119 sko\u0144czy\u0142a. Ostatnia rezolucja Parlamentu Europejskiego, otwieraj\u0105ca drog\u0119 do zastosowania wobec Polski politycznych sankcji, a tak\u017ce ostatni wyrok Trybuna\u0142u Sprawiedliwo\u015bci Unii Europejskiej, nakazuj\u0105cy bezwzgl\u0119dne i natychmiastowe zaprzestanie wycinki Puszczy Bia\u0142owieskiej pod gro\u017ab\u0105 wysokich kar, \u015bwiadcz\u0105 o tym, \u017ce polityka ignorowania Polski b\u0105d\u017a pob\u0142a\u017cania jej, po\u0142\u0105czonego ze stopniow\u0105 marginalizacj\u0105 i izolowaniem \u201echorego cz\u0142owieka Europy\u201d, w\u0142a\u015bnie si\u0119 ko\u0144czy. Najwyra\u017aniej g\u00f3r\u0119 wzi\u0119\u0142o bardziej zdecydowane stanowisko prezydenta Macrona, a kanclerz Merkel traci argumenty na rzecz dalszej wyrozumia\u0142o\u015bci dla re\u017cimu Kaczy\u0144skiego. Prawdopodobnie kropl\u0105, kt\u00f3ra przela\u0142a czar\u0119, by\u0142 niedawny faszystowski marsz ulicami Warszawy, kt\u00f3rego rasistowskie has\u0142a cytowa\u0142a prasa w ca\u0142ej Europie. Os\u0142anianie faszyzmu przez polski rz\u0105d nie b\u0119dzie tolerowane, o czym zapewne Kaczy\u0144ski ju\u017c zdo\u0142a\u0142 si\u0119 przekona\u0107.<\/p>\n<p>Za wpisem Tuska kryje si\u0119 jednak jeszcze co\u015b wi\u0119cej. Alarmistyczny ton i zwr\u00f3cenie uwagi na zgodno\u015b\u0107 post\u0119powania Polski z politycznym planem Kremla, kt\u00f3ry obliczony jest na rozbudzenie nacjonalizm\u00f3w i populizmu w krajach Unii, aby w ten spos\u00f3b os\u0142abi\u0107 jej sp\u00f3jno\u015b\u0107, mo\u017ce oznacza\u0107, \u017ce w\u0142adze Unii, kt\u00f3re Tusk reprezentuje, s\u0105 w posiadaniu konkretniejszych informacji wywiadowczych na ten temat. W kontek\u015bcie powi\u0105za\u0144 Macierewicza z agentur\u0105 rosyjsk\u0105, kt\u00f3ra &#8211; jak wynika z niezliczonych poszlak, zebranych przez Tomasza Pi\u0105tka &#8211; oplot\u0142a go swymi mackami, mo\u017ce to by\u0107 bardzo niebezpieczne. Przyja\u017a\u0144 Europy z Putinem sko\u0144czy\u0142a si\u0119, odk\u0105d zacz\u0119\u0142a si\u0119 przyja\u017a\u0144 tego ostatniego z Trumpem. S\u0142aba, rozhisteryzowana i osuwaj\u0105ca si\u0119 w nacjonalistyczny populizm Polska jest \u0142atwym \u0142upem antyeuropejskiej polityki re\u017cimu Putina \u2013 przyw\u00f3dcy Unii nie mog\u0105 pozwoli\u0107, aby nasz kraj sta\u0142 si\u0119 przycz\u00f3\u0142kiem rosyjskiej polityki \u201erenacjonalizacji\u201d Europy.<\/p>\n<p>Tusk najprawdopodobniej podj\u0105\u0142 ju\u017c decyzj\u0119 o powrocie do polskiej polityki. Ju\u017c dzi\u015b wychodzi z roli prezydenta Europy, przybieraj\u0105c emocjonalny ton, od kt\u00f3rego zapewne powstrzyma\u0142by si\u0119 przewodnicz\u0105cy Rady Europejskiej innej ni\u017c polska narodowo\u015bci. \u017beby wr\u00f3ci\u0107 i wystartowa\u0107 w wyborach prezydenckich, musi jednak stworzy\u0107 dla siebie zaplecze organizacyjne. A to oznacza albo zawrze\u0107 uk\u0142ad z nielubianym przez siebie Schetyn\u0105, albo doprowadzi\u0107 do zmiany przewodnicz\u0105cego PO. By\u0107 mo\u017ce do roli tej szykuje si\u0119 Rafa\u0142 Trzaskowski, jakkolwiek musia\u0142by najpierw wygra\u0107 wybory prezydenckie w Warszawie. Scenariuszy jest wiele, lecz, mam nadziej\u0119, decyzja Donalda Tuska \u2013 nieodwo\u0142alna. Bez Tuska Kaczy\u0144ski nie ma z kim przegra\u0107. Z Tuskiem za\u015b nie wygra, bo jest zm\u0119czony, chory i nazbyt wystraszony. B\u0119dzie si\u0119 zachowywa\u0142 nerwowo i nieracjonalnie, jak to zwykle bywa\u0142o. Je\u015bli za\u015b do czasu decyduj\u0105cej rozgrywki Kaczy\u0144ski straci w\u0142adz\u0119 na rzecz swoich oligarch\u00f3w, to triumf Tuska jest tym bardziej prawdopodobny. Przecie\u017c nie wygra z nim Brudzi\u0144ski ani Duda. Nie ten format.<\/p>\n<p>Je\u015bli jednak Tusk-zbawiciel zawiedzie, to marny czeka nas los. W tej chwili Tusk jest jedyn\u0105 kotwic\u0105 Polski w Unii Europejskiej. Bez jego ochrony mogliby\u015bmy si\u0119 ju\u017c uwa\u017ca\u0107 za \u201enar\u00f3d wolny i suwerenny\u201d, nikogo nieobchodz\u0105cy i zdany na siebie. Je\u015bli po zako\u0144czeniu kadencji Tuska nadal Polsk\u0105 rz\u0105dzi\u0107 b\u0119dzie arogancji i antyeuropejski re\u017cim, nasza przygoda z Zachodem po prostu si\u0119 sko\u0144czy i wr\u00f3cimy do swojego dawnego wschodnioeuropejskiego losu.<\/p>\n","protected":false},"excerpt":{"rendered":"<p>S\u0142ynny alarmistyczny wpis Tuska (\u201eAlarm! Ostry sp\u00f3r z Ukrain\u0105, izolacja w Unii Europejskiej, odej\u015bcie od rz\u0105d\u00f3w prawa i niezawis\u0142o\u015bci s\u0105d\u00f3w, atak na sektor pozarz\u0105dowy i wolne media \u2013 strategia PiS czy plan Kremla? Zbyt podobne, by spa\u0107 spokojnie\u201d) to co\u015b wi\u0119cej ni\u017c ryk przebudzonego lwa polskiej polityki. Tak rykn\u0119\u0142a na nas Europa.<\/p>\n","protected":false},"author":3,"featured_media":2600,"comment_status":"open","ping_status":"closed","sticky":false,"template":"","format":"standard","meta":{"footnotes":""},"categories":[440,304,306],"tags":[],"_links":{"self":[{"href":"https:\/\/blog.polityka.pl\/hartman\/wp-json\/wp\/v2\/posts\/2596"}],"collection":[{"href":"https:\/\/blog.polityka.pl\/hartman\/wp-json\/wp\/v2\/posts"}],"about":[{"href":"https:\/\/blog.polityka.pl\/hartman\/wp-json\/wp\/v2\/types\/post"}],"author":[{"embeddable":true,"href":"https:\/\/blog.polityka.pl\/hartman\/wp-json\/wp\/v2\/users\/3"}],"replies":[{"embeddable":true,"href":"https:\/\/blog.polityka.pl\/hartman\/wp-json\/wp\/v2\/comments?post=2596"}],"version-history":[{"count":5,"href":"https:\/\/blog.polityka.pl\/hartman\/wp-json\/wp\/v2\/posts\/2596\/revisions"}],"predecessor-version":[{"id":2603,"href":"https:\/\/blog.polityka.pl\/hartman\/wp-json\/wp\/v2\/posts\/2596\/revisions\/2603"}],"wp:featuredmedia":[{"embeddable":true,"href":"https:\/\/blog.polityka.pl\/hartman\/wp-json\/wp\/v2\/media\/2600"}],"wp:attachment":[{"href":"https:\/\/blog.polityka.pl\/hartman\/wp-json\/wp\/v2\/media?parent=2596"}],"wp:term":[{"taxonomy":"category","embeddable":true,"href":"https:\/\/blog.polityka.pl\/hartman\/wp-json\/wp\/v2\/categories?post=2596"},{"taxonomy":"post_tag","embeddable":true,"href":"https:\/\/blog.polityka.pl\/hartman\/wp-json\/wp\/v2\/tags?post=2596"}],"curies":[{"name":"wp","href":"https:\/\/api.w.org\/{rel}","templated":true}]}}