
{"id":2626,"date":"2017-12-12T14:30:47","date_gmt":"2017-12-12T13:30:47","guid":{"rendered":"http:\/\/hartman.blog.polityka.pl\/?p=2626"},"modified":"2017-12-12T15:17:49","modified_gmt":"2017-12-12T14:17:49","slug":"kaczynski-uzbraja-bojowki","status":"publish","type":"post","link":"https:\/\/blog.polityka.pl\/hartman\/2017\/12\/12\/kaczynski-uzbraja-bojowki\/","title":{"rendered":"Kaczy\u0144ski uzbraja boj\u00f3wki?"},"content":{"rendered":"<p>Pisowska kontrrewolucja post\u0119puje. Zacz\u0119\u0142o si\u0119 pa\u0142owanie wolnych medi\u00f3w (kara dla TVN za relacjonowanie protest\u00f3w przed Sejmem z grudnia zesz\u0142ego roku), a za chwil\u0119 ma przej\u015b\u0107 ustawa daj\u0105ca dost\u0119p do broni cz\u0142onkom towarzystw strzeleckich i wszelkich organizacji paramilitarnych maj\u0105cych \u201eporozumienie z MON\u201d. Na w\u0105tpliwo\u015bci dotycz\u0105ce bezpiecze\u0144stwa szk\u00f3\u0142 funkcjonariuszka PiS, promuj\u0105ca now\u0105 ustaw\u0119, odpowiada z rozbrajaj\u0105c\u0105 szczero\u015bci\u0105: nauczyciele te\u017c b\u0119d\u0105 uzbrojeni&#8230;<br \/>\n<!--more--><br \/>\nMyli\u0142by si\u0119, kto by s\u0105dzi\u0142, \u017ce to tylko taki \u201ema\u0142y Teksas\u201d, przejaw fascynacji libertaria\u0144skim pojmowaniem wolno\u015bci. Konstrukcja ustawy wyra\u017anie wskazuje jej cel: uzbroi\u0107 organizacje paramilitarne w bro\u0144 kr\u00f3tk\u0105 oraz automatyczn\u0105. A co to s\u0105 za organizacje? Kto do nich wst\u0119puje? Ano po pierwsze s\u0105 to organizacje popieraj\u0105ce PiS. Tylko takie bowiem mog\u0105 mie\u0107 \u201eporozumienie z MON\u201d. Po drugie s\u0105 to organizacje \u201epatriotyczne\u201d, czyli oparte na ideologii \u0142\u0105cz\u0105cej patriotyzm z gotowo\u015bci\u0105 do zbrojnej obrony ojczyzny, czyli u\u017cycia broni przeciwko tym, kt\u00f3rzy zostan\u0105 uznani przez w\u0142adze za zdrajc\u00f3w ojczyzny, a wi\u0119c osobnik\u00f3w \u201eniepatriotycznych\u201d, niewpisuj\u0105cych si\u0119 w wizj\u0119 wielkiej Polski katolickiej \u2013 o ile tacy \u201ekosmopolici\u201d i \u201ezaprza\u0144cy\u201d za bardzo by podskakiwali przewodniej sile narodu. Na przyk\u0142ad protestowali na ulicach przeciwko rz\u0105dowi, w obronie demokracji i warto\u015bci konstytucyjno-unijnych.<\/p>\n<p>Kr\u00f3tko m\u00f3wi\u0105c, nowa ustawa pozwoli wyposa\u017cy\u0107 wszelkiego autoramentu \u201enarodowc\u00f3w\u201d w giwery. Wystarczy, aby za\u0142o\u017cyli sobie jaki\u015b \u201ezwi\u0105zek strzelecki\u201d. I z pewno\u015bci\u0105 tak w\u0142a\u015bnie si\u0119 stanie. Normalni, spokojni i kulturalni ludzie, a zw\u0142aszcza demokraci nie chc\u0105 nikogo zabija\u0107 i brzydz\u0105 si\u0119 broni\u0105 paln\u0105. Z pewno\u015bci\u0105 nie skorzystaj\u0105 z prawa do jej posiadania. Bro\u0144 znajdzie si\u0119 \u2013 w masowej skali \u2013 w r\u0119kach osobnik\u00f3w agresywnych i zatrutych militarystyczn\u0105 i nacjonalistyczn\u0105 ideologi\u0105. W razie powa\u017cniejszych niepokoj\u00f3w politycznych b\u0119dzie mo\u017cna ich u\u017cy\u0107 przeciwko pokojowo demonstruj\u0105cym obro\u0144com demokracji. Nie, nie po to, \u017ceby ich zaraz powystrzela\u0107 \u2013 po to, by ich zastraszy\u0107 i zniech\u0119ci\u0107 do stawiania oporu re\u017cimowi.<\/p>\n<p>Re\u017cim Kaczy\u0144skiego pokazuje swoj\u0105 wykrzywion\u0105 nienawi\u015bci\u0105 i agresj\u0105 g\u0119b\u0119. Za tanioch\u0105 gierkowskiej socjalnonacjonalistycznej propagandy kryje si\u0119 groza klerykalnomilitarystycznego sza\u0142u. W tym ob\u0142\u0119dzie, zrodzonym z ignorancji, kompleks\u00f3w i zach\u0142y\u015bni\u0119cia w\u0142adz\u0105, PiS udaje si\u0119 na krucjat\u0119 przeciwko demokratycznemu \u015bwiatu, kt\u00f3ry w zwidach i malignie widzi przez si\u0119 \u201erechrystianizowanym\u201d. Powstali z kolan, opasali kraj kordonem r\u00f3\u017ca\u0144ca, a teraz zbroj\u0105 si\u0119 przeciwko islamskiej zarazie i zdradzieckim mordom. A nar\u00f3d \u015bpi. Jak zwykle obudzi si\u0119, gdy inflacja wydrenuje mu kieszenie. Znowu ryknie, wywr\u00f3ci rz\u0105d do g\u00f3ry nogami i wr\u00f3ci do swej gawry. A garstka demokrat\u00f3w marzycieli jeszcze raz zakrz\u0105tnie si\u0119, by odbudowa\u0107 na chybcika troch\u0119 cywilizacji politycznej i wolno\u015bciowej kultury spo\u0142ecznej. A potem znowu przyjd\u0105 \u201eoni\u201d i wszystko to zniszcz\u0105. To si\u0119 nazywa \u201ecykl koniunktury\u201d. Oby zadzia\u0142a\u0142 bez ofiar \u201eprawa o dost\u0119pie do broni\u201d.<\/p>\n","protected":false},"excerpt":{"rendered":"<p>Pisowska kontrrewolucja post\u0119puje.<\/p>\n","protected":false},"author":3,"featured_media":2633,"comment_status":"open","ping_status":"closed","sticky":false,"template":"","format":"standard","meta":{"footnotes":""},"categories":[304],"tags":[589],"_links":{"self":[{"href":"https:\/\/blog.polityka.pl\/hartman\/wp-json\/wp\/v2\/posts\/2626"}],"collection":[{"href":"https:\/\/blog.polityka.pl\/hartman\/wp-json\/wp\/v2\/posts"}],"about":[{"href":"https:\/\/blog.polityka.pl\/hartman\/wp-json\/wp\/v2\/types\/post"}],"author":[{"embeddable":true,"href":"https:\/\/blog.polityka.pl\/hartman\/wp-json\/wp\/v2\/users\/3"}],"replies":[{"embeddable":true,"href":"https:\/\/blog.polityka.pl\/hartman\/wp-json\/wp\/v2\/comments?post=2626"}],"version-history":[{"count":6,"href":"https:\/\/blog.polityka.pl\/hartman\/wp-json\/wp\/v2\/posts\/2626\/revisions"}],"predecessor-version":[{"id":2632,"href":"https:\/\/blog.polityka.pl\/hartman\/wp-json\/wp\/v2\/posts\/2626\/revisions\/2632"}],"wp:featuredmedia":[{"embeddable":true,"href":"https:\/\/blog.polityka.pl\/hartman\/wp-json\/wp\/v2\/media\/2633"}],"wp:attachment":[{"href":"https:\/\/blog.polityka.pl\/hartman\/wp-json\/wp\/v2\/media?parent=2626"}],"wp:term":[{"taxonomy":"category","embeddable":true,"href":"https:\/\/blog.polityka.pl\/hartman\/wp-json\/wp\/v2\/categories?post=2626"},{"taxonomy":"post_tag","embeddable":true,"href":"https:\/\/blog.polityka.pl\/hartman\/wp-json\/wp\/v2\/tags?post=2626"}],"curies":[{"name":"wp","href":"https:\/\/api.w.org\/{rel}","templated":true}]}}