
{"id":2694,"date":"2018-01-12T16:49:31","date_gmt":"2018-01-12T15:49:31","guid":{"rendered":"http:\/\/hartman.blog.polityka.pl\/?p=2694"},"modified":"2018-01-12T20:20:38","modified_gmt":"2018-01-12T19:20:38","slug":"aborcja-jest-zla","status":"publish","type":"post","link":"https:\/\/blog.polityka.pl\/hartman\/2018\/01\/12\/aborcja-jest-zla\/","title":{"rendered":"Aborcja jest z\u0142a!"},"content":{"rendered":"<p>Polska \u201egra o aborcj\u0119\u201d jest wy\u0142\u0105cznie walk\u0105 o poszerzenie dominacji Ko\u015bcio\u0142a w sferze prawa. Restrykcyjne prawo nie s\u0142u\u017cy zapobieganiu aborcji, lecz przenoszeniu na grunt prawa \u015bwieckiego doktryny ko\u015bcielnej.<br \/>\n<!--more--><br \/>\nW dodatku ca\u0142kiem nowej, bo dopiero od niewiele ponad stu lat Ko\u015bci\u00f3\u0142 uwa\u017ca \u201esp\u0119dzenie p\u0142odu\u201d (jak to si\u0119 nazywa\u0142o jeszcze p\u00f3\u0142 wieku temu) za wyj\u0105tkowy i ci\u0119\u017cki wyst\u0119pek. Uwa\u017ca, a raczej deklaruje, \u017ce uwa\u017ca, gdy\u017c opr\u00f3cz naciskania na suwerenne pa\u0144stwa, aby kara\u0142y za aborcj\u0119, nie domaga si\u0119 \u017cadnych antyaborcyjnych dzia\u0142a\u0144, kt\u00f3re mog\u0142yby by\u0107 znacznie skuteczniejsze. A jakie to s\u0105 dzia\u0142ania, to bez \u017cadnej w\u0105tpliwo\u015bci wiemy ju\u017c z d\u0142ugiej praktyki w wielu krajach. Aborcji jest mniej tam, gdzie kobiety maj\u0105 pe\u0142n\u0105 kontrol\u0119 nad swoj\u0105 p\u0142odno\u015bci\u0105 i dost\u0119p do taniej antykoncepcji, a w razie niechcianej ci\u0105\u017cy \u2013 daleko id\u0105c\u0105 pomoc. Oraz tam, gdzie nie pi\u0119tnuje si\u0119 niezam\u0119\u017cnych dziewcz\u0105t z powodu zaj\u015bcia w ci\u0105\u017c\u0119. A wszystko to jest mo\u017cliwe i staje si\u0119 faktem tylko w tych krajach, gdzie m\u0142odzie\u017c ma dost\u0119p do przyzwoitej edukacji seksualnej, kt\u00f3ra uczy odpowiedzialno\u015bci i kultury w tej delikatnej sferze \u017cycia.<\/p>\n<p>Samo namawianie m\u0142odzie\u017cy do wstrzemi\u0119\u017aliwo\u015bci, jak doskonale wiemy z do\u015bwiadczenia, sprawy bynajmniej nie za\u0142atwia. Za to w XXI wieku wiemy ju\u017c, a jak\u017ce, z do\u015bwiadczenia, dlaczego w bogatych i post\u0119powych krajach zdarza si\u0119 mniej aborcji, a w biednych i poddanych silnym wp\u0142ywom religijnego konserwatyzmu \u2013 wi\u0119cej. Tak jak nie mamy w\u0105tpliwo\u015bci co do tego, \u017ce aborcja zakazana nie staje si\u0119 w istotnym stopniu mniej dost\u0119pna, a same zakazy ma\u0142o kogo odstraszaj\u0105 przed jej dokonaniem \u2013 staje si\u0119 za to mniej bezpieczna, co prowadzi do wielu nieszcz\u0119\u015b\u0107, \u0142\u0105cznie z ubezp\u0142odnieniem, a nawet zgonami kobiet.<\/p>\n<p>Ko\u015bci\u00f3\u0142 te\u017c to wie, ale nie przyjmuje do wiadomo\u015bci. Jest bowiem za\u015blepiony sw\u0105 ideologi\u0105 i besserwissersk\u0105 pych\u0105. Nie m\u00f3wi\u0105c ju\u017c o tym, \u017ce ani troch\u0119 nie obchodzi go, czy b\u0119dzie w Polsce 200 tysi\u0119cy aborcji rocznie czy mo\u017ce 100 tysi\u0119cy. Obchodzi go wy\u0142\u0105cznie fasadowy zakaz, wyra\u017caj\u0105cy \u201es\u0142uszn\u0105 lini\u0119\u201d. Nie wie za to, \u017ce prawo nie s\u0142u\u017cy do tego, aby nakazywa\u0107 dobre i zakazywa\u0107 z\u0142e \u2013 bo wiedza o celach i funkcjach prawa wymaga pewnego obycia i wykszta\u0142cenia. W tym punkcie nie obwinia\u0142bym Ko\u015bcio\u0142a o z\u0142\u0105 wol\u0119, lecz jedynie o prost\u0105 ignorancj\u0119.<\/p>\n<p>W polskim sporze o aborcj\u0119 wybrzmiewa prawie wy\u0142\u0105cznie ideologia \u2013 ta niem\u0105dra i wsteczna oraz ta m\u0105dra i post\u0119powa. Tak czy inaczej \u2013 ideologia. Tymczasem nie taka powinna by\u0107 p\u0142aszczyzna dyskusji. Kwestia aborcji nie jest bowiem \u017cadn\u0105 tam \u201ekwesti\u0105 \u015bwiatopogl\u0105dow\u0105\u201d, lecz praktyczn\u0105. I to o tyle prost\u0105, \u017ce panuje w spo\u0142ecze\u0144stwie zgoda co do sprawy podstawowej: prawie wszyscy uwa\u017camy aborcj\u0119 za zjawisko niepo\u017c\u0105dane &#8211; i chcieliby\u015bmy, aby zabieg\u00f3w takich by\u0142o jak najmniej. Prawie wszyscy uwa\u017camy, \u017ce je\u015bli dziecko jest zdrowe na tyle, by \u017cy\u0107, to powinno m\u00f3c si\u0119 urodzi\u0107 \u2013 i je\u015bli dzieje si\u0119 inaczej, to znaczy, \u017ce kto\u015b zawi\u00f3d\u0142. Taki mamy spo\u0142eczny konsens.<\/p>\n<p>Dlatego ludzie dobrej woli, kieruj\u0105cy si\u0119 rzeczywist\u0105 trosk\u0105 o prawa embrion\u00f3w i p\u0142od\u00f3w, a tak\u017ce o zdrowie moralne spo\u0142ecze\u0144stwa &#8211; powinni zadawa\u0107 sobie stale jedno i to samo pytanie: jakie nale\u017cy przedsi\u0119bra\u0107 \u015brodki prawne i inne, aby coraz mniej kobiet decydowa\u0142o si\u0119 na aborcj\u0119? Jak mo\u017ce pom\u00f3c w tym prawo? Jak\u0105 nale\u017cy prowadzi\u0107 polityk\u0119 spo\u0142eczn\u0105 w tym zakresie? Jakie zadania powinien wzi\u0105\u0107 na siebie w tym obszarze system edukacji, resort zdrowia, samorz\u0105dy?<\/p>\n<p>I tak w\u0142a\u015bnie \u2013 konsekwentnie i z uporem \u2013 trzeba stawia\u0107 t\u0119 spraw\u0119 w Sejmie i w debacie publicznej. Za du\u017co m\u00f3wimy o prawach kobiet i \u015bwi\u0119to\u015bci \u017cycia. Po co? Przecie\u017c te ja\u0142owe spory nie przybli\u017caj\u0105 nas do odpowiedzi na pytanie zasadnicze: jak ograniczy\u0107 aborcj\u0119? A je\u015bli kto\u015b, z powod\u00f3w ideologicznych czy jakichkolwiek innych, odm\u00f3wi uczciwej i opartej na wiedzy dyskusji na ten temat, to sam zdradzi si\u0119 z tym, \u017ce wcale nie chodzi mu o dzieci. A tym samym jego g\u0142os na temat prawa aborcyjnego przestanie by\u0107 wiarygodny i znacz\u0105cy. Po c\u00f3\u017c bowiem mamy interesowa\u0107 si\u0119 tym, jaki pogl\u0105d na prawo aborcyjne maj\u0105 ci, kt\u00f3rzy nie chc\u0105 wiedzie\u0107, jak naprawd\u0119 mo\u017cna sprawi\u0107, aby aborcji by\u0142o mniej?<\/p>\n<p>Radz\u0119 opozycji i \u015brodowiskom demokratycznym uparcie domaga\u0107 si\u0119 przywracania dyskusji o aborcji w\u0142a\u015bciwego kszta\u0142tu. Dop\u00f3ki b\u0119dziemy pozwala\u0107 na to, \u017ce dyskusja ta rozgrywa\u0107 si\u0119 b\u0119dzie wok\u00f3\u0142 fa\u0142szywej opozycji \u201ezwolennicy aborcji \u2013 przeciwnicy aborcji\u201d, dop\u00f3ty b\u0119dzie ona ideologiczna, zak\u0142amana i podporz\u0105dkowana retoryce rzekomych obro\u0144c\u00f3w \u017cycia. Nie dajmy si\u0119 wci\u0105ga\u0107 w t\u0119 pu\u0142apk\u0119. Nie ma \u017cadnych \u201ezwolennik\u00f3w aborcji\u201d ani \u201enieobro\u0144c\u00f3w \u017cycia\u201d (\u201ewrog\u00f3w \u017cycia\u201d?). S\u0105 tylko ludzie dobrej woli, kt\u00f3rzy naprawd\u0119 troszcz\u0105 si\u0119 o to, by jak najwi\u0119cej dzieci pocz\u0119tych mog\u0142o spokojnie dorosn\u0105\u0107 i si\u0119 urodzi\u0107, oraz ludzie, kt\u00f3rzy maj\u0105 to gdzie\u015b, nawet je\u015bli krzycz\u0105 wniebog\u0142osy.<\/p>\n","protected":false},"excerpt":{"rendered":"<p>Polska \u201egra o aborcj\u0119\u201d jest wy\u0142\u0105cznie walk\u0105 o poszerzenie dominacji Ko\u015bcio\u0142a w sferze prawa.<\/p>\n","protected":false},"author":3,"featured_media":2700,"comment_status":"open","ping_status":"closed","sticky":false,"template":"","format":"standard","meta":{"footnotes":""},"categories":[353],"tags":[],"_links":{"self":[{"href":"https:\/\/blog.polityka.pl\/hartman\/wp-json\/wp\/v2\/posts\/2694"}],"collection":[{"href":"https:\/\/blog.polityka.pl\/hartman\/wp-json\/wp\/v2\/posts"}],"about":[{"href":"https:\/\/blog.polityka.pl\/hartman\/wp-json\/wp\/v2\/types\/post"}],"author":[{"embeddable":true,"href":"https:\/\/blog.polityka.pl\/hartman\/wp-json\/wp\/v2\/users\/3"}],"replies":[{"embeddable":true,"href":"https:\/\/blog.polityka.pl\/hartman\/wp-json\/wp\/v2\/comments?post=2694"}],"version-history":[{"count":4,"href":"https:\/\/blog.polityka.pl\/hartman\/wp-json\/wp\/v2\/posts\/2694\/revisions"}],"predecessor-version":[{"id":2699,"href":"https:\/\/blog.polityka.pl\/hartman\/wp-json\/wp\/v2\/posts\/2694\/revisions\/2699"}],"wp:featuredmedia":[{"embeddable":true,"href":"https:\/\/blog.polityka.pl\/hartman\/wp-json\/wp\/v2\/media\/2700"}],"wp:attachment":[{"href":"https:\/\/blog.polityka.pl\/hartman\/wp-json\/wp\/v2\/media?parent=2694"}],"wp:term":[{"taxonomy":"category","embeddable":true,"href":"https:\/\/blog.polityka.pl\/hartman\/wp-json\/wp\/v2\/categories?post=2694"},{"taxonomy":"post_tag","embeddable":true,"href":"https:\/\/blog.polityka.pl\/hartman\/wp-json\/wp\/v2\/tags?post=2694"}],"curies":[{"name":"wp","href":"https:\/\/api.w.org\/{rel}","templated":true}]}}