
{"id":3147,"date":"2018-08-08T20:38:06","date_gmt":"2018-08-08T18:38:06","guid":{"rendered":"http:\/\/hartman.blog.polityka.pl\/?p=3147"},"modified":"2018-08-09T07:59:54","modified_gmt":"2018-08-09T05:59:54","slug":"kosciol-upadnie-z-pisem-to-historyczna-zasluga-kaczynskiego","status":"publish","type":"post","link":"https:\/\/blog.polityka.pl\/hartman\/2018\/08\/08\/kosciol-upadnie-z-pisem-to-historyczna-zasluga-kaczynskiego\/","title":{"rendered":"Ko\u015bci\u00f3\u0142 upadnie z PiS \u2013 to historyczna zas\u0142uga Kaczy\u0144skiego"},"content":{"rendered":"<p>Wiele m\u00f3wi si\u0119 ostatnio o zachowaniu Ko\u015bcio\u0142a w naszych pisowskich czasach. Dziwne rzeczy si\u0119 m\u00f3wi. A \u017ce to jedni biskupi zadowoleni, a inni nie bardzo. I \u017ce PiS traktuje Ko\u015bci\u00f3\u0142 instrumentalnie, a tako\u017c i Rydzyk <em>et consortes<\/em> traktuj\u0105 PiS. I mo\u017ce prawd\u0119 m\u00f3wi\u0105. Ale nie to przecie\u017c jest wa\u017cne. Tak naprawd\u0119 wa\u017cne jest to, co si\u0119 stanie, gdy pewnej pi\u0119knej wiosny re\u017cim PiS upadnie i sko\u0144czy si\u0119 \u201ereakcyjna rewolucja\u201d.<br \/>\n<!--more--><br \/>\nOt\u00f3\u017c z rewolucjami jest ju\u017c tak, \u017ce po nich przychodz\u0105 kontrrewolucje. Jest akcja, jest reakcja. A jaka mo\u017ce by\u0107 reakcja na prostackie i skorumpowane rz\u0105dy sk\u0105pane w groteskowej i za\u0142ganej propagandzie pysza\u0142kowatego nacjonalizmu oraz wulgarnego socjalizmu? Taka jak na PRL, kt\u00f3rego re\u017cim PiS jest recydyw\u0105 \u2013 jednoznaczny zwrot ku wolno\u015bci i Zachodowi.<\/p>\n<p>I to tym razem zapewne znacznie bardziej \u015bwiadomy i g\u0142\u0119boki ni\u017c po 1989 r. Liberalna i post\u0119powa cz\u0119\u015b\u0107 spo\u0142ecze\u0144stwa jest ju\u017c bowiem struktur\u0105 spo\u0142eczn\u0105 znacznie silniejsz\u0105 ni\u017c przed laty, a rozumienie, na czym polega organizacja \u017cycia i rola pa\u0144stwa w nowoczesnej demokracji, jest w\u015br\u00f3d elit spo\u0142ecznych niepor\u00f3wnanie pe\u0142niejsze ni\u017c w czasach przedinternetowych. Mimo wstecznickiego i zak\u0142amanego systemu o\u015bwiaty i propagandy ka\u017cdego roku przybywaj\u0105 dziesi\u0105tki tysi\u0119cy m\u0142odych ludzi, dla kt\u00f3rych wolno\u015b\u0107, r\u00f3wno\u015b\u0107, tolerancja, pluralizm i demokracja s\u0105 czym\u015b oczywistym, tak jak oczywiste jest dla nich to, \u017ce reakcyjny i feudalny w swej mentalno\u015bci Ko\u015bci\u00f3\u0142 oraz zwi\u0105zane z nim symbiotycznym w\u0119z\u0142em nacjonalistyczne pa\u0144stwo stanowi\u0105 dla tych warto\u015bci sta\u0142e zagro\u017cenie.<\/p>\n<p>I \u017cadne dzia\u0142ania polityczne ani machiaweliczny spryt autorytarnej w\u0142adzy nie s\u0105 w stanie tej wolno\u015bciowej tendencji zmieni\u0107. Na d\u0142u\u017csz\u0105 met\u0119 nie pomog\u0105 ani represje, ani pranie m\u00f3zgu. Zbitka katolicko-narodowa staje si\u0119 coraz bardziej odra\u017caj\u0105ca dla coraz wi\u0119kszej liczby obywateli. System propagandy jest nieszczelny, a m\u0142odzie\u017c coraz bardziej impregnowana na dr\u0119tw\u0105 mow\u0119 politruk\u00f3w \u2013 zupe\u0142nie jak w latach 70. i 80.<\/p>\n<p>Dlatego mo\u017cemy by\u0107 pewni, \u017ce ten system si\u0119 zawali. A Ko\u015bci\u00f3\u0142? A Ko\u015bci\u00f3\u0142 jest w spos\u00f3b oczywisty jego integraln\u0105 cz\u0119\u015bci\u0105 i musi upa\u015b\u0107 razem z rz\u0105dami PiS. To ju\u017c nie jest tak jak w PRL, gdy pozycja Ko\u015bcio\u0142a w stosunku do komuny by\u0142a pod jednymi wzgl\u0119dami symbiotyczna, a pod innymi opozycyjna. W przypadku tego re\u017cimu ka\u017cdy wie, \u017ce jest on po prostu re\u017cimem ko\u015bcielnym, nawet je\u015bli niekt\u00f3rzy ksi\u0119\u017ca wypowiadaj\u0105 si\u0119 o nim sceptycznie. I je\u015bli ten re\u017cim upadnie, to poci\u0105gnie za sob\u0105 Ko\u015bci\u00f3\u0142, kt\u00f3ry nie b\u0119dzie ju\u017c m\u00f3g\u0142 stroi\u0107 si\u0119 w pi\u00f3rka wielkiego obro\u0144cy wolno\u015bci w czasach PRL, jak to z wielkim powodzeniem czyni\u0142 po roku 1989. Ten numer drugi raz nie przejdzie.<\/p>\n<p>Dlatego Ko\u015bci\u00f3\u0142 uczyni wszystko, \u017ceby PiS rz\u0105dzi\u0142 jak najd\u0142u\u017cej. B\u0119dzie go broni\u0142, broni\u0105c samego siebie, chocia\u017c gardzi tym rz\u0105dem tak jak ka\u017cd\u0105 \u015bwieck\u0105 w\u0142adz\u0105. Ka\u017cdy inny rz\u0105d b\u0119dzie bowiem dla Ko\u015bcio\u0142a gorszy, a ten kt\u00f3ry nast\u0105pi bezpo\u015brednio po PiS, b\u0119dzie wr\u0119cz zab\u00f3jczy. Biskupi wiedz\u0105 doskonale, \u017ce gdy przyjdzie czas rozlicze\u0144 z re\u017cimem, proces ten nie ominie ich samych. Tym razem si\u0119 nie wywin\u0105. Rewolucja demokratyczna b\u0119dzie stanowcza i konsekwentna, bo inna by\u0107 nie mo\u017ce. Po 2007 r. nie by\u0142o rozlicze\u0144 z PiS, a skutkiem zaniechania tej \u201edekomunizacji\u201d by\u0142 powr\u00f3t Kaczy\u0144skiego do w\u0142adzy w 2015 r. Drugi raz klasa polityczna nie pope\u0142ni tego b\u0142\u0119du. I nie zostawi ju\u017c w spokoju Ko\u015bcio\u0142a. Zbyt oczywiste jest, \u017ce nie ma demokracji i praworz\u0105dno\u015bci bez r\u00f3wno\u015bci dla Ko\u015bcio\u0142a, a wi\u0119c bez \u015bwieckiego pa\u0144stwa.<\/p>\n<p>R\u00f3wne traktowanie z innymi instytucjami wolnego spo\u0142ecze\u0144stwa obywatelskiego oraz stosowanie prawa w relacjach pa\u0144stwa i os\u00f3b prywatnych z Ko\u015bcio\u0142em oznacza\u0107 b\u0119dzie przewr\u00f3t, kt\u00f3rego historyczn\u0105 tre\u015bci\u0105 b\u0119dzie upadek tysi\u0105cletniej w\u0142adzy Ko\u015bcio\u0142a nad pa\u0144stwem polskim. Upadek taki sam, a mo\u017ce i bardziej spektakularny ni\u017c w Hiszpanii, Portugalii czy Irlandii.<\/p>\n<p>I tego w\u0142a\u015bnie boj\u0105 si\u0119 biskupi. Boj\u0105 si\u0119 potwora, jakim jest niezale\u017cne i suwerenne w stosunku do Watykanu, wolne polskie pa\u0144stwo, kt\u00f3re zacznie rozlicza\u0107 przest\u0119pstwa i nadu\u017cycia biskup\u00f3w i ksi\u0119\u017cy, a tak\u017ce normalizowa\u0107 relacje polityczne z Watykanem oraz relacje finansowe z miejscowymi jego agendami. Miliardy z\u0142otych rocznie stopniej\u0105 do setek milion\u00f3w. Sko\u0144czy si\u0119 oddawanie ziemi i budynk\u00f3w za 1 proc. warto\u015bci. Sko\u0144czy si\u0119 nadz\u00f3r ko\u015bcielny nad szko\u0142ami i pe\u0142zanie urz\u0119dnik\u00f3w pa\u0144stwowych oraz s\u0142u\u017cb mundurowych przez biskupami. Sko\u0144czy si\u0119 sk\u0142adanie ho\u0142d\u00f3w i dar\u00f3w Rydzykowi i jemu podobnym.<\/p>\n<p>To jednak jeszcze nic. Biskupi boj\u0105 si\u0119 nie tak bardzo utraty w\u0142adzy i dochod\u00f3w, jak l\u0119kaj\u0105 si\u0119 o bezpiecze\u0144stwo swych tajemnic. I to w\u0142a\u015bnie z tego l\u0119ku przed ujawnieniem i \u015bciganiem niezliczonych malwersacji oraz przest\u0119pstw, kt\u00f3re w jakiej\u015b cz\u0119\u015bci znamy z dziennikarskich, lecz nie prokuratorskich \u015bledztw, biskupi i ca\u0142y Ko\u015bci\u00f3\u0142 b\u0119dzie do upad\u0142ego zwalcza\u0142 si\u0142y post\u0119powe. Lecz gdy ju\u017c one wygraj\u0105, stanie si\u0119 wobec nich pokorny i milutki, jak wobec ka\u017cdej nowej w\u0142adzy. B\u0119dzie ju\u017c jednak za p\u00f3\u017ano. Ofiary malwersacji i wy\u0142udze\u0144, a zw\u0142aszcza ofiary przest\u0119pstw seksualnych nie pozwol\u0105, aby jeszcze raz Ko\u015bci\u00f3\u0142 si\u0119 wywin\u0105\u0142 i umkn\u0105\u0142 przed odpowiedzialno\u015bci\u0105 za swoje niezliczone grzechy. Rusz\u0105 procesy, b\u0119d\u0105 aresztowania, b\u0119d\u0105 wyroki, b\u0119d\u0105 odszkodowania. I p\u0119knie tabu \u2013 oka\u017ce si\u0119, \u017ce ksi\u0105dz przest\u0119pca te\u017c mo\u017ce trafi\u0107 za kratki, a biskupa uchylaj\u0105cego si\u0119 od stawiennictwa na wezwanie prokuratora czy s\u0119dziego mo\u017ce zatrzyma\u0107 i dowie\u017a\u0107 policja, tak jak zwyk\u0142ego obywatela. A kto wie, mo\u017ce i hierarch\u00f3w nie ominie sprawiedliwo\u015b\u0107? A wielu z nich ma bardzo bogat\u0105 przesz\u0142o\u015b\u0107 \u2013 zar\u00f3wno na niwie obyczajowej, jak i \u2013 powiedzmy sobie \u2013 zarobkowej. Nie m\u00f3wi\u0105c ju\u017c o wsp\u00f3\u0142pracy z SB, kt\u00f3ra bodaj\u017ce ju\u017c nikogo za kilka lat nie b\u0119dzie specjalnie wzrusza\u0107.<\/p>\n<p>Nie jestem naiwny. Wiem, \u017ce dla Ko\u015bcio\u0142a nie b\u0119dzie sprawiedliwo\u015bci. Ko\u015bci\u00f3\u0142 nie zap\u0142aci ca\u0142ego rachunku, lecz tylko jego niewielk\u0105 cz\u0119\u015b\u0107. Nie utraci te\u017c wszystkich przywilej\u00f3w ani dost\u0119pu do publicznych pieni\u0119dzy. B\u0119dzie mia\u0142 ich wi\u0119cej ni\u017c jakakolwiek si\u0142a spo\u0142eczna. Ale w por\u00f3wnaniu z tym, co jest teraz, przysz\u0142a kondycja Ko\u015bcio\u0142a w Polsce \u2013 przypominaj\u0105ca jego obecn\u0105 pozycj\u0119 w innych krajach Zachodu \u2013 oznacza w\u0142a\u015bnie tyle co upadek. Oczywi\u015bcie w jego w\u0142asnej percepcji.<\/p>\n<p>Ci biskupi i ksi\u0119\u017ca, kt\u00f3rzy najbardziej zapl\u0105tani s\u0105 w ciemne sprawki \u2013 od donosicielstwa, przez z\u0142odziejstwo, po libertynizm i pedofili\u0119 \u2013 stanowi\u0105 awangard\u0119 reakcji. Ale to w\u0142a\u015bnie oni, dzi\u015b skazani na wspieranie pogardzanego przez siebie Kaczy\u0144skiego, s\u0105 zaczynem procesu upadku Ko\u015bcio\u0142a. Upadku, dodajmy, w bagno praworz\u0105dno\u015bci i pokory. Wolnej Polski jeszcze tak naprawd\u0119 nie mieli\u015bmy. Ale zanosi si\u0119 na to, \u017ce za kilkana\u015bcie lat j\u0105 zobaczymy. I wielka w tym b\u0119dzie zas\u0142uga Jaros\u0142awa Kaczy\u0144skiego.<\/p>\n","protected":false},"excerpt":{"rendered":"<p> Wolnej Polski jeszcze tak naprawd\u0119 nie mieli\u015bmy. Ale zanosi si\u0119 na to, \u017ce za kilkana\u015bcie lat j\u0105 zobaczymy.<\/p>\n","protected":false},"author":3,"featured_media":3151,"comment_status":"open","ping_status":"closed","sticky":false,"template":"","format":"standard","meta":{"footnotes":""},"categories":[304,4,95],"tags":[],"_links":{"self":[{"href":"https:\/\/blog.polityka.pl\/hartman\/wp-json\/wp\/v2\/posts\/3147"}],"collection":[{"href":"https:\/\/blog.polityka.pl\/hartman\/wp-json\/wp\/v2\/posts"}],"about":[{"href":"https:\/\/blog.polityka.pl\/hartman\/wp-json\/wp\/v2\/types\/post"}],"author":[{"embeddable":true,"href":"https:\/\/blog.polityka.pl\/hartman\/wp-json\/wp\/v2\/users\/3"}],"replies":[{"embeddable":true,"href":"https:\/\/blog.polityka.pl\/hartman\/wp-json\/wp\/v2\/comments?post=3147"}],"version-history":[{"count":3,"href":"https:\/\/blog.polityka.pl\/hartman\/wp-json\/wp\/v2\/posts\/3147\/revisions"}],"predecessor-version":[{"id":3150,"href":"https:\/\/blog.polityka.pl\/hartman\/wp-json\/wp\/v2\/posts\/3147\/revisions\/3150"}],"wp:featuredmedia":[{"embeddable":true,"href":"https:\/\/blog.polityka.pl\/hartman\/wp-json\/wp\/v2\/media\/3151"}],"wp:attachment":[{"href":"https:\/\/blog.polityka.pl\/hartman\/wp-json\/wp\/v2\/media?parent=3147"}],"wp:term":[{"taxonomy":"category","embeddable":true,"href":"https:\/\/blog.polityka.pl\/hartman\/wp-json\/wp\/v2\/categories?post=3147"},{"taxonomy":"post_tag","embeddable":true,"href":"https:\/\/blog.polityka.pl\/hartman\/wp-json\/wp\/v2\/tags?post=3147"}],"curies":[{"name":"wp","href":"https:\/\/api.w.org\/{rel}","templated":true}]}}