
{"id":3686,"date":"2019-05-27T11:54:07","date_gmt":"2019-05-27T09:54:07","guid":{"rendered":"http:\/\/hartman.blog.polityka.pl\/?p=3686"},"modified":"2019-05-27T12:15:26","modified_gmt":"2019-05-27T10:15:26","slug":"biedron-czarzasty-i-cala-ta-kleska","status":"publish","type":"post","link":"https:\/\/blog.polityka.pl\/hartman\/2019\/05\/27\/biedron-czarzasty-i-cala-ta-kleska\/","title":{"rendered":"Biedro\u0144, Czarzasty i ca\u0142a ta kl\u0119ska"},"content":{"rendered":"<p>Wyniki wybor\u00f3w s\u0105 szokuj\u0105ce. Je\u015bli doda\u0107 wszystkie g\u0142osy na PiS i pozosta\u0142e dwa twory, zwane wielce uprzejmie skrajn\u0105 prawic\u0105, otrzymujemy 52 proc. Tylu Polak\u00f3w ma za nic bezczeln\u0105 korupcj\u0119, niszczenie instytucji demokratycznego pa\u0144stwa prawa, wulgarn\u0105, populistyczn\u0105 retoryk\u0119, nagie przekupstwo i antysemityzm. Dawniej tacy ludzie przynajmniej m\u00f3wili, \u017ce \u201ew\u0142adza to z\u0142odzieje\u201d \u2013 dzi\u015b nawet to im nie przeszkadza.<br \/>\n<!--more--><br \/>\nDegradacja moralna spo\u0142ecze\u0144stwa, b\u0119d\u0105ca nast\u0119pstwem wyja\u0142owienia zdominowanej przez klerykalny nacjonalizm edukacji i zdziczenia obyczaj\u00f3w \u017cycia publicznego, odarcia go z wszelkich idea\u0142\u00f3w, jest widoczna jak na d\u0142oni. To jest problem kulturowy &#8211; o wiele g\u0142\u0119bszy i donio\u015blejszy ni\u017c przej\u0119cie pa\u0144stwa przez koteri\u0119 cwaniak\u00f3w i prostak\u00f3w zorganizowanych w parti\u0119 polityczn\u0105. Znik\u0142a tradycyjna, znana od staro\u017cytno\u015bci, \u201epolityczno\u015b\u0107\u201d, zanik\u0142o odr\u00f3\u017cnienie cynizmu od uczciwo\u015bci, a prawdom\u00f3wno\u015b\u0107 przesta\u0142a by\u0107 cnot\u0105.<\/p>\n<p>Spe\u0142ni\u0142 si\u0119 czarny scenariusz, jeden z najgorszych, jakkolwiek mog\u0142o by\u0107 o tyle gorzej, \u017ce koalicja faszystowska mog\u0142a przekroczy\u0107 pr\u00f3g wyborczy. Pora\u017cka Konfederacji daje nam nadziej\u0119, \u017ce najbrutalniejsze formy religianctwa i szowinizmu nie maj\u0105 du\u017cego wzi\u0119cia poza \u015brodowiskiem sfrustrowanych i niewykszta\u0142conych ch\u0142opc\u00f3w z ma\u0142ych miejscowo\u015bci i blokowisk.<\/p>\n<p>Kl\u0119ska PO jest druzgoc\u0105ca i podwa\u017ca przyw\u00f3dztwo Schetyny. Stawia te\u017c pod znakiem zapytania powr\u00f3t Tuska, kt\u00f3ry wydawa\u0142 si\u0119 ju\u017c prawie pewny. Tusk nie b\u0119dzie chcia\u0142 wraca\u0107 po przegran\u0105. A tym samym rosn\u0105 szanse na drug\u0105 kadencj\u0119 PiS i utrzymanie prezydentury, co zapewne oznacza\u0142oby trwa\u0142e odej\u015bcie Polski od demokracji i rozw\u00f3d z kultur\u0105 polityczn\u0105 Zachodu, tym samym za\u015b powr\u00f3t do standard\u00f3w wschodnioeuropejskiego autorytaryzmu i oligarchii. Jeste\u015bmy krajem raczej w typie Bia\u0142orusi ni\u017c Niemiec \u2013 trzeba si\u0119 z tym faktem przeprosi\u0107.<\/p>\n<p>Jesienna rozgrywka o przysz\u0142o\u015b\u0107 cywilizacyjn\u0105 Polski wydaje si\u0119 dzi\u015b niemal\u017ce nie do wygrania. Pa\u0144stwowo\u015b\u0107 w typie II RP i PRL jest bodaj\u017ce naszym przeznaczeniem. Na tyle zas\u0142ugujemy. Wi\u0119kszo\u015b\u0107 Polak\u00f3w jest bowiem zepsuta w takim stopniu, \u017ce nie robi\u0105 na niej wra\u017cenia kolejne afery, i to takie, kt\u00f3re w ka\u017cdym normalnym kraju (r\u00f3wnie\u017c w Polsce sprzed paru, parunastu lat) w jednej chwili zmiot\u0142yby rz\u0105d. Warto\u015bci moralne i polityczne nie maj\u0105 ju\u017c prawie \u017cadnego znaczenia \u2013 w prymitywnych warunkach duchowych wschodniej Europy liczy si\u0119 po prostu identyfikacja plemienna i korzy\u015b\u0107 materialna.<\/p>\n<p>Maj\u0105 rz\u0105dzi\u0107 \u201eswoi\u201d (nawet jak z\u0142odzieje) i dawa\u0107 pieni\u0105dze do r\u0119ki. To upadek sfery publicznej, ale tak to wygl\u0105da. Internet wszystko zmieni\u0142. Chamstwo prywatne sta\u0142o si\u0119 norm\u0105 i stylem na wp\u00f3\u0142 publicznego, na wp\u00f3\u0142 prywatnego \u201espo\u0142eczno\u015bciowego\u201d internetu. W nowych dekoracjach powraca do w\u0142adzy to samo prostactwo. Czy to zapijaczony i zabobonny szlachciura w dawnej Rzeczypospolitej albo jaki\u015b ziemia\u0144ski p\u00f3\u0142panek b\u0105d\u017a inny sanacyjny drobnomieszcza\u0144ski frustrat, czy to zn\u00f3w \u0107wier\u0107inteligent z awansu czas\u00f3w Gomu\u0142ki \u2013 ten sam dure\u0144 wci\u0105\u017c (z kr\u00f3tkimi przerwami) rz\u0105dzi w tym kraju.<\/p>\n<p>PO niemal\u017ce wr\u00f3ci\u0142o na pozycj\u0119 sprzed roku czy dw\u00f3ch, gdy buja\u0142o si\u0119 w okolicach 25 proc. poparcia. PSL b\u0119dzie mia\u0142o du\u017ce w\u0105tpliwo\u015bci, czy nadal bawi\u0107 si\u0119 w koalicj\u0119 ze Schetyn\u0105 i na jego warunkach, a za to Czarzasty mo\u017ce sobie pogratulowa\u0107. SLD ma pi\u0119ciu europos\u0142\u00f3w i jako jedyna partia wykona\u0142 sw\u00f3j plan w 100 proc. Tanio sk\u00f3ry Schetynie na jesieni Czarzasty nie sprzeda.<\/p>\n<p>Czy Schetyna jest zagro\u017cony? Wydaje si\u0119, \u017ce jego los zale\u017cy od tego, czy znajdzie si\u0119 dla niego powa\u017cny konkurent. Faktycznie m\u00f3g\u0142by by\u0107 nim jedynie Trzaskowski, lecz trudno przewidzie\u0107, czy znajdzie w sobie i wok\u00f3\u0142 siebie do\u015b\u0107 si\u0142y, by wyst\u0105pi\u0107 przeciwko Schetynie. Zreszt\u0105 nie bardzo wiadomo, jak od strony formalnej mia\u0142oby to przej\u0119cie przyw\u00f3dztwa wygl\u0105da\u0107. Tylko zaanga\u017cowanie Tuska i jaki\u015b pokojowy podzia\u0142 w PO na frakcje schetynowc\u00f3w i tuskowc\u00f3w m\u00f3g\u0142by uporz\u0105dkowa\u0107 sytuacj\u0119 i doda\u0107 tej prze\u017cywaj\u0105cej d\u0142ugotrwa\u0142y zast\u00f3j partii jakiej\u015b nowej energii. Jednak czy legendarna wrogo\u015b\u0107 Schetyny i Tuska mo\u017ce zosta\u0107 pow\u015bci\u0105gni\u0119ta w imi\u0119 dobra partii i kraju? Jest na to szansa, ale ma\u0142a. Obaj s\u0105 do\u015b\u0107 brutalnymi i m\u015bciwymi politykami.<\/p>\n<p>No i wreszcie temat Biedronia. Napisa\u0142em na TT i FB, \u017ce je\u015bli raz jeszcze ten narcyz p\u00f3jdzie do wybor\u00f3w osobno, to oka\u017ce si\u0119 zdrajc\u0105. Wielu moich znajomych ci\u0119\u017cko si\u0119 za to obrazi\u0142o, twierdz\u0105c, \u017ce Biedro\u0144 chwalebnie rozbija PO-PiS, a tak w og\u00f3le to nie zabiera elektoratu KE, tylko ci\u0105gnie spo\u015br\u00f3d tych, kt\u00f3rzy nie poszliby na wybory. Niestety, badania m\u00f3wi\u0105 co\u015b innego \u2013 Biedro\u0144 wi\u0119kszo\u015b\u0107 swojej klienteli zawdzi\u0119cza transferowi z PO. Nie z PiS, nie od Kukiza, lecz z PO. Nie ma te\u017c \u017cadnego prze\u0142amywania duopolu, bo dzi\u015b walka toczy si\u0119\u00a0nie pomi\u0119dzy dwiema partiami, lecz pomi\u0119dzy cywilizacj\u0105 demokratyczn\u0105 i autorytarn\u0105.<\/p>\n<p>I tylko zjednoczenie nadaje tej walce taki w\u0142a\u015bnie moralny, a nie tylko partyjny sens. Z czystego egoizmu Biedro\u0144 wy\u0142ama\u0142 si\u0119 z tej wsp\u00f3lnej walki, utrwalaj\u0105c klisz\u0119 m\u00f3wi\u0105c\u0105 o wojnie dw\u00f3ch \u201ewci\u0105\u017c tych samych\u201d, symbiotycznych w gruncie rzeczy stronnictw. \u201eTrzecia droga\u201d to pi\u0119kna idea, ale na czasy pokoju \u2013 w czasie wojny o wszystko potrzeba mobilizacji i jednoczenia si\u0142. Kto si\u0119 wy\u0142amuje, ten wspiera wroga. Uderzanie w PO, stawianie niemal\u017ce na r\u00f3wni PiS i KE by\u0142o w propagandzie Biedronia zwyk\u0142ym nadu\u017cyciem oraz dowodem zak\u0142amania i z\u0142ej woli. Podobnie jak dyszkantowy entuzjazm, z jakim Biedro\u0144, uparcie przekonuj\u0105cy nas przez wiele miesi\u0119cy, \u017ce \u201eidzie na dwucyfrowy wynik\u201d, przyj\u0105\u0142 wiadomo\u015b\u0107 o tym, \u017ce ledwie przelaz\u0142 przez pr\u00f3g wyborczy. To by\u0142o doprawdy \u017cenuj\u0105ce, wr\u0119cz \u017ca\u0142osne przem\u00f3wienie. Prawo piaru stan\u0119\u0142o dzi\u015b ponad prawem moralnym, a nawet ponad zdrowym rozs\u0105dkiem.<\/p>\n<p>Ot\u00f3\u017c partia Biedronia nie jest i nie b\u0119dzie \u017cadn\u0105 \u201ealternatyw\u0105\u201d. Podobnie jak dawniej Tw\u00f3j Ruch, kt\u00f3rego jest kopi\u0105 (tylko odrobin\u0119 udoskonalon\u0105), stanowi do\u015b\u0107 przypadkowy konglomerat, z\u0142o\u017cony z zas\u0142u\u017conych i warto\u015bciowych ludzi o bardzo r\u00f3\u017cnych pogl\u0105dach, zmieszany z wszelkiego rodzaju \u201ezbieranin\u0105\u201d, kt\u00f3r\u0105 gromadzi ka\u017cda nowa partia. Rozpoczynanie dzia\u0142alno\u015bci od lukratywnych wybor\u00f3w nie by\u0142o eleganckie i musia\u0142o si\u0119 sko\u0144czy\u0107 sprzedawaniem miejsc na listach r\u00f3\u017cnym typom, niekoniecznie spod najja\u015bniejszej gwiazdy.<\/p>\n<p>Liczba skandalicznych wypowiedzi i wydarze\u0144 w kr\u00f3tkiej historii Wiosny przekroczy\u0142a jednak\u017ce i tak niema\u0142e, w moim przynajmniej przypadku, oczekiwania. Podobnie jak stopnie\u0144, w jakim ugrupowanie to sta\u0142o si\u0119 prywatn\u0105 sekt\u0105 wyznawc\u00f3w swego przyw\u00f3dcy. Nawet u Palikota nie by\u0142o a\u017c tak \u2013 i dlatego Palikot w pierwszych wyborach zgarn\u0105\u0142 10 proc., a Biedro\u0144 tylko 6. Tydzie\u0144 p\u00f3\u017aniej pewnie nie przekroczy\u0142by ju\u017c progu. Do jesieni zachowa pewnie kilka procent poparcia. Je\u015bli utrzyma si\u0119 koalicja, a on zagra raz jeszcze o przej\u015bcie progu, nie ogl\u0105daj\u0105c si\u0119 na wsp\u00f3lny obowi\u0105zek, jakim dla wszystkich polityk\u00f3w i obywateli jest obalenie re\u017cimu, oka\u017ce si\u0119 po prostu kolejnym \u201epo\u017cytecznym idiot\u0105\u201d, kt\u00f3ry swym bezprzyk\u0142adnym narcyzmem i opowiadaniem pysza\u0142kowatych bzdur o jakiej\u015b \u201einnej polityce\u201d uniemo\u017cliwia zjednoczenie opozycji.<\/p>\n<p>W wiecz\u00f3r po wyborach wydawa\u0142o si\u0119, \u017ce Biedro\u0144 podarowa\u0142 Kaczy\u0144skiemu zwyci\u0119stwo. Dzi\u015b widzimy, \u017ce nawet przy\u0142\u0105czenie si\u0119 Biedronia do KE (co zreszt\u0105 da\u0142oby mu zapewne r\u00f3wnie\u017c trzy mandaty) nie da\u0142oby zwyci\u0119stwa. Ale przynajmniej nie by\u0142oby wra\u017cenia kl\u0119ski, gdyby 4 z 6 Biedroniowych procent\u00f3w przesz\u0142o na KR.<\/p>\n<p>Mniejsza o Biedronia. Los Polski zale\u017cy dzi\u015b od kilku os\u00f3b, na czele z Tuskiem i Schetyn\u0105. Lecz w niepor\u00f3wnanie wi\u0119kszym stopniu zale\u017cy od mi\u0119dzynarodowej koniunktury gospodarczej. Dzi\u0119ki temu, \u017ce jest ona obecnie bardzo dobra, dochody Polak\u00f3w te\u017c rosn\u0105. I Polacy b\u0119d\u0105 g\u0142osowa\u0107 na PiS tak d\u0142ugo, jak ich kieszenie b\u0119d\u0105 si\u0119 do nich u\u015bmiecha\u0107. Tylko kryzys mo\u017ce zmieni\u0107 sytuacj\u0119. Gdy Kaczy\u0144skiemu sko\u0144czy si\u0119 got\u00f3wka i linia kredytowa, b\u0119dzie mo\u017cna pomy\u015ble\u0107 o zwyci\u0119stwie. Tak to dzia\u0142a. O warto\u015bciach mo\u017cemy zapomnie\u0107.<\/p>\n","protected":false},"excerpt":{"rendered":"<p>O warto\u015bciach mo\u017cemy zapomnie\u0107.<\/p>\n","protected":false},"author":3,"featured_media":3694,"comment_status":"open","ping_status":"closed","sticky":false,"template":"","format":"standard","meta":{"footnotes":""},"categories":[440,304,95,129],"tags":[501,729,86,728,25],"_links":{"self":[{"href":"https:\/\/blog.polityka.pl\/hartman\/wp-json\/wp\/v2\/posts\/3686"}],"collection":[{"href":"https:\/\/blog.polityka.pl\/hartman\/wp-json\/wp\/v2\/posts"}],"about":[{"href":"https:\/\/blog.polityka.pl\/hartman\/wp-json\/wp\/v2\/types\/post"}],"author":[{"embeddable":true,"href":"https:\/\/blog.polityka.pl\/hartman\/wp-json\/wp\/v2\/users\/3"}],"replies":[{"embeddable":true,"href":"https:\/\/blog.polityka.pl\/hartman\/wp-json\/wp\/v2\/comments?post=3686"}],"version-history":[{"count":6,"href":"https:\/\/blog.polityka.pl\/hartman\/wp-json\/wp\/v2\/posts\/3686\/revisions"}],"predecessor-version":[{"id":3695,"href":"https:\/\/blog.polityka.pl\/hartman\/wp-json\/wp\/v2\/posts\/3686\/revisions\/3695"}],"wp:featuredmedia":[{"embeddable":true,"href":"https:\/\/blog.polityka.pl\/hartman\/wp-json\/wp\/v2\/media\/3694"}],"wp:attachment":[{"href":"https:\/\/blog.polityka.pl\/hartman\/wp-json\/wp\/v2\/media?parent=3686"}],"wp:term":[{"taxonomy":"category","embeddable":true,"href":"https:\/\/blog.polityka.pl\/hartman\/wp-json\/wp\/v2\/categories?post=3686"},{"taxonomy":"post_tag","embeddable":true,"href":"https:\/\/blog.polityka.pl\/hartman\/wp-json\/wp\/v2\/tags?post=3686"}],"curies":[{"name":"wp","href":"https:\/\/api.w.org\/{rel}","templated":true}]}}