
{"id":4296,"date":"2020-03-28T18:05:23","date_gmt":"2020-03-28T17:05:23","guid":{"rendered":"http:\/\/hartman.blog.polityka.pl\/?p=4296"},"modified":"2020-03-28T21:24:57","modified_gmt":"2020-03-28T20:24:57","slug":"w-lapach-prostakow","status":"publish","type":"post","link":"https:\/\/blog.polityka.pl\/hartman\/2020\/03\/28\/w-lapach-prostakow\/","title":{"rendered":"W \u0142apach prostak\u00f3w"},"content":{"rendered":"\n<p>W\u0142a\u015bnie zatrzymano dziennikarza W\u0142odka Ciejk\u0119, kt\u00f3ry chcia\u0142 nada\u0107 relacj\u0119 spod domu Kaczy\u0144skiego, gdzie demonstrowa\u0142o kilka os\u00f3b. Wszystkich zgarn\u0119li, \u0142\u0105cznie z dziennikarzem. Po kilku godzinach wypu\u015bcili. Jeszcze wypuszczaj\u0105. Ale ju\u017c wsadzaj\u0105. Nawet dziennikarzy. Tyle tytu\u0142em wst\u0119pu.<\/p>\n\n\n\n<!--more-->\n\n\n\n<p>W czasie kryzysu chcia\u0142oby si\u0119 wierzy\u0107, \u017ce nawet skorumpowana i niesprawna w\u0142adza podporz\u0105dkowuje si\u0119 najbardziej fachowym si\u0142om, do jakich ma dost\u0119p, dzia\u0142a w miar\u0119 racjonalnie i z dobr\u0105 wol\u0105, odsuwaj\u0105c na bok interes polityczny i ekonomiczny rz\u0105dz\u0105cej sitwy. S\u0105 jednak\u017ce przes\u0142anki, by s\u0105dzi\u0107, \u017ce polski re\u017cim nie podlega tej regule.<\/p>\n\n\n\n<p>Kilka wi\u0119kszych i mniejszych incydent\u00f3w pokazuje, \u017ce ta w\u0142adza nie ma \u017cadnych hamulc\u00f3w moralnych, a jej nadrz\u0119dnym celem jest trwanie za wszelk\u0105 cen\u0119. Temu rz\u0105dowi nie mo\u017cna ufa\u0107 w \u017cadnej mierze i w \u017cadnej sytuacji. Zaprowadzony obecnie stan dyktatury (epidemiokracji, jak zacz\u0119li\u015bmy to nazywa\u0107) b\u0119dzie utrzymywany, jak d\u0142ugo si\u0119 da \u2013 a da si\u0119 d\u0142ugo, bo zagro\u017cenie potrwa co najmniej do czasu wprowadzenia skutecznych szczepionek i lek\u00f3w, za\u015b kryzys gospodarczy sprzyja\u0107 b\u0119dzie powszechnemu poczuciu trwania sytuacji nadzwyczajnej.<\/p>\n\n\n\n<p>Ideologia zwana w nauce o zdrowiu publicznym kwarantannizmem na dobre rozgo\u015bci si\u0119 w dyskursie w\u0142adzy, na r\u00f3wni z katolicyzmem i pych\u0105 narodow\u0105, kt\u00f3re wdzi\u0119cznie uzupe\u0142ni. Daleko id\u0105ce ograniczenia, jakim b\u0119d\u0105 przez co najmniej kilkana\u015bcie miesi\u0119cy podlega\u0107 osoby starsze, stan\u0105 si\u0119 w\u0119z\u0142em praktyk dyscyplinarnych, rozga\u0142\u0119ziaj\u0105cych si\u0119 na wszystkie dziedziny \u017cycia. Nie ustanie rz\u0105dzenie dekretami, nie wr\u00f3c\u0105 zawieszone prawa obywatelskie, a inwigilacja b\u0119dzie powszechna. Po kryzysie przyjdzie stagnacja i smuta, jak\u0105 pami\u0119tamy z po\u0142owy lat 80.<\/p>\n\n\n\n<p>W ci\u0105gu minionego miesi\u0105ca partyjno-ko\u015bcielny re\u017cim wielokrotnie pokaza\u0142 sw\u0105 odra\u017caj\u0105c\u0105 g\u0119b\u0119 bezmy\u015blnego i bezwstydnego prostaka. Chcia\u0142bym przypomnie\u0107 te incydenty, aby nikt nie mia\u0142 w\u0105tpliwo\u015bci, z kim mamy do czynienia.<\/p>\n\n\n\n<p><strong>Wybory<\/strong>. Nocna nowelizacja kodeksu wyborczego, umo\u017cliwiaj\u0105ca g\u0142osowanie zdalne osobom starszym ni\u017c 60-letnie oraz przebywaj\u0105cym na kwarantannie pokazuje, \u017ce ci ludzie naprawd\u0119 bior\u0105 pod uwag\u0119 zorganizowanie wybor\u00f3w. Mimo \u017ce by\u0142oby to brutalne z\u0142amanie konstytucji, a niew\u0105tpliwie zwyci\u0119ski Duda by\u0142by przez zagranic\u0119 i przez wi\u0119kszo\u015b\u0107 Polak\u00f3w <em>de facto<\/em> nieuznawany. Im to nie szkodzi. Liczy si\u0119 tylko zachowanie w\u0142adzy. Jesieni\u0105 Duda by ju\u017c przegra\u0142, bo kryzys b\u0119dzie ju\u017c wtedy widoczny, a bezmiar nieudolno\u015bci i bezradno\u015bci tej w\u0142adzy stanie si\u0119 jasny dla wi\u0119kszo\u015bci ludzi. Co im tam, \u017ce miliony ludzi id\u0105ce do lokali wyborczych w jeden dzie\u0144 zniwecz\u0105 dwa miesi\u0105ce kwarantanny, a tysi\u0105ce ulegn\u0105 zaka\u017ceniu. Nie takie ofiary musi czasami ponie\u015b\u0107 nar\u00f3d, prawda?<\/p>\n\n\n\n<p>Je\u015bli Kaczy\u0144ski ma jeszcze w\u0142adz\u0119 (nie ma co do tego pewno\u015bci), to post\u0119puje tak jak przed dekad\u0105: macie l\u0105dowa\u0107 i ju\u017c, a jak co\u015b, to b\u0119dziemy wmawia\u0107 ludziom, \u017ce Tusk z Putinem zorganizowali zamach na prezydenta. Gdy w wyniku przeprowadzenia wybor\u00f3w 10 maja dojdzie do zachorowa\u0144 i zgon\u00f3w, to powie si\u0119, \u017ce winni s\u0105 Budka i Chi\u0144czycy. Kto ma uwierzy\u0107, uwierzy.<\/p>\n\n\n\n<p><strong>Ksenofobia<\/strong>. Od dzi\u015b osoby pracuj\u0105ce w miejscowo\u015bciach przygranicznych i przekraczaj\u0105ce codziennie granic\u0119 w celu udania si\u0119 do pracy na stron\u0119 niemieck\u0105 maj\u0105 do wyboru albo zrezygnowa\u0107 z pracy, albo zamieszka\u0107 po drugiej stronie. Je\u015bli bowiem udadz\u0105 si\u0119 do pracy, to po przekroczeniu granicy w Polsce zostan\u0105 uwi\u0119zione na dwutygodniowej kwarantannie. To czysta szykana i epidemiologiczny absurd.<\/p>\n\n\n\n<p>Nie ma \u017cadnych przes\u0142anek, by uwa\u017ca\u0107 osoby pracuj\u0105ce w Niemczech za bardziej nara\u017cone na zaka\u017cenie ni\u017c osoby pracuj\u0105ce po polskiej stronie. Niemcy prosz\u0105 i apeluj\u0105 do polskich w\u0142adz \u2013 na pr\u00f3\u017cno. Polak wie lepiej od Niemca. Nie b\u0119dzie nam tu Niemiec naszych zaka\u017ca\u0142. Wiadomo nie od dzi\u015b \u2013 zaraza to nie my, zaraza to plaga id\u0105ca od obcych. Zamkn\u0105\u0107 si\u0119, \u015bwi\u0119ty obrazek wystawi\u0107 i kadzid\u0142em Z\u0142ego wyp\u0119dzi\u0107 \u2013 taki jest, jak \u015bwiat \u015bwiatem, spos\u00f3b na zaraz\u0119. Niema\u0142o tej dzikiej magii wyczuwa si\u0119 jeszcze we wsp\u00f3\u0142czesnych re\u017cimach sanitarnych. Czym\u015b zdumiewaj\u0105cym jest odm\u00f3wienie przez Polsk\u0119 pomocy obywatelom pa\u0144stw nadba\u0142tyckich, kt\u00f3rzy chcieliby wr\u00f3ci\u0107 przez Polsk\u0119 do swoich kraj\u00f3w. Zatrzymuje si\u0119 ich na granicy niemieckiej i nie wpuszcza do Polski! To czyste dra\u0144stwo, kt\u00f3rego nam s\u0105siedzi nie zapomn\u0105.<\/p>\n\n\n\n<p>A Ukrai\u0144cy? Musz\u0105 czeka\u0107 w g\u0119stym t\u0142umie na granicy, a\u017c ich \u0142askawie nasi wypuszcz\u0105, a swoi wpuszcz\u0105. Zreszt\u0105 za chwil\u0119 przestan\u0105 wpuszcza\u0107\u2026 Bo co to za Ukrainiec, co to teraz z Polski wraca? Zaprzaniec i tr\u0119dowaty! Czym dalej na wsch\u00f3d, tym wi\u0119cej tej pogardy i codziennego faszyzmu. Wszyscy widzieli\u015bmy policyjnych pa\u0142karzy bij\u0105cych ludzi na ulicach gdzie\u015b w Azji. Ten \u015bwiat nie zaczyna si\u0119 jednak za Bugiem. My, Europa Wschodnia, \u0142\u0105cznie z Polsk\u0105, stanowimy wprawdzie jego zachodnie rubie\u017ce, lecz wci\u0105\u017c jeste\u015bmy jego cz\u0119\u015bci\u0105. Zach\u00f3d ko\u0144czy si\u0119 na Odrze.<\/p>\n\n\n\n<p><strong>Ko\u015bci\u00f3\u0142<\/strong>. Ko\u015bci\u00f3\u0142 nie zawi\u00f3d\u0142 \u2013 zgodnie z przewidywaniami nie zamkn\u0105\u0142 swego teatrzyku i u\u017cywa wszelkich \u015brodk\u00f3w, by ochroni\u0107 swoje dochody i nie dopu\u015bci\u0107 do odzwyczajenia si\u0119 przez osoby mniej wra\u017cliwe na pedofili\u0119 i inne przest\u0119pstwa od ucz\u0119szczania na msze. Pa\u0144stwo za\u015b p\u0142aszczy si\u0119, jak zwykle, przed t\u0105 organizacj\u0105, uprzywilejowuj\u0105c j\u0105 na ka\u017cdym etapie zaostrzania restrykcji. Gdy zakazano zgromadze\u0144 powy\u017cej 50 os\u00f3b, minister Szumowski pochwali\u0142 bezczelne wezwanie biskup\u00f3w do zwi\u0119kszenia liczby mszy. Dzi\u015b, gdy zakazane s\u0105 wszelkie zgromadzenia, do ko\u015bcio\u0142\u00f3w mo\u017ce wchodzi\u0107 do pi\u0119ciu os\u00f3b. <\/p>\n\n\n\n<p>I tego im ma\u0142o \u2013 kt\u00f3\u017c z nas nie s\u0142ucha\u0142 szale\u0144czego wyst\u0105pienia Macierewicza, kt\u00f3ry apeluje do Szumowskiego, aby w imi\u0119 roztropno\u015bci (sic!) przywr\u00f3ci\u0142 swobod\u0119 organizowania mszy. Kto wie, jak jeszcze z tym b\u0119dzie. Oni naprawd\u0119 chc\u0105 to wymusi\u0107 na rz\u0105dzie. Na razie dostali \u2013 jako jedyni &#8211; trzymiesi\u0119czne zwolnienie ze sk\u0142adek na \u015bwiadczenia emerytalno-rentowe. Jak\u017ce trzeba by\u0107 bezczelnym, aby t\u0119 ulg\u0119 da\u0107 w\u0142a\u015bnie im!<\/p>\n\n\n\n<p>I jak\u017ce oni s\u0105 bezczelni, \u017ce w tych okoliczno\u015bciach wyci\u0105gaj\u0105 \u0142ap\u0119 po kolejne pieni\u0105dze! Bezprzyk\u0142adna pycha i niczym nieograniczona chciwo\u015b\u0107 kleru doskonale pokazuj\u0105, jaki poziom reprezentuje to \u015brodowisko mafijno-partyjno-ko\u015bcielne, w kt\u00f3rego lepkich \u0142apach znalaz\u0142a si\u0119 dzi\u015b Polska.<\/p>\n\n\n\n<p>Czy ludzie to widz\u0105? Widz\u0105, nie widz\u0105. Widz\u0105, \u017ce j\u0119ki i zawodzenia oraz potrz\u0105sanie tac\u0105 to nie jest spos\u00f3b na epidemi\u0119, a przywileje dla Ko\u015bcio\u0142a, gdy trzeba pomaga\u0107 najs\u0142abszym, to jednak wstyd. Jednak\u017ce, z drugiej strony, ludzie przecie\u017c nie spodziewaj\u0105 si\u0119, \u017ce chciwcy przestan\u0105 by\u0107 chciwcami, a ksenofobia i egoizm nagle przeistocz\u0105 si\u0119 w uniwersalistyczny humanizm. W Polsce zdemoralizowana jest nie tylko w\u0142adza i \u015brodowiska, z kt\u00f3rych si\u0119 wywodzi, lecz og\u00f3\u0142 spo\u0142ecze\u0144stwa znajduje si\u0119 w moralnej depresji, objawiaj\u0105cej si\u0119 ostentacyjnym egoizmem i cynizmem.<\/p>\n\n\n\n<p>Populistyczna, jawnie nacjonalistyczna w\u0142adza, otwarcie autorytarna i klerykalna, odpowiada przynajmniej po\u0142owie spo\u0142ecze\u0144stwa. Ludzie nie chc\u0105 s\u0142ucha\u0107 \u017cadnej Angeli Merkel \u2013 wol\u0105 za\u0142ganego, zaka\u0142apu\u0107kanego w pi\u0119trowe konstrukcje cynicznych, egoistycznych bana\u0142\u00f3w Mateusza Morawieckiego. Wiedz\u0105, \u017ce najwa\u017cniejszy jest dzi\u015b g\u0142os nauki, a nie pokrzykiwania zadufanych w sobie ignorant\u00f3w z PiS ani tym bardziej obmierz\u0142e, wci\u0105\u017c tak samo ja\u0142owe wym\u0105drzanie si\u0119 kleru i jego zawodzenia, za kt\u00f3re trzeba coraz wi\u0119cej p\u0142aci\u0107.<\/p>\n\n\n\n<p>Ale od wiedzy do dzia\u0142ania daleka droga. Za miesi\u0105c czy dwa ludzie zaczn\u0105 brzydzi\u0107 si\u0119 t\u0105 w\u0142adz\u0105, bo poczuj\u0105 pustk\u0119 w portfelu i l\u0119k. Nie znaczy to jednak, \u017ce b\u0119d\u0105 chcieli szybko si\u0119 tej w\u0142adzy pozby\u0107. Spo\u0142eczna inercja, czyli impossybilizm, jest dok\u0142adnie tym, na co liczy dzi\u015b re\u017cim. Cyniczne i depresyjne spo\u0142ecze\u0144stwo, ciu\u0142aj\u0105ce miedziaki i karnie s\u0142uchaj\u0105ce katolicko-nacjonalistycznej gl\u0119dy, przekonane, \u017ce i tak niczego nie mo\u017cna ju\u017c zmieni\u0107, to w\u0142a\u015bnie owo marzenie o Wielkiej Polsce &#8211; marzenie tych wszystkich zakompleksionych Dmowskich, Kaczy\u0144skich i Gowin\u00f3w. Jak ju\u017c wszyscy b\u0119d\u0105 nami gardzi\u0107 i nas nienawidzi\u0107, a my ze szcz\u0119tem znienawidzimy ca\u0142y \u015bwiat i samych siebie, wtedy nareszcie Polska b\u0119dzie Polsk\u0105, a Polak Plakiem. Vive la Pologne!<\/p>\n","protected":false},"excerpt":{"rendered":"<p>W\u0142a\u015bnie zatrzymano dziennikarza W\u0142odka Ciejk\u0119, kt\u00f3ry chcia\u0142 nada\u0107 relacj\u0119 spod domu Kaczy\u0144skiego, gdzie demonstrowa\u0142o kilka os\u00f3b. Wszystkich zgarn\u0119li, \u0142\u0105cznie z dziennikarzem. Po kilku godzinach wypu\u015bcili. Jeszcze wypuszczaj\u0105. Ale ju\u017c wsadzaj\u0105. Nawet dziennikarzy. Tyle tytu\u0142em wst\u0119pu.<\/p>\n","protected":false},"author":3,"featured_media":4301,"comment_status":"open","ping_status":"closed","sticky":false,"template":"","format":"standard","meta":{"footnotes":""},"categories":[449,4,6,129],"tags":[855,853],"_links":{"self":[{"href":"https:\/\/blog.polityka.pl\/hartman\/wp-json\/wp\/v2\/posts\/4296"}],"collection":[{"href":"https:\/\/blog.polityka.pl\/hartman\/wp-json\/wp\/v2\/posts"}],"about":[{"href":"https:\/\/blog.polityka.pl\/hartman\/wp-json\/wp\/v2\/types\/post"}],"author":[{"embeddable":true,"href":"https:\/\/blog.polityka.pl\/hartman\/wp-json\/wp\/v2\/users\/3"}],"replies":[{"embeddable":true,"href":"https:\/\/blog.polityka.pl\/hartman\/wp-json\/wp\/v2\/comments?post=4296"}],"version-history":[{"count":10,"href":"https:\/\/blog.polityka.pl\/hartman\/wp-json\/wp\/v2\/posts\/4296\/revisions"}],"predecessor-version":[{"id":4308,"href":"https:\/\/blog.polityka.pl\/hartman\/wp-json\/wp\/v2\/posts\/4296\/revisions\/4308"}],"wp:featuredmedia":[{"embeddable":true,"href":"https:\/\/blog.polityka.pl\/hartman\/wp-json\/wp\/v2\/media\/4301"}],"wp:attachment":[{"href":"https:\/\/blog.polityka.pl\/hartman\/wp-json\/wp\/v2\/media?parent=4296"}],"wp:term":[{"taxonomy":"category","embeddable":true,"href":"https:\/\/blog.polityka.pl\/hartman\/wp-json\/wp\/v2\/categories?post=4296"},{"taxonomy":"post_tag","embeddable":true,"href":"https:\/\/blog.polityka.pl\/hartman\/wp-json\/wp\/v2\/tags?post=4296"}],"curies":[{"name":"wp","href":"https:\/\/api.w.org\/{rel}","templated":true}]}}