
{"id":6514,"date":"2023-06-01T09:45:56","date_gmt":"2023-06-01T07:45:56","guid":{"rendered":"http:\/\/hartman.blog.polityka.pl\/?p=6514"},"modified":"2023-06-01T14:25:43","modified_gmt":"2023-06-01T12:25:43","slug":"pis-gra-zydem","status":"publish","type":"post","link":"https:\/\/blog.polityka.pl\/hartman\/2023\/06\/01\/pis-gra-zydem\/","title":{"rendered":"PiS gra \u017bydem"},"content":{"rendered":"\n<p>Haniebny spot PiS wymierzony przeciwko marszowi opozycji 4 czerwca, a wykorzystuj\u0105cy dla swego propagandowego celu Zag\u0142ad\u0119 \u017byd\u00f3w oraz symbolik\u0119 Auschwitz, to co\u015b wi\u0119cej ni\u017c chamska insynuacja i nadu\u017cycie. Insynuacja \u2013 owszem. Propagandzi\u015bci PiS doskonale wiedz\u0105, \u017ce Tomasz Lis, pisz\u0105cy, \u017ce znajdzie si\u0119 komora na Dud\u0119 i Kaczora, bynajmniej nie mia\u0142 na my\u015bli tego, \u017ce PiS trzeba wygubi\u0107 w komorach gazowych Brzezinki. Wiedz\u0105 te\u017c, \u017ce por\u00f3wnywanie gniewu opozycji z nazistowsk\u0105 nienawi\u015bci\u0105 jest brutalnym, chamskim nadu\u017cyciem.<\/p>\n\n\n\n<!--more-->\n\n\n\n<p>Wszystko to jednak\u017ce jest tyle\u017c oczywiste, co banalne. Adepci brudnej polityki terminuj\u0105cy w re\u017cimowych wydzia\u0142ach propagandy na ca\u0142ym \u015bwiecie wprawiaj\u0105 si\u0119 w cynicznej inwersji moralno\u015bci. Przekonani, \u017ce w polityce chodzi w\u0142a\u015bnie o to, aby nie cofa\u0107 si\u0119 przed niczym, bo jedyn\u0105 i zwyci\u0119sk\u0105 regu\u0142\u0105 jest brak regu\u0142, gratuluj\u0105 sobie ka\u017cdej pod\u0142o\u015bci, je\u015bli jest pod\u0142a wystarczaj\u0105co spektakularnie. Nie mam w\u0105tpliwo\u015bci, \u017ce tw\u00f3rcy nowego filmiku PiS s\u0105 z siebie wielce zadowoleni.<\/p>\n\n\n\n<p>Czym\u015b znacznie wa\u017cniejszym od pospolitego chamstwa i brutalizmu tego popisu jest kryj\u0105ca si\u0119 za nim \u015bwiadomo\u015b\u0107, a raczej nie\u015bwiadomo\u015b\u0107 \u2013 zar\u00f3wno samego \u015brodowiska PiS, jak i jego po\u017c\u0105danej klienteli politycznej. W powierzchniowej warstwie mamy tu do czynienia z zupe\u0142nym brakiem szacunku dla symboliki Auschwitz, a w\u0142a\u015bciwie brakiem \u015bwiadomo\u015bci, jak skrajnie niestosowne jest umieszczanie symbolu Zag\u0142ady \u017byd\u00f3w w kontek\u015bcie politycznej propagandy, i to szczeg\u00f3lnie tak zak\u0142amanej i agresywnej.<\/p>\n\n\n\n<p>W g\u0142\u0119bszej warstwie mamy tu jednak\u017ce co\u015b znacznie gro\u017aniejszego \u2013 zaw\u0142aszczanie Zag\u0142ady przez jej polonizacj\u0119, na wz\u00f3r PRL. Spot PiS jest nie tylko pod\u0142y wobec Lisa i opozycji, jest nie tylko aktem haniebnej instrumentalizacji symbolu Zag\u0142ady, lecz przede wszystkim jest aktem propagandy oddzielaj\u0105cej Auschwitz od Zag\u0142ady i d\u0105\u017c\u0105cej do marginalizowania Zag\u0142ady w \u015bwiadomo\u015bci spo\u0142ecznej, mi\u0119dzy innymi przez rozlu\u017anianie skojarzenia Auschwitz z tragedi\u0105 Shoah.<\/p>\n\n\n\n<p>Spot PiS nie mia\u0142by \u017cadnej warto\u015bci propagandowej, gdyby wspomniano w nim o tym, kim by\u0142y ofiary kom\u00f3r gazowych, do kt\u00f3rych rzekomo aluzj\u0119 robi\u0142 Tomasz Lis i z powodu kt\u00f3rych Auschwitz pojawi\u0142 si\u0119 w spocie. Nie wiem, czy tw\u00f3rcy tego klasyka propagandy wiedz\u0105, \u017ce w komorach gazowych podobozu Auschwitz o nazwie Birkenau (Brzezinka) mordowano prawie wy\u0142\u0105cznie \u017byd\u00f3w. Pewnie nie wiedz\u0105, bo nie chc\u0105 wiedzie\u0107, a ju\u017c z pewno\u015bci\u0105 zak\u0142adaj\u0105, \u017ce nie wiedz\u0105 tego i nie chc\u0105 tego wiedzie\u0107 adresaci propagandowego przekazu.<\/p>\n\n\n\n<p>Filmik PiS jest zaiste rodem z PRL. Ka\u017cdy, kto wtedy chodzi\u0142 do szko\u0142y, uczy\u0142 si\u0119 o Auschwitz, lecz nie o Zag\u0142adzie \u017byd\u00f3w. Przekaz formu\u0142owano w taki spos\u00f3b, \u017ceby dzieci rozumia\u0142y, \u017ce te widoczne na filmach przepychane spychaczem i rzucane na w\u00f3zki zwa\u0142y trup\u00f3w, te komory gazowe i krematoria \u2013 to wszystko dla Polak\u00f3w, takich samych jak one i ich rodzice. Propaganda PRL d\u0105\u017cy\u0142a do tego, by s\u0142owo \u201e\u017byd\u201d by\u0142o w\u0142a\u015bciwie nieznane. Ofiarami oboz\u00f3w w przekazie peerelowskim byli \u201eobywatele Polscy\u201d (akurat w Auschwitz byli mniejszo\u015bci\u0105, ale mniejsza o to), a co do narodowo\u015bci, to Niemcy mordowali w obozach r\u00f3\u017cne \u2013 od Azer\u00f3w (na A), po \u017byd\u00f3w (na \u017b). Taki alfabetyczny spis ofiar, w kt\u00f3rym \u017bydzi byli na ko\u0144cu, przez ca\u0142e dekady wita\u0142 odwiedzaj\u0105cych miejsce poobozowe w Sobiborze ko\u0142o W\u0142odawy.<\/p>\n\n\n\n<p>To samo ma miejsce w spocie PiS. S\u0105 w nim wy\u015bwietlone dwa napisy odnosz\u0105ce si\u0119 do Zag\u0142ady: \u201eW Auschwitz zamordowano ponad 1 mln os\u00f3b\u201d oraz \u201e6 mln Polak\u00f3w zamordowano podczas wojny\u201d. Pierwszy napis m\u00f3wi prawd\u0119, za to drugi k\u0142amie i dodatkowo rzuca cie\u0144 k\u0142amstwa na ten pierwszy. Z drugiego napisu widz ma wyci\u0105gn\u0105\u0107 wniosek, \u017ce ten milion, o kt\u00f3rym si\u0119 m\u00f3wi w pierwszym napisie, jest cz\u0119\u015bci\u0105 tych sze\u015bciu milion\u00f3w, o kt\u00f3rych mowa jest w tym drugim. Manipulacja jest perfidna i wielopi\u0119trowa.<\/p>\n\n\n\n<p>Po pierwsze, w Auschwitz ok. 85 proc. ofiar stanowili \u017bydzi, i to w znacznej wi\u0119kszo\u015bci nieb\u0119d\u0105cy polskimi obywatelami. W przypadku \u015bmierci w komorach gazowych, o czym przecie\u017c m\u00f3wi si\u0119 tu na pierwszym miejscu, to, powt\u00f3rzmy, prawie wszystkie ofiary by\u0142y \u017bydami. Po drugie, nie jest prawd\u0105, \u017ce sze\u015b\u0107 milion\u00f3w Polak\u00f3w zamordowano podczas wojny. Te sze\u015b\u0107 milion\u00f3w to wymys\u0142 stalinowskiej propagandy, w kt\u00f3rej chodzi\u0142o o to, \u017ce skoro Niemcy wymordowali trzy miliony polskich \u017byd\u00f3w, to Polacy nie\u017cydowscy przecie\u017c \u201enie mog\u0105 by\u0107 gorsi\u201d. Bez \u017cadnych bada\u0144 zadekretowano wi\u0119c, \u017ce tych zamordowanych Polak\u00f3w r\u00f3wnie\u017c b\u0119dzie trzy miliony. A trzy plus trzy to sze\u015b\u0107. Dok\u0142adnie te sze\u015b\u0107, o kt\u00f3rych mowa jest w spocie PiS.<\/p>\n\n\n\n<p>Jednak\u017ce komuni\u015bci m\u00f3wili w tym kontek\u015bcie przynajmniej o \u201epolskich obywatelach\u201d, podczas gdy PiS posun\u0105\u0142 si\u0119 o krok dalej w podkradaniu ofiar celem podpompowania polskiej martyrologii (tak jak gdyby by\u0142o jej za ma\u0142o), z wykorzystaniem polskich \u017byd\u00f3w (nareszcie jaki\u015b po\u017cytek z \u017byd\u00f3w?). I oto dostajemy owe za\u0142gane \u201e6 milion\u00f3w Polak\u00f3w\u201d. Bardzo, ale to bardzo si\u0119 cieszymy, \u017ce uwa\u017caj\u0105 za Polak\u00f3w tych niem\u00f3wi\u0105cych po polsku pejsatych m\u0119\u017cczyzn w cha\u0142atach, lecz mo\u017ce byliby mimo wszystko tak \u0142askawi i pozwolili im m\u00f3wi\u0107 samym za siebie, kim s\u0105.<\/p>\n\n\n\n<p>Skoro ju\u017c w zwi\u0105zku z szalbierstwami PiS poruszamy te tematy, to warto sobie wyja\u015bni\u0107, jak to jest z t\u0105 liczb\u0105 ofiar. Ot\u00f3\u017c stanowisko pa\u0144stwa polskiego nie uleg\u0142o zmianie. III RP przej\u0119\u0142a w spadku po PRL r\u00f3wnanie 3+3=6. Ale tylko ona. Nietrudno zrobi\u0107 \u201eresearch\u201d \u017ar\u00f3de\u0142 internetowych i dowiedzie\u0107 si\u0119, \u017ce plac\u00f3wki naukowe zajmuj\u0105ce si\u0119 II wojn\u0105 \u015bwiatow\u0105 szacuj\u0105 liczb\u0119 zamordowanych przez Niemc\u00f3w tzw. etnicznych Polak\u00f3w na ok. dwa mln os\u00f3b. Do tego nale\u017cy doliczy\u0107 150-200 tys. Polak\u00f3w pomordowanych b\u0105d\u017a zam\u0119czonych przez bolszewik\u00f3w. Razem daje to liczb\u0119 2,1-2,2 mln.<\/p>\n\n\n\n<p>Owe trzy miliony polskich \u017byd\u00f3w to liczba r\u00f3wnie\u017c nieco zawy\u017cona. Obecnie przyjmuje si\u0119, \u017ce Zag\u0142ada poch\u0142on\u0119\u0142a ok. 5,5 mln \u017byd\u00f3w. Jaka cz\u0119\u015b\u0107 przypada na Polsk\u0119? Padaj\u0105 tu r\u00f3\u017cne liczby, z kt\u00f3rych wy\u0142ania si\u0119 \u201e\u015brednia\u201d w liczbie ok. 2,8 mln. Gdy doda\u0107 do siebie \u201epolsk\u0105\u201d i \u201e\u017cydowsk\u0105\u201d liczb\u0119, wyjdzie ok. pi\u0119ciu milion\u00f3w. Tyle \u017ce w tym wszystkim s\u0105 jeszcze inne nacje \u2013 polscy Ukrai\u0144cy, Romowie i inni. A przede wszystkim s\u0105 osoby dwunarodowo\u015bciowe, kt\u00f3rych jest mo\u017ce nawet ponad milion. To g\u0142\u00f3wnie zasymilowani \u017bydzi, identyfikuj\u0105cy si\u0119 jako Polacy i \u017bydzi jednocze\u015bnie, a nawet w og\u00f3le nieuwa\u017caj\u0105cy si\u0119 za \u017byd\u00f3w.<\/p>\n\n\n\n<p>Auschwitz akurat nie jest w szczeg\u00f3lny spos\u00f3b symbolem martyrologii Polskiej (tzw. etniczni Polacy stanowili ok. 7 proc. wszystkich zamordowanych tam ludzi), cho\u0107 komuni\u015bci i PiS robi\u0105 wszystko, aby tak w\u0142a\u015bnie by\u0142o. Auschwitz jest przede wszystkim symbolem Zag\u0142ady \u017byd\u00f3w z Europy Zachodniej i W\u0119gier. Polscy \u017bydzi gin\u0119li g\u0142\u00f3wnie w Treblince, Sobiborze, Be\u0142\u017ccu; w Auschwitz stanowili ok. jednej trzeciej ofiar. A je\u015bli ju\u017c nazywa\u0107 \u017byd\u00f3w b\u0119d\u0105cych obywatelami polskimi Polakami, to zdecydowanie najwi\u0119kszym grobem Polak\u00f3w jest Treblinka. Spoczywa tam dwukrotnie wi\u0119cej tak (czyli \u201epo pisowsku&#8221;) rozumianych Polak\u00f3w ni\u017c w Auschwitz.<\/p>\n\n\n\n<p>Ale kogo by to obchodzi\u0142o. Na pewno nie tych m\u0142odych pan\u00f3w od propagandy. Treblinka w spocie propagandowym PiS by jednak chyba \u201enie \u017car\u0142a\u201d, prawda?<\/p>\n","protected":false},"excerpt":{"rendered":"<p>Haniebny spot PiS wymierzony przeciwko marszowi opozycji 4 czerwca, a wykorzystuj\u0105cy dla swego propagandowego celu Zag\u0142ad\u0119 \u017byd\u00f3w oraz symbolik\u0119 Auschwitz, to co\u015b wi\u0119cej ni\u017c chamska insynuacja i nadu\u017cycie. Insynuacja \u2013 owszem. Propagandzi\u015bci PiS doskonale wiedz\u0105, \u017ce Tomasz Lis, pisz\u0105cy, \u017ce znajdzie si\u0119 komora na Dud\u0119 i Kaczora, bynajmniej nie mia\u0142 na my\u015bli tego, \u017ce PiS [&hellip;]<\/p>\n","protected":false},"author":3,"featured_media":6517,"comment_status":"closed","ping_status":"closed","sticky":false,"template":"","format":"standard","meta":{"footnotes":""},"categories":[619,95,1333],"tags":[377,1346,151],"_links":{"self":[{"href":"https:\/\/blog.polityka.pl\/hartman\/wp-json\/wp\/v2\/posts\/6514"}],"collection":[{"href":"https:\/\/blog.polityka.pl\/hartman\/wp-json\/wp\/v2\/posts"}],"about":[{"href":"https:\/\/blog.polityka.pl\/hartman\/wp-json\/wp\/v2\/types\/post"}],"author":[{"embeddable":true,"href":"https:\/\/blog.polityka.pl\/hartman\/wp-json\/wp\/v2\/users\/3"}],"replies":[{"embeddable":true,"href":"https:\/\/blog.polityka.pl\/hartman\/wp-json\/wp\/v2\/comments?post=6514"}],"version-history":[{"count":2,"href":"https:\/\/blog.polityka.pl\/hartman\/wp-json\/wp\/v2\/posts\/6514\/revisions"}],"predecessor-version":[{"id":6516,"href":"https:\/\/blog.polityka.pl\/hartman\/wp-json\/wp\/v2\/posts\/6514\/revisions\/6516"}],"wp:featuredmedia":[{"embeddable":true,"href":"https:\/\/blog.polityka.pl\/hartman\/wp-json\/wp\/v2\/media\/6517"}],"wp:attachment":[{"href":"https:\/\/blog.polityka.pl\/hartman\/wp-json\/wp\/v2\/media?parent=6514"}],"wp:term":[{"taxonomy":"category","embeddable":true,"href":"https:\/\/blog.polityka.pl\/hartman\/wp-json\/wp\/v2\/categories?post=6514"},{"taxonomy":"post_tag","embeddable":true,"href":"https:\/\/blog.polityka.pl\/hartman\/wp-json\/wp\/v2\/tags?post=6514"}],"curies":[{"name":"wp","href":"https:\/\/api.w.org\/{rel}","templated":true}]}}