
{"id":6942,"date":"2024-04-28T18:01:23","date_gmt":"2024-04-28T16:01:23","guid":{"rendered":"http:\/\/hartman.blog.polityka.pl\/?p=6942"},"modified":"2024-04-29T13:29:49","modified_gmt":"2024-04-29T11:29:49","slug":"jak-wygrac-eurowybory","status":"publish","type":"post","link":"https:\/\/blog.polityka.pl\/hartman\/2024\/04\/28\/jak-wygrac-eurowybory\/","title":{"rendered":"Jak wygra\u0107 eurowybory?"},"content":{"rendered":"\n<p>Wybory do Parlamentu Europejskiego mog\u0105 by\u0107 pierwszymi od 2015 r., w kt\u00f3rych PiS przegra w sensie dos\u0142ownym, czyli b\u0119dzie parti\u0105, kt\u00f3ra uzyska mniej mandat\u00f3w ni\u017c konkurencja. Konkurencja, czyli PO. Nie b\u0119dzie \u0142atwo, lecz trzeba zrobi\u0107 wszystko, \u017ceby tak si\u0119 sta\u0142o.<\/p>\n\n\n\n<!--more-->\n\n\n\n<p>Po pierwsze dlatego, \u017ce zwyci\u0119stwo podtrzyma morale PiS i dostarczy mu paliwa, r\u00f3wnie\u017c w wymiarze finansowym, bo ka\u017cdy mandat to dla partii traktuj\u0105cej fundusze b\u0119d\u0105ce w dyspozycji europos\u0142a jako sw\u00f3j \u0142up to po prostu \u017cywa got\u00f3wka dla dzia\u0142aczy na fikcyjnych etatach. Po drugie dlatego, \u017ce PO i Donald Tusk potrzebuj\u0105 potwierdzenia swojego sukcesu, je\u015bli my\u015bl\u0105 o umocnieniu w\u0142adzy i rozci\u0105gni\u0119ciu jej na drug\u0105 kadencj\u0119, a w kr\u00f3tkiej perspektywie \u2013 o przygotowaniu gruntu pod wybory prezydenckie za rok.<\/p>\n\n\n\n<p>Po trzecie silna polska ekipa proeuropejska w PE bardzo wzmocni\u0142aby Polsk\u0119 w pozosta\u0142ych instytucjach europejskich, a w konsekwencji w ca\u0142ej Unii. A mamy co odbudowywa\u0107, nie m\u00f3wi\u0105c ju\u017c o wyj\u0105tkowych powodach, aby integrowa\u0107 si\u0119 z Europ\u0105. Przecie\u017c czym wi\u0119cej nas w Europie, tym bardziej atak na Polsk\u0119 b\u0119dzie atakiem na ca\u0142y Zach\u00f3d. Integracja nigdy nie by\u0142a w takim stopniu polsk\u0105 racj\u0105 stanu jak dzisiaj.<\/p>\n\n\n\n<p>Niestety, po dw\u00f3ch kampaniach wyborczych dzia\u0142acze s\u0105 zm\u0119czeni i zm\u0119czeni s\u0105 obywatele. Nikomu si\u0119 za bardzo nie chce i nie ma co liczy\u0107 na wysok\u0105 frekwencj\u0119. Ten marazm sprzyja Kaczy\u0144skiemu, kt\u00f3ry swoim twardym elektoratem mo\u017ce przewa\u017cy\u0107 szal\u0119 zwyci\u0119stwa. A elektorat ten na pewno przy urnach si\u0119 stawi, og\u0142upiony i nastraszony t\u0119p\u0105 i pozbawion\u0105 krzty uczciwo\u015bci propagand\u0105 \u201eantyzielono\u0142adow\u0105\u201d.<\/p>\n\n\n\n<p>Czy kandydaci PO maj\u0105 je\u017adzi\u0107 po wsiach i t\u0142umaczy\u0107, czym jest Zielony \u0141ad? Niewiele to da, bo faktem jest, \u017ce zobowi\u0105zania dotycz\u0105ce walki o klimat oznaczaj\u0105 obci\u0105\u017cenia i utrudnienia r\u00f3wnie\u017c dla rolnik\u00f3w. A kto si\u0119 nie przejmuje dobrem planety i nie poczuwa do solidarnego udzia\u0142u w trudzie jej ratowania, ten apeli idealist\u00f3w nawet nie b\u0119dzie s\u0142ucha\u0142. Zw\u0142aszcza \u017ce PiS zadba o to, aby rolnicy nadal wierzyli, \u017ce globalne ociepleni to wymys\u0142 \u201elewak\u00f3w\u201d.<\/p>\n\n\n\n<p>W takiej sytuacji demokratom pozostaje apelowanie do elektoratu miejskiego, a zw\u0142aszcza do m\u0142odszej jego cz\u0119\u015bci, o wsparcie w postaci jeszcze jednej wizyty w punkcie wyborczym. Co mo\u017ce demokrat\u00f3w raz jeszcze \u201ezagoni\u0107 do urn\u201d? Trudna sprawa, bo wybory do europarlamentu z zasady s\u0105 <em>trefne<\/em> \u2013 naznaczone twardym i powszechnym przekonaniem, \u017ce chodzi w nich o gigantyczne zarobki, czyli \u201eskok na kas\u0119\u201d. Jest to zreszt\u0105 przekonanie na og\u00f3\u0142 s\u0142uszne, bo tylko bardzo zamo\u017cni politycy mog\u0105 stawia\u0107 pensje europos\u0142a na drugim b\u0105d\u017a dalszym miejscu na li\u015bcie swoich motywacji.<\/p>\n\n\n\n<p>Skoro wi\u0119c chodzi o posady, to po co i\u015b\u0107 na te wybory i pomaga\u0107 kilku szcz\u0119\u015bciarzom w ich otrzymaniu? Odpowied\u017a na to pytanie jest kluczem do zwyci\u0119stwa. Szukaj\u0105c tej odpowiedzi, nie mog\u0119 zale\u017a\u0107 innej ni\u017c wstr\u0119t. Wstr\u0119t przed warcholstwem, chamstwem, prostactwem i z\u0142odziejstwem. Je\u015bli PO ma wygra\u0107 te wybory (oczywi\u015bcie innym demokratycznym komitetom r\u00f3wnie\u017c nale\u017cy \u017cyczy\u0107 dobrze), symbolicznie zrzucaj\u0105c PiS z pozycji partii o najwi\u0119kszym poparciu spo\u0142ecznym, ludzie musz\u0105 do b\u00f3lu odczu\u0107 za\u017cenowanie i wstyd, a w konsekwencji wstr\u0119t do tego, co w europarlamencie wyrabia\u0142 i co sob\u0105 reprezentowa\u0142 tam PiS i ludzie Ziobry.<\/p>\n\n\n\n<p>Dlatego ta kampania powinna by\u0107 przede wszystkim negatywna, pokazuj\u0105c na filmach i plakatach te nieszcz\u0119sne szwindle z rozliczaniem delegacji, to wpadanie do Brukseli tylko po to, by z\u0142o\u017cy\u0107 podpis i wraca\u0107 do domu, \u017cenuj\u0105ce i kompromituj\u0105ce zachowania pisowskich europos\u0142\u00f3w, godn\u0105 po\u017ca\u0142owania nieznajomo\u015b\u0107 j\u0119zyk\u00f3w (no, mo\u017ce z wyj\u0105tkiem wyrzuconego za burt\u0119 Legutki), bratanie si\u0119 z ewidentnymi poplecznikami Putina. Trzeba powiedzie\u0107 ludziom: hej, ludzie, to dla nas wszystkich obciach i ha\u0144ba, \u017ce te cwaniaczki, naci\u0105gacze i ignoranci ka\u017cdego dnia za unijne pieni\u0105dze staraj\u0105 si\u0119 jak to tylko mo\u017cliwe Unii zaszkodzi\u0107, a przy tym mo\u017cliwie si\u0119 dorobi\u0107.<\/p>\n\n\n\n<p>Nie nale\u017cy si\u0119 ba\u0107 kompromitowania skompromitowanych. PiS nie zas\u0142uguje na \u017cadn\u0105 ogl\u0119dno\u015b\u0107, na \u017cadne \u201eto nie nasze standardy\u201d. Tym bardziej \u017ce do obrzydzania kandydat\u00f3w PiS do europarlamentu nie jest potrzebne \u017cadne odst\u0119pstwo od prawdom\u00f3wno\u015bci i obiektywizmu. Wystarczy pokaza\u0107, co ci ludzie w naszym wsp\u00f3lnym europejskim parlamencie wyrabiaj\u0105 i jaki przynosz\u0105 nam wstyd.<\/p>\n\n\n\n<p>To dobrze, \u017ce PO ma silne listy i chce zagra\u0107 mocnymi, rz\u0105dowymi nazwiskami. Ale machanie niebieskimi chor\u0105giewkami, jak w 2019 r., nie wystarczy. Nawet je\u015bli macha\u0107 b\u0119dzie sam Tusk z Sienkiewiczem. Tu trzeba gniewu. A na koniec, kilka dni przed wyborami, Donald Tusk powinien wprost przem\u00f3wi\u0107 do wyborc\u00f3w chwalebnego 15 pa\u017adziernika i jak m\u0105\u017c stanu, twardo wezwa\u0107 ich do stawienia si\u0119 do wyborczego obowi\u0105zku. Premierowi nie wypada? Ot\u00f3\u017c wypada \u2013 je\u015bli jest szefem partii. A zw\u0142aszcza je\u015bli jest by\u0142ym przewodnicz\u0105cym Rady Europejskiej, czyli \u201ePanem Europ\u0105\u201d w Polsce. \u017beby to wygra\u0107, trzeba by\u0107 brutalnym i nieustraszonym. Czy PO ma ju\u017c swojego Kurskiego? Czas najwy\u017cszy go znale\u017a\u0107.<\/p>\n","protected":false},"excerpt":{"rendered":"<p>Wybory do Parlamentu Europejskiego mog\u0105 by\u0107 pierwszymi od 2015 r., w kt\u00f3rych PiS przegra w sensie dos\u0142ownym, czyli b\u0119dzie parti\u0105, kt\u00f3ra uzyska mniej mandat\u00f3w ni\u017c konkurencja. Konkurencja, czyli PO. Nie b\u0119dzie \u0142atwo, lecz trzeba zrobi\u0107 wszystko, \u017ceby tak si\u0119 sta\u0142o.<\/p>\n","protected":false},"author":3,"featured_media":6944,"comment_status":"closed","ping_status":"closed","sticky":false,"template":"","format":"standard","meta":{"footnotes":""},"categories":[95,1149,749],"tags":[1423,58],"_links":{"self":[{"href":"https:\/\/blog.polityka.pl\/hartman\/wp-json\/wp\/v2\/posts\/6942"}],"collection":[{"href":"https:\/\/blog.polityka.pl\/hartman\/wp-json\/wp\/v2\/posts"}],"about":[{"href":"https:\/\/blog.polityka.pl\/hartman\/wp-json\/wp\/v2\/types\/post"}],"author":[{"embeddable":true,"href":"https:\/\/blog.polityka.pl\/hartman\/wp-json\/wp\/v2\/users\/3"}],"replies":[{"embeddable":true,"href":"https:\/\/blog.polityka.pl\/hartman\/wp-json\/wp\/v2\/comments?post=6942"}],"version-history":[{"count":3,"href":"https:\/\/blog.polityka.pl\/hartman\/wp-json\/wp\/v2\/posts\/6942\/revisions"}],"predecessor-version":[{"id":6946,"href":"https:\/\/blog.polityka.pl\/hartman\/wp-json\/wp\/v2\/posts\/6942\/revisions\/6946"}],"wp:featuredmedia":[{"embeddable":true,"href":"https:\/\/blog.polityka.pl\/hartman\/wp-json\/wp\/v2\/media\/6944"}],"wp:attachment":[{"href":"https:\/\/blog.polityka.pl\/hartman\/wp-json\/wp\/v2\/media?parent=6942"}],"wp:term":[{"taxonomy":"category","embeddable":true,"href":"https:\/\/blog.polityka.pl\/hartman\/wp-json\/wp\/v2\/categories?post=6942"},{"taxonomy":"post_tag","embeddable":true,"href":"https:\/\/blog.polityka.pl\/hartman\/wp-json\/wp\/v2\/tags?post=6942"}],"curies":[{"name":"wp","href":"https:\/\/api.w.org\/{rel}","templated":true}]}}