
{"id":704,"date":"2014-08-28T23:11:44","date_gmt":"2014-08-28T21:11:44","guid":{"rendered":"http:\/\/hartman.blog.polityka.pl\/?p=704"},"modified":"2014-08-28T23:39:59","modified_gmt":"2014-08-28T21:39:59","slug":"tusku-musisz","status":"publish","type":"post","link":"https:\/\/blog.polityka.pl\/hartman\/2014\/08\/28\/tusku-musisz\/","title":{"rendered":"Tusku, musisz!"},"content":{"rendered":"<p>Jeszcze przed miesi\u0105cem plotki, jakoby Donald Tusk mia\u0142 szanse na obj\u0119cie stanowiska Przewodnicz\u0105cego Rady Europejskiej, wtajemniczeni zbywali pob\u0142a\u017cliwym u\u015bmieszkiem. Dzi\u015b wszystko si\u0119 zmieni\u0142o.<br \/>\n<!--more--><br \/>\nPost\u0119puj\u0105ca inwazja Rosji na Ukrainie powoduje, \u017ce wypuszczenie polskiego jastrz\u0119bia do pary z w\u0142oskim go\u0142\u0105bkiem, czyli pani\u0105 Mogherini z W\u0142och, staje si\u0119 realnym scenariuszem. Na pewno bardziej realnym ni\u017c nominowanie na szefa RE kt\u00f3rego\u015b z premier\u00f3w ma\u0142ych kraj\u00f3w nadba\u0142tyckich. <\/p>\n<p>Po raz pierwszy od 1989 roku Polska mia\u0142aby \u201ewa\u017cnego cz\u0142owieka\u201d w polityce mi\u0119dzynarodowej, a nasz kraj, dot\u0105d funkcjonuj\u0105cy na marginesie EU\/Eurolandu, znalaz\u0142by si\u0119 w pobli\u017cu j\u0105dra Zachodu. To niebywa\u0142y awans i wielka odpowiedzialno\u015b\u0107. Ale do odwa\u017cnych \u015bwiat nale\u017cy! Teraz albo nigdy!<\/p>\n<p>Takie my\u015bli powinny dzi\u015b powsta\u0107 w g\u0142owie premiera, je\u015bli jest walecznym zdobywc\u0105, a nie znudzonym biurokrat\u0105. Europ\u0119 czeka teraz najwi\u0119ksza pr\u00f3ba od wielu dziesi\u0119cioleci, by\u0107 mo\u017ce od samej II wojny. B\u0119dzie ci\u0119\u017cko, ale w perspektywie lat mamy szans\u0119 wyj\u015b\u0107 z kryzysu wzmocnieni, jako pe\u0142noprawny cz\u0142onek wsp\u00f3lnoty Zachodu. <\/p>\n<p>Nominacja Donalda Tuska sama w sobie tego nie sprawi, lecz wzmocni nasze szanse na uruchomienie tego procesu. A Polska, cho\u0107 troch\u0119 przesuni\u0119ta na zach\u00f3d na mentalnej mapie przyw\u00f3dc\u00f3w i spo\u0142ecze\u0144stw Europy (a si\u0142\u0105 rzeczy tak\u017ce i Rosjan), b\u0119dzie bez por\u00f3wnania bezpieczniejsza ni\u017c dzisiaj. Bo dzi\u015b nadal \u2013 nie oszukujmy si\u0119 \u2013 jest przedmurzem, za kt\u00f3re nikt krwi przelewa\u0107 nie b\u0119dzie. Jednak\u017ce wsp\u00f3\u0142rz\u0105dz\u0105c Uni\u0105 Europejsk\u0105, przestanie by\u0107 wygonem, na kt\u00f3rym mo\u017cna b\u0119dzie dokona\u0107 pr\u00f3by si\u0142 mi\u0119dzy Rosj\u0105 i NATO. Donald Tusk na stanowisku Przewodnicz\u0105cego RE zmienia optyk\u0119 obu stron i wart jest tyle, co tysi\u0105c czo\u0142g\u00f3w i samolot\u00f3w!<\/p>\n<p>Traktowanie szansy Tuska przez pryzmat los\u00f3w PO jest niem\u0105dre. Walka o Polsk\u0119, o to, by nie dosta\u0142a si\u0119 ca\u0142a w \u0142apy Kaczy\u0144skiego z Rydzykiem, odb\u0119dzie si\u0119 w ca\u0142ym spo\u0142ecze\u0144stwie, a nie na salonach. Ludzie wiedz\u0105, jaka jest stawka, i na wybory p\u00f3jd\u0105 \u2013 terminowe czy przy\u015bpieszone. <\/p>\n<p>Trudno mi sobie wyobrazi\u0107, by nasz premier w Brukseli mia\u0142 by\u0107 argumentem dla wyborc\u00f3w, \u017ceby g\u0142osowa\u0107 na PiS, a tym bardziej, \u017ceby pod platformianym dywanem pod nieobecno\u015b\u0107 pana pogryz\u0142y si\u0119 buldogi, ku zgorszeniu wyborc\u00f3w. To s\u0105 rozs\u0105dni ludzie, a poczucie narastaj\u0105cej odpowiedzialno\u015bci za kraj, w obliczu rosyjskiego zagro\u017cenia, doda krajowej polityce powagi i substancjalno\u015bci. Nar\u00f3d nie pozwoli, by ministrem spraw zagranicznych w czasie burzy by\u0142a pani Fotyga&#8230; Bo nar\u00f3d to mo\u017ce jest i g\u0142upi, ale nie a\u017c tak. <\/p>\n<p>Sukces Tuska b\u0119dzie sukcesem tak\u017ce PO i z pewno\u015bci\u0105 doda tej partii skrzyde\u0142. Nie jestem zwolennikiem PO, ale widz\u0119 szans\u0119, kt\u00f3rej grzechem by\u0142oby nie wykorzysta\u0107. \u201eJak daj\u0105, to bra\u0107!\u201d \u2013 to jedna z wa\u017cnych zasad w polityce. Jest szansa podnie\u015b\u0107 polsk\u0105 flag\u0119 wysoko na maszt, a w dodatku zap\u0119dzi\u0107 endeck\u0105 zaraz\u0119 z powrotem do nory. A gdyby nawet to ostatnie si\u0119 nie uda\u0142o, to Donald Tusk w Brukseli, razem z prezydentem Komorowskim, mogliby op\u00f3\u017ani\u0107 i z\u0142agodzi\u0107 skutki katastrofy. To jest powa\u017cna gra. To jest du\u017ca polityka.<\/p>\n<p>Panie Premierze! Dwie godziny konwersacji angielskich ka\u017cdego dnia i huzia na Bruksel\u0119!<\/p>\n","protected":false},"excerpt":{"rendered":"<p>Jeszcze przed miesi\u0105cem plotki, jakoby Donald Tusk mia\u0142 szanse na obj\u0119cie stanowiska Przewodnicz\u0105cego Rady Europejskiej, wtajemniczeni zbywali pob\u0142a\u017cliwym u\u015bmieszkiem. Dzi\u015b wszystko si\u0119 zmieni\u0142o.<\/p>\n","protected":false},"author":3,"featured_media":0,"comment_status":"open","ping_status":"closed","sticky":false,"template":"","format":"standard","meta":{"footnotes":""},"categories":[95,6],"tags":[82,172,173],"_links":{"self":[{"href":"https:\/\/blog.polityka.pl\/hartman\/wp-json\/wp\/v2\/posts\/704"}],"collection":[{"href":"https:\/\/blog.polityka.pl\/hartman\/wp-json\/wp\/v2\/posts"}],"about":[{"href":"https:\/\/blog.polityka.pl\/hartman\/wp-json\/wp\/v2\/types\/post"}],"author":[{"embeddable":true,"href":"https:\/\/blog.polityka.pl\/hartman\/wp-json\/wp\/v2\/users\/3"}],"replies":[{"embeddable":true,"href":"https:\/\/blog.polityka.pl\/hartman\/wp-json\/wp\/v2\/comments?post=704"}],"version-history":[{"count":2,"href":"https:\/\/blog.polityka.pl\/hartman\/wp-json\/wp\/v2\/posts\/704\/revisions"}],"predecessor-version":[{"id":707,"href":"https:\/\/blog.polityka.pl\/hartman\/wp-json\/wp\/v2\/posts\/704\/revisions\/707"}],"wp:attachment":[{"href":"https:\/\/blog.polityka.pl\/hartman\/wp-json\/wp\/v2\/media?parent=704"}],"wp:term":[{"taxonomy":"category","embeddable":true,"href":"https:\/\/blog.polityka.pl\/hartman\/wp-json\/wp\/v2\/categories?post=704"},{"taxonomy":"post_tag","embeddable":true,"href":"https:\/\/blog.polityka.pl\/hartman\/wp-json\/wp\/v2\/tags?post=704"}],"curies":[{"name":"wp","href":"https:\/\/api.w.org\/{rel}","templated":true}]}}