
{"id":77,"date":"2012-07-01T15:05:18","date_gmt":"2012-07-01T15:05:18","guid":{"rendered":"http:\/\/hartman.blog.polityka.pl\/?p=77"},"modified":"2012-07-01T15:05:18","modified_gmt":"2012-07-01T15:05:18","slug":"jan-pawel-ii-i-jego-niewdzieczny-narod","status":"publish","type":"post","link":"https:\/\/blog.polityka.pl\/hartman\/2012\/07\/01\/jan-pawel-ii-i-jego-niewdzieczny-narod\/","title":{"rendered":"Jan Pawe\u0142 II i Jego niewdzi\u0119czny Nar\u00f3d"},"content":{"rendered":"<p>By\u0142em w Tr\u00f3jmie\u015bcie. W Krakowie uda\u0142em si\u0119 ulic\u0105 Jana Paw\u0142a II w kierunku lotniska im. Jana Paw\u0142a II. Wsiad\u0142em w samolot, kt\u00f3ry wysadzi\u0142 mnie na lotnisku im. Lecha Wa\u0142\u0119sy-Bolka. Nast\u0119pnie uda\u0142em si\u0119 do Sopotu, kupi\u0142em bilet za 7 z\u0142 i wst\u0105pi\u0142em na molo im. Jana Paw\u0142a II. Patrz\u0105c tak w d\u00f3\u0142 na nasze polskie morze, odda\u0142em si\u0119 refleksji nad niewdzi\u0119czno\u015bci\u0105 Narodu Polskiego w stosunku do swego Najwi\u0119kszego Syna i Wybawcy. Co uczyni\u0142e\u015b Narodzie, by przestano w Twoim kraju, w Twoim kraju, kt\u00f3remu Opatrzno\u015b\u0107, za wstawiennictwem Matki Bo\u017cej i \u0142askom Ducha \u015awi\u0119tego, kt\u00f3rego zst\u0105pienie wyb\u0142aga\u0142 dla Ciebie Ojciec \u015awi\u0119ty, poni\u017ca\u0107 i obra\u017ca\u0107 Ci\u0119 w osobie Twego Ojca i Nauczyciela, kt\u00f3remu odmawia si\u0119 tak bezwzgl\u0119dnie nale\u017cnej Mu publicznej czci?<\/p>\n<p>Jak to jest mo\u017cliwe, \u017ce po 23 latach od kiedy B\u0142ogos\u0142awiony Ojciec \u015awi\u0119ty wraz z B\u0142ogos\u0142awionym Ksi\u0119dzem Popie\u0142uszk\u0105 pokonali komunizm, mimo zdrady Kuroni\u00f3w i Michnik\u00f3w, kt\u00f3rzy rzucali im k\u0142ody pod nogi, s\u0105 w naszym kraju miejscowo\u015bci, w kt\u00f3rych nie u\u015bwiadczysz pomnika Jana Paw\u0142a II, w kt\u00f3rych ani jedna szko\u0142a nie nosi Jego Imienia. Takich miejsc jest w Polsce jeszcze wiele. Wrogowie Ko\u015bcio\u0142a, nienawidz\u0105cy Papie\u017ca Polaka za to, \u017ce by\u0142 Polakiem i obali\u0142 bezbo\u017cny system, knuj\u0105 w ukryciu swoje antypolskie intrygi, prowadz\u0105c katolicki Nar\u00f3d w otch\u0142a\u0144 czarnej niewdzi\u0119czno\u015bci. S\u0105 jeszcze \u201edyrektorzy\u201d i \u201ew\u00f3jtowie\u201d, udaj\u0105cy Polak\u00f3w, lecz s\u0142u\u017c\u0105cy wiadomo czyim interesom, kt\u00f3rzy \u201ezapomnieli\u201d wyj\u015b\u0107 ze stosown\u0105 inicjatyw\u0105 zap\u0142acenia niesko\u0144czenie ma\u0142ej cz\u0105stki naszego d\u0142ugu wobec Wielkiego Polaka i zaszczycenia lokalnej spo\u0142eczno\u015bci nadaniem Jego imienia szkole, ulicy, placowi. Ba, s\u0105 du\u017ce miasta, w kt\u00f3rych wci\u0105\u017c jeszcze nie ma Centrum My\u015bli Jana Paw\u0142a II, s\u0105 ca\u0142e dzielnice, w kt\u00f3rych zabrak\u0142o miejsca, gdzie polski katolik m\u00f3g\u0142by odda\u0107 ho\u0142d B\u0142ogos\u0142awionemu Ojcu Narodu.<\/p>\n<p>Lecz przyjdzie jeszcze taki dzie\u0144, w kt\u00f3rym ka\u017cdy zaprzaniec i wr\u00f3g Narodu, maj\u0105cy czelno\u015b\u0107 podnie\u015b\u0107 si\u0119 z prochu na kolana przed Papie\u017cem-Polakiem, poczuje na karku but sprawiedliwo\u015bci. Przyjdzie czas, gdy Nar\u00f3d obudzi si\u0119 do prawdziwej wierno\u015bci i prawdziwej suwerenno\u015bci. Nasza Ojczyzna nosi\u0107 b\u0119dzie Imi\u0119 Ojca \u015awi\u0119tego i zwa\u0107 si\u0119 b\u0119dzie Rzeczpospolita Polska \u015bw. Jana Paw\u0142a II. Nasza konstytucja nareszcie b\u0119dzie Nasza, oddaj\u0105c Nasz\u0105 Ojczyzn\u0119 pod opiek\u0119 \u015bw. Jana Paw\u0142a II \u2013 Swego wiecznego Patrona. W ka\u017cdym polskim mie\u015bcie i miasteczku stanie ko\u015bci\u00f3\u0142 pod wezwaniem \u015bw. Jana Paw\u0142a, jako skromne wotum wdzi\u0119czno\u015bci Narodu za zbawienie Ojczyzny. A osobnicy przeszkadzaj\u0105cy w swobodnym sprawowaniu kultu Jana Paw\u0142a II, jako dopuszczaj\u0105cy si\u0119 gwa\u0142tu na konstytucyjnie gwarantowanej wolno\u015bci wyznania, b\u0119d\u0105 poci\u0105gani do surowej odpowiedzialno\u015bci. O tak\u0105 Polsk\u0119 ca\u0142y Nar\u00f3d, pod przewodem Ojca \u015awi\u0119tego Jana Paw\u0142a II, walczy\u0142, maj\u0105c za przeciwnik\u00f3w krwio\u017cercze i bezbo\u017cne pot\u0119gi komunizmu i liberalizmu, samego Lucyfera. I Nar\u00f3d polski, dzi\u0119ki swej wierno\u015bci Matce Bo\u017cej i Ojcu \u015awi\u0119temu, t\u0119 \u015bwi\u0119t\u0105 wojn\u0119 wygra!<\/p>\n<p>Ojciec \u015awi\u0119ty Jan Pawe\u0142 II uczy\u0142 nas mi\u0142o\u015bci i cierpliwo\u015bci. Uczy\u0142 wiary w cz\u0142owieka. Wierz\u0119, \u017ce z okien Domu Ojca spogl\u0105da dzi\u015b z \u0142agodn\u0105 i wybaczaj\u0105c\u0105 trosk\u0105 na te wszystkie miejscowo\u015bci, w kt\u00f3rych rozbisurmanieni urz\u0119dnicy tocz\u0105 swoje \u017ca\u0142osne prywatne wojenki z Panem Bogiem, ur\u0105gaj\u0105c Naszemu Papie\u017cowi i odmawiaj\u0105c Mu nale\u017cnej Mu czci. Serce Papie\u017ca-Polaka jest Wielkie i pe\u0142ne Wybaczenia. Mimo zadawanych Mu wci\u0105\u017c ran, mimo cierniowej korony zniewag, kt\u00f3r\u0105 pogrobowcy komunizmu k\u0142ad\u0105 na Jego \u015bwi\u0119te czo\u0142o, Ojciec \u015awi\u0119ty trwa w modlitwie, b\u0142ogos\u0142awi\u0105c swoim prze\u015bladowcom. I my starajmy si\u0119 im przebaczy\u0107, bo nie wiedz\u0105, co czyni\u0105.<\/p>\n","protected":false},"excerpt":{"rendered":"<p>By\u0142em w Tr\u00f3jmie\u015bcie. W Krakowie uda\u0142em si\u0119 ulic\u0105 Jana Paw\u0142a II w kierunku lotniska im. Jana Paw\u0142a II. Wsiad\u0142em w samolot, kt\u00f3ry wysadzi\u0142 mnie na lotnisku im. Lecha Wa\u0142\u0119sy-Bolka. Nast\u0119pnie uda\u0142em si\u0119 do Sopotu, kupi\u0142em bilet za 7 z\u0142 i wst\u0105pi\u0142em na molo im. Jana Paw\u0142a II. Patrz\u0105c tak w d\u00f3\u0142 na nasze polskie morze, [&hellip;]<\/p>\n","protected":false},"author":3,"featured_media":0,"comment_status":"open","ping_status":"open","sticky":false,"template":"","format":"standard","meta":{"footnotes":""},"categories":[4],"tags":[21,22],"_links":{"self":[{"href":"https:\/\/blog.polityka.pl\/hartman\/wp-json\/wp\/v2\/posts\/77"}],"collection":[{"href":"https:\/\/blog.polityka.pl\/hartman\/wp-json\/wp\/v2\/posts"}],"about":[{"href":"https:\/\/blog.polityka.pl\/hartman\/wp-json\/wp\/v2\/types\/post"}],"author":[{"embeddable":true,"href":"https:\/\/blog.polityka.pl\/hartman\/wp-json\/wp\/v2\/users\/3"}],"replies":[{"embeddable":true,"href":"https:\/\/blog.polityka.pl\/hartman\/wp-json\/wp\/v2\/comments?post=77"}],"version-history":[{"count":1,"href":"https:\/\/blog.polityka.pl\/hartman\/wp-json\/wp\/v2\/posts\/77\/revisions"}],"predecessor-version":[{"id":78,"href":"https:\/\/blog.polityka.pl\/hartman\/wp-json\/wp\/v2\/posts\/77\/revisions\/78"}],"wp:attachment":[{"href":"https:\/\/blog.polityka.pl\/hartman\/wp-json\/wp\/v2\/media?parent=77"}],"wp:term":[{"taxonomy":"category","embeddable":true,"href":"https:\/\/blog.polityka.pl\/hartman\/wp-json\/wp\/v2\/categories?post=77"},{"taxonomy":"post_tag","embeddable":true,"href":"https:\/\/blog.polityka.pl\/hartman\/wp-json\/wp\/v2\/tags?post=77"}],"curies":[{"name":"wp","href":"https:\/\/api.w.org\/{rel}","templated":true}]}}