
{"id":7833,"date":"2026-03-08T10:33:47","date_gmt":"2026-03-08T09:33:47","guid":{"rendered":"https:\/\/blog.polityka.pl\/hartman\/?p=7833"},"modified":"2026-03-08T10:33:47","modified_gmt":"2026-03-08T09:33:47","slug":"czarnko-to-widze","status":"publish","type":"post","link":"https:\/\/blog.polityka.pl\/hartman\/2026\/03\/08\/czarnko-to-widze\/","title":{"rendered":"Czarnko to widz\u0119"},"content":{"rendered":"\n<p>Mo\u017ce to i prawda, \u017ce w spo\u0142ecze\u0144stwie spektaklu wybory parlamentarne powinny przypomina\u0107 prezydenckie, czyli ogniskowa\u0107 si\u0119 wok\u00f3\u0142 dw\u00f3ch g\u0142\u00f3wnych rywali do teki premiera. Jednak\u017ce desygnowanie przez Kaczy\u0144skiego zgranego jak stara talia kart Przemys\u0142awa Czarnka na premiera w przysz\u0142ym rz\u0105dzie PiS i jego koalicjant\u00f3w brzmi jak kpina z partii, jej wyborc\u00f3w i ca\u0142ego spo\u0142ecze\u0144stwa. Brzmi w ten spos\u00f3b, je\u015bli si\u0119 nie wie, w jakiej marnej kondycji og\u00f3lnej, a zw\u0142aszcza politycznej znajduje si\u0119 sam Jaros\u0142aw Kaczy\u0144ski. Bo on na kpiny jest stanowczo zbyt ponury.<\/p>\n\n\n\n<p>Oczywi\u015bcie, w jego do cna cynicznej i pozbawionej wstydu \u015bwiecie politycznej d\u017cungli deklaracje maj\u0105 moc \u201eprzekazu dnia\u201d. Ka\u017cdy wie, \u017ce Kaczy\u0144ski i samo mo\u017ce zmieni\u0107 zadnie i inni mog\u0105 to na nim wymusi\u0107 \u2013 cho\u0107by i na kwarta\u0142 przed wyborami. Jednak\u017ce to, \u017ce przez jaki\u015b czas b\u0119dzie si\u0119 po Polsce porusza\u0142 namaszczony kandydat opozycji na premiera w postaci skrajnego aroganta, fircyka i odstr\u0119czaj\u0105cego bigota, gotowego powiedzie\u0107 ka\u017cd\u0105 bredni\u0119, byle by by\u0142a dostatecznie zel\u017cywa wobec rz\u0105dz\u0105cych i dostatecznie fundamentalistyczna, pokazuje n\u0119dz\u0119 kadrow\u0105 podupadaj\u0105cego PiS. Po dw\u00f3ch i p\u00f3\u0142 roku od utraty w\u0142adzy \u015brodowisko to nie by\u0142o w stanie wygenerowa\u0107 cho\u0107by zwyk\u0142ego technokraty bez wyrazu albo i z wyrazem, a postarza\u0142y i odklejony od rzeczywisto\u015bci prezes narzuca mu swoje dementywne fascynacje. W dodatku wspania\u0142y kandydat nie potrafi nic innego ni\u017c podskakiwa\u0107 i podbija\u0107 b\u0119benek w \u0142aszeniu si\u0119 do Trumpa, obsobaczaniu Unii Europejskiej i szydzeniu z demokratycznej kultury politycznej, a wi\u0119c na\u015bladowa\u0107 trumpist\u00f3w spod znaku MAGA. Ma by\u0107 \u2013 i z pewno\u015bci\u0105 b\u0119dzie \u2013 ma\u0142ym objazdowym Trumpem, a my b\u0119dziemy si\u0119 przez kilkana\u015bcie miesi\u0119cy przyzwyczaja\u0107, \u017ce Polska nie b\u0119dzie ju\u017c w Europie, bo nieuchronnie ma zosta\u0107 wysuni\u0119t\u0105 plac\u00f3wk\u0105 i protektoratem USA. I ma si\u0119 to tak spodoba\u0107 wyborcom Mentzen\u00f3w i Braun\u00f3w, \u017ce przerzuc\u0105 swoje g\u0142osy na PiS!<\/p>\n\n\n\n<p>To kompletna bzdura! Nawet g\u0142upcy nie kupuj\u0105 podr\u00f3bek i b\u0142azenady. Chamowato-b\u0142aze\u0144skiej bufonady Czarnka nie kupi zreszt\u0105 zdecydowana wi\u0119kszo\u015b\u0107 spo\u0142ecze\u0144stwa, \u0142\u0105cznie z tymi, kt\u00f3rych nic nie obchodzi niszczony przez niego na zlecenie Kaczy\u0144skiego resort edukacji i nauki, a o \u201eWilli Plus\u201d nawet nie s\u0142yszeli. Po prostu Czarnek jest postaci\u0105 g\u0142\u0119boko niepowa\u017cn\u0105 i pozbawion\u0105 nie tylko ci\u0119\u017caru gatunkowego, lecz przede wszystkim wszelkiej autentyczno\u015bci. Umie tylko wym\u0105drza\u0107 si\u0119 i szydzi\u0107, wygaduj\u0105c przy tym takie g\u0142upstwa, \u017ce \u0142ajdacki wymiar jego gl\u0119dy znika za mg\u0142\u0105 za\u017cenowania, kt\u00f3re wzbudzaj\u0105 jego pasywno-agresywne tyrady, z\u0142o\u017cone z oszczerstw, k\u0142amstw i szyderstw, przeplatanych prostackimi dowcipasami.<\/p>\n\n\n\n<p>Czarnek to posta\u0107 komiczna, istny Kr\u00f3l Ubu Ciemnogrodu, kt\u00f3ry z pychy i fanatyzmu uczyni\u0142 sobie spos\u00f3b na przykrycie swoich kompleks\u00f3w i u\u0142omno\u015bci charakteru. Czy PiS naprawd\u0119 jest a\u017c tak beznadziejny, \u017ce podporz\u0105dkuje si\u0119 tej b\u0142azenadzie? Czy b\u0119dzie je\u017adzi\u0107 z Czarnkiem i rozdawa\u0107 jego ulotki? I co na to Nawrocki, do kt\u00f3rego Czarnek w kampanii wyborczej si\u0119 przymila\u0142? Ciekawe. Obstawiam, \u017ce partia si\u0119 na Czarnka wypnie, podobnie jak Nawrocki. Ludzie zapisuj\u0105 si\u0119 do takich partii dla pieni\u0119dzy i przywilej\u00f3w. Czarnek nie wygl\u0105da na kogo\u015b, kto mo\u017ce wygra\u0107 i zagwarantowa\u0107 masom partyjnym powr\u00f3t do utraconych beneficj\u00f3w.<\/p>\n\n\n\n<p>Najciekawsze w tym wszystkim jest to, jak zareaguj\u0105 \u201eharcerze\u201d. Morawiecki ma kilka miesi\u0119cy na zastanowienie, czy wyj\u015b\u0107 z PiS i zak\u0142ada\u0107 w\u0142asn\u0105 parti\u0119, czy te\u017c pozosta\u0107 przy Kaczy\u0144skim w zamian za jakie\u015b lukratywne koncesje. My\u015bl\u0119, \u017ce w ko\u0144cu wyjdzie. Poczeka na powakacyjne sonda\u017ce, a te b\u0119d\u0105 zapewne marne. Czarnkowa konsolidacja partii wok\u00f3\u0142 fantomu MAGA nie mo\u017ce si\u0119 uda\u0107, bo ludowa Polska jest czym\u015b zupe\u0142nie innym ni\u017c ludowa Ameryka, a Czarnek ma si\u0119 tak do Trumpa jak syrenka do wielkiego cadillaca.<\/p>\n\n\n\n<p>Morawiecki ma dwie cechy, kt\u00f3re czyni\u0105 go niebezpiecznym dla Kaczy\u0144skiego. Jest w tym samym stopniu, co on, cyniczny i zepsuty, a w dodatku ma pieni\u0105dze. Je\u015bli wykalkuluje, \u017ce mo\u017ce z za\u0142o\u017con\u0105 przez siebie now\u0105 parti\u0105 przekroczy\u0107 pr\u00f3g wyborczy, to zrobi to \u2013 cho\u0107by na z\u0142o\u015b\u0107 Kaczy\u0144skiemu. Tak czy inaczej, pos\u0142uszny ju\u017c nie b\u0119dzie. Teraz to Czarnek b\u0119dzie coraz mniej sprawnemu umys\u0142owo Kaczy\u0144skiemu t\u0142umaczy\u0142 \u015bwiat przy schabowym z kapust\u0105.<\/p>\n\n\n\n<p>A Polska? A Polska stanie si\u0119 \u017cenuj\u0105cym teatrem wojny ameryka\u0144ski-europejskiej, wystawionym na wszelkie mo\u017cliwe ekscesy s\u0142u\u017cb \u2013 od Rosji, przez Iran, po USA. A wszystko to w atmosferze nadci\u0105gaj\u0105cej wojennej zawieruchy. Id\u0105 bardzo z\u0142e czasy, a harcownicy, tacy jak Czarnek, b\u0119d\u0105 tym ch\u0119tniej nasz\u0105 \u0142\u00f3dk\u0105 ko\u0142ysa\u0107. W dodatku ca\u0142kiem nadaremno. Fundamentalna niepowaga polskiej klasy politycznej oraz kompulsywna, kulturowo dziedziczona potrzeba serwilizmu (a to wobec biskup\u00f3w, a to wobec Amerykan\u00f3w) sprawiaj\u0105, \u017ce jeste\u015bmy krajem naiwnym i nieodpornym. Strach pomy\u015ble\u0107, co by\u0142o, gdyby nie tych kilku polityk\u00f3w, na czele z Tuskiem i Sikorskim, maj\u0105cych wiedz\u0119 i mo\u017cliwo\u015bci, by z dnia na dzie\u0144 strzec bezpiecze\u0144stwa kraju. A jeszcze wi\u0119kszy strach pomy\u015ble\u0107, co by by\u0142o, gdyby rosyjski sabota\u017c zmi\u00f3t\u0142 ich rz\u0105d i utorowa\u0142 drog\u0119 do w\u0142adzy ludziom pokroju Czarnka czy Brauna.<\/p>\n","protected":false},"excerpt":{"rendered":"<p>Mo\u017ce to i prawda, \u017ce w spo\u0142ecze\u0144stwie spektaklu wybory parlamentarne powinny przypomina\u0107 prezydenckie, czyli ogniskowa\u0107 si\u0119 wok\u00f3\u0142 dw\u00f3ch g\u0142\u00f3wnych rywali do teki premiera. Jednak\u017ce desygnowanie przez Kaczy\u0144skiego zgranego jak stara talia kart Przemys\u0142awa Czarnka na premiera w przysz\u0142ym rz\u0105dzie PiS i jego koalicjant\u00f3w brzmi jak kpina z partii, jej wyborc\u00f3w i ca\u0142ego spo\u0142ecze\u0144stwa. Brzmi w [&hellip;]<\/p>\n","protected":false},"author":3,"featured_media":0,"comment_status":"closed","ping_status":"closed","sticky":false,"template":"","format":"standard","meta":{"footnotes":""},"categories":[1516,440,304,915,1559,95,1520,129],"tags":[1147],"_links":{"self":[{"href":"https:\/\/blog.polityka.pl\/hartman\/wp-json\/wp\/v2\/posts\/7833"}],"collection":[{"href":"https:\/\/blog.polityka.pl\/hartman\/wp-json\/wp\/v2\/posts"}],"about":[{"href":"https:\/\/blog.polityka.pl\/hartman\/wp-json\/wp\/v2\/types\/post"}],"author":[{"embeddable":true,"href":"https:\/\/blog.polityka.pl\/hartman\/wp-json\/wp\/v2\/users\/3"}],"replies":[{"embeddable":true,"href":"https:\/\/blog.polityka.pl\/hartman\/wp-json\/wp\/v2\/comments?post=7833"}],"version-history":[{"count":1,"href":"https:\/\/blog.polityka.pl\/hartman\/wp-json\/wp\/v2\/posts\/7833\/revisions"}],"predecessor-version":[{"id":7834,"href":"https:\/\/blog.polityka.pl\/hartman\/wp-json\/wp\/v2\/posts\/7833\/revisions\/7834"}],"wp:attachment":[{"href":"https:\/\/blog.polityka.pl\/hartman\/wp-json\/wp\/v2\/media?parent=7833"}],"wp:term":[{"taxonomy":"category","embeddable":true,"href":"https:\/\/blog.polityka.pl\/hartman\/wp-json\/wp\/v2\/categories?post=7833"},{"taxonomy":"post_tag","embeddable":true,"href":"https:\/\/blog.polityka.pl\/hartman\/wp-json\/wp\/v2\/tags?post=7833"}],"curies":[{"name":"wp","href":"https:\/\/api.w.org\/{rel}","templated":true}]}}