
{"id":793,"date":"2014-11-08T13:32:44","date_gmt":"2014-11-08T12:32:44","guid":{"rendered":"http:\/\/hartman.blog.polityka.pl\/?p=793"},"modified":"2014-11-08T14:30:42","modified_gmt":"2014-11-08T13:30:42","slug":"kant-210-lat-w-raju","status":"publish","type":"post","link":"https:\/\/blog.polityka.pl\/hartman\/2014\/11\/08\/kant-210-lat-w-raju\/","title":{"rendered":"Kant &#8211; 210 lat w raju"},"content":{"rendered":"<p>Immanuel Kant (1724-1804)<\/p>\n<p>Ca\u0142\u0105 dusz\u0105 gor\u0105c\u0105<br \/>\nUkocha\u0142em t\u0119 niewidzialn\u0105<br \/>\nKochank\u0119, kt\u00f3ra jedna<br \/>\nPrzystoi pruskiemu<br \/>\nG\u0142osicielowi nauki i wiary,<br \/>\nProfesorowi Uniwersytetu,<br \/>\nCho\u0107by na kresowym to by\u0142o<br \/>\nPosterunku: Filozofi\u0119!<br \/>\nNim tkn\u0119 jej miejsca najczulsze \u2013<br \/>\nNiewidzialnego m\u0105dro\u015b\u0107<br \/>\nKt\u00f3ra jest <em>ta meta ta physica<\/em><br \/>\nI wi\u0119cej czuciu i prawo\u015bci<br \/>\nSumie\u0144 poruczona by\u0107 winna<br \/>\nNi\u017c oboj\u0119tnemu intelektowi \u2013<br \/>\nWpierw oczy\u015bci\u0107 si\u0119 musz\u0119<br \/>\nZe zwid\u00f3w i niegodnej pychy:<br \/>\nCo wiedzie\u0107 mog\u0119, niechaj wiem<br \/>\nTo rzecz filozofa \u2013 z niewiedzy<br \/>\nZda\u0107 spraw\u0119, a i z wiedzy<br \/>\n &#8211; Dlaczego jest w og\u00f3le mo\u017cebna?<br \/>\nWiem to! \u2013 ten \u015bwiat marny i pi\u0119kny<br \/>\nSam sobie umys\u0142 sw\u0105 moc\u0105 uwidzia\u0142,<br \/>\nOrgan my\u015bl\u0105cy, w zmys\u0142y spowity,<br \/>\nI to z konieczno\u015bci\u0105!<br \/>\nRozumu poi si\u0119 \u015bwiat prawd\u0105<br \/>\nA rozum prawd\u0105 \u015bwiata<br \/>\nI jego \u015bwiat jest rzeczywisto\u015bci\u0105<br \/>\nNajprawdziwsz\u0105, bo na zewn\u0105trz niego.<br \/>\nKonieczno\u015b\u0107 tu rz\u0105dzi, nie wolno\u015b\u0107<br \/>\nLecz nam wi\u0119kszy \u015awiat zosta\u0142 obiecany!<br \/>\nJak g\u0142upio w Boga nie wierzy\u0107!<br \/>\nStamt\u0105d zew wolno\u015bci nas wzywa:<br \/>\nObowi\u0105zek sw\u00f3j wype\u0142ni\u0107!<br \/>\nC\u00f3\u017c mo\u017ce by\u0107 pi\u0119kniejszego<br \/>\nNi\u017c czyni\u0107 z w\u0142asnej woli<br \/>\nCo dobre i jako dobre<br \/>\nNie do odtr\u0105cenia?<br \/>\nKto dzia\u0142a, ten z bytem samym<br \/>\nObcuje i nadziej\u0105 si\u0119 nasyca<br \/>\nZ wolna, \u017ce jest w tym cel<br \/>\nOstateczny i Ten, kt\u00f3ry<br \/>\nWszystko nam wynagrodzi<br \/>\nKr\u00f3tka jest droga do raju<br \/>\nZ miasta Kr\u00f3lewca.<\/p>\n","protected":false},"excerpt":{"rendered":"<p>Immanuel Kant (1724-1804) Ca\u0142\u0105 dusz\u0105 gor\u0105c\u0105 Ukocha\u0142em t\u0119 niewidzialn\u0105 Kochank\u0119, kt\u00f3ra jedna Przystoi pruskiemu G\u0142osicielowi nauki i wiary, Profesorowi Uniwersytetu, Cho\u0107by na kresowym to by\u0142o Posterunku: Filozofi\u0119! Nim tkn\u0119 jej miejsca najczulsze \u2013 Niewidzialnego m\u0105dro\u015b\u0107 Kt\u00f3ra jest ta meta ta physica I wi\u0119cej czuciu i prawo\u015bci Sumie\u0144 poruczona by\u0107 winna Ni\u017c oboj\u0119tnemu intelektowi \u2013 Wpierw [&hellip;]<\/p>\n","protected":false},"author":3,"featured_media":0,"comment_status":"open","ping_status":"closed","sticky":false,"template":"","format":"standard","meta":{"footnotes":""},"categories":[1],"tags":[183],"_links":{"self":[{"href":"https:\/\/blog.polityka.pl\/hartman\/wp-json\/wp\/v2\/posts\/793"}],"collection":[{"href":"https:\/\/blog.polityka.pl\/hartman\/wp-json\/wp\/v2\/posts"}],"about":[{"href":"https:\/\/blog.polityka.pl\/hartman\/wp-json\/wp\/v2\/types\/post"}],"author":[{"embeddable":true,"href":"https:\/\/blog.polityka.pl\/hartman\/wp-json\/wp\/v2\/users\/3"}],"replies":[{"embeddable":true,"href":"https:\/\/blog.polityka.pl\/hartman\/wp-json\/wp\/v2\/comments?post=793"}],"version-history":[{"count":3,"href":"https:\/\/blog.polityka.pl\/hartman\/wp-json\/wp\/v2\/posts\/793\/revisions"}],"predecessor-version":[{"id":797,"href":"https:\/\/blog.polityka.pl\/hartman\/wp-json\/wp\/v2\/posts\/793\/revisions\/797"}],"wp:attachment":[{"href":"https:\/\/blog.polityka.pl\/hartman\/wp-json\/wp\/v2\/media?parent=793"}],"wp:term":[{"taxonomy":"category","embeddable":true,"href":"https:\/\/blog.polityka.pl\/hartman\/wp-json\/wp\/v2\/categories?post=793"},{"taxonomy":"post_tag","embeddable":true,"href":"https:\/\/blog.polityka.pl\/hartman\/wp-json\/wp\/v2\/tags?post=793"}],"curies":[{"name":"wp","href":"https:\/\/api.w.org\/{rel}","templated":true}]}}