
{"id":97,"date":"2012-08-18T11:58:19","date_gmt":"2012-08-18T11:58:19","guid":{"rendered":"http:\/\/hartman.blog.polityka.pl\/?p=97"},"modified":"2012-08-18T13:53:55","modified_gmt":"2012-08-18T13:53:55","slug":"cyryl-i-metody","status":"publish","type":"post","link":"https:\/\/blog.polityka.pl\/hartman\/2012\/08\/18\/cyryl-i-metody\/","title":{"rendered":"Cyryl i metody"},"content":{"rendered":"<p>W dniu, w kt\u00f3rym w Rosji zapad\u0142 haniebny wyrok na dzia\u0142aczki Pussy Riot, popieraj\u0105cy ich aresztowanie i zblatowany z carem Putinem patriarcha Cyryl I podpisuje na Zamku Kr\u00f3lewskim w Warszawie \u201eWsp\u00f3lne przes\u0142anie do narod\u00f3w Polski i Rosji\u201d. Szopka warszawska.<\/p>\n<p>Co powoduje rz\u0105dem i mediami, \u017ce kreuj\u0105 wizyt\u0119 patriarchy i \u00f3w dokument na wydarzenie o randze historycznej? Czy\u017cby byli tak naiwni? A mo\u017ce jaka\u015b kurtuazja \u2013 \u017ce niby \u201etak si\u0119 m\u00f3wi w podobnych razach\u201d? Skrajny oportunizm? Chyba jednak cynizm. Dla medi\u00f3w jest wype\u0142niacz na cztery dni, a dla w\u0142adzy znakomita okazja, by pokaza\u0107, \u017ce nie tylko papie\u017com si\u0119 k\u0142ania, ale innym \u201eprzyw\u00f3dcom religijnym\u201d r\u00f3wnie\u017c. Ot, taka niewinna etykieta dyplomatyczna \u2013 co z\u0142ego to nie my, \u017cadne tam szczeg\u00f3lne p\u0142aszczenie si\u0119 przed Watykanem. W dodatku z braku Putina, i Gundiajew dobry \u2013 wreszcie jaki\u015b wa\u017cniejszy przedstawiciel Rosji raczy\u0142 zaszczyci\u0107. <\/p>\n<p>Nienawi\u015b\u0107 mi\u0119dzy Rzymem i Moskw\u0105 musia\u0142a rzeczywi\u015bcie troch\u0119 przygasn\u0105\u0107 ostatnimi czasy, skoro takie lokalne gesty sta\u0142y si\u0119 mo\u017cliwe. Wprawdzie w normalnych warunkach napisanie banalnego tekstu o tym, \u017ce trzeba wybaczy\u0107 wzajemne krzywdy, ale nie zapomina\u0107 o nich i w og\u00f3le, powinno zaj\u0105\u0107 dwie godziny pisania dla gramotnego urz\u0119dnika i dwa tygodnie konsultacji na szczeblach, niemniej jednak fakt, \u017ce w tym piekle da\u0142o si\u0119 tego zakalca wypiec w dwa lata zas\u0142uguje na uznanie i podziw. Musimy si\u0119 zachwyca\u0107, \u017ce po tylu latach \u201edosz\u0142o do\u2026\u201d, \u017ce \u201enowy rozdzia\u0142\u2026\u201d. No i si\u0119 zachwycamy. Mi\u00f3d i wazelina. I o to chodzi!<\/p>\n<p>Sam dokument jest zlepkiem pysza\u0142kowatych frazes\u00f3w o \u201epojednaniu\u201d (to, \u017ce wy si\u0119 tam \u017crecie mi\u0119dzy sob\u0105, nie znaczy, \u017ce Polacy i Rosjanie maj\u0105 jakie\u015b szczeg\u00f3lne z\u0142e relacje i potrzebne im \u201epojednanie\u201d!) z typowymi po\u0142ajankami fundamentalist\u00f3w, kt\u00f3rzy wsp\u00f3lnym szyfrem trwo\u017cliwie egzorcyzmuj\u0105 wszystko, co wydaje im si\u0119 zagra\u017ca\u0107 ich pozycji. Ten ca\u0142y obcy \u015bwiat, kt\u00f3rego tak si\u0119 boj\u0105, umiej\u0105 oklei\u0107 paroma diabelskimi epitetami, w rodzaju \u201epropagator aborcji i eutanazji\u201d, \u201ezdehumanizowany sekularyzm\u201d czy \u201eateistyczny fundamentalizm\u201d, lecz nic ponadto. Umiej\u0105 tylko zatrzasn\u0105\u0107 si\u0119 na g\u0142ucho w solipsystycznej paranoi i szale\u0144stwie pychy, pozwalaj\u0105cej bez za\u017cenowania przemawia\u0107 \u201edo narod\u00f3w\u201d (ba, nieledwie \u201ew imieniu narod\u00f3w\u201d!) i robi\u0107 niedwuznaczne aluzje, \u017ce wszystko, co nieko\u015bcielne jest niemoralne, a Ko\u015bci\u00f3\u0142 i Cerkiew s\u0105 moralno\u015bci ostoj\u0105 (a to szczeg\u00f3lne!). Na te wszystkie insynuacje, pom\u00f3wienia i bezprzyk\u0142adne zadufanie w sobie nak\u0142ada si\u0119 jeszcze ob\u0142udny sztafa\u017c retoryki \u201etroski\u201d. Oni s\u0105 zawsze tak bardzo zatroskani i tak bardzo by nas chcieli \u201eubogaci\u0107\u201d. Ach, dajcie mi chusteczk\u0119, bom si\u0119 wzruszy\u0142. Najzabawniejsza jest wszelako nowa zabawka ko\u015bcio\u0142a i jak wida\u0107 r\u00f3wnie\u017c cerkwi. Ot\u00f3\u017c jak si\u0119 okaza\u0142o, \u017ce inaczej si\u0119 ju\u017c nie da, instytucje te przyj\u0119\u0142y elementy dyskursu liberalnego, godz\u0105c si\u0119 przed kilkoma dekadami na takie bezece\u0144stwa, jak demokracja i wolno\u015b\u0107 religijna, kt\u00f3re tak gorliwie i brutalnie zawsze zwalcza\u0142y. Z rozczuleniem patrz\u0119 na te ko\u015bcielne \u0107wiczenia z liberalizmu, gdy swe roszczenia do klerykalizacji pa\u0144stwa i wszelakich przywilej\u00f3w podpiera argumentem \u201ez wolno\u015bci religijnej\u201d, na przyk\u0142ad w naszym dzisiejszym \u201eprzes\u0142aniu do narod\u00f3w\u201d. Oni my\u015bl\u0105, \u017ce to taka sobie standardowa ob\u0142uda i r\u017cni\u0119cie g\u0142upa, ale ja widz\u0119, \u017ce ten robak etyczno\u015bci ju\u017c si\u0119 pod sutann\u0119 wkr\u0119ci\u0142 i robi swoje\u2026<\/p>\n<p>Daleki jestem od twierdzenia, \u017ce przyjazd Cyryla do Polski jest bez znaczenia. Dla prostych katolik\u00f3w jest to jedyna okazja, by na w\u0142asne oczy przekona\u0107 si\u0119, \u017ce podzia\u0142 chrze\u015bcija\u0144stwa to nie jest tylko legenda o krainach a g\u00f3rami, lecz najprawdziwsza rzeczywisto\u015b\u0107. Widok biskupa, kt\u00f3ry rozmawia na r\u00f3wnej stopie z jakim\u015b obcym, doprawdy daje do my\u015blenia ka\u017cdemu, dla kogo oczywiste jest, \u017ce s\u0142owo \u201echrze\u015bcijanin\u201d i \u201ekatolik\u201d to synonimy, a s\u0142owo \u201eKo\u015bci\u00f3\u0142\u201d oznacza wy\u0142\u0105cznie \u015awi\u0119ty Ko\u015bci\u00f3\u0142 Rzymsko-Katolicki. Dotychczas widzieli wy\u0142\u0105cznie biskup\u00f3w w roli przyjmuj\u0105cych ho\u0142dy, a tu, prosz\u0119, jaka afera! A mo\u017ce Ko\u015bci\u00f3\u0142 jest faktycznie tylko cz\u0119\u015bci\u0105 czego\u015b wi\u0119kszego? Jakiego\u015b szerszego \u201echrze\u015bcija\u0144stwa\u201d? I wcale nie jest w tym czym\u015b szefem? Oj, ale czy to po bo\u017cemu tak my\u015ble\u0107, \u017ce mo\u017ce by\u0107 co\u015b wi\u0119kszego od Ko\u015bcio\u0142a i \u017ce Ko\u015bci\u00f3\u0142 mo\u017ce nie by\u0107 dow\u00f3dc\u0105 i przewodnikiem? Takie to my\u015bli ma prosty katolik i s\u0105 to my\u015bli kszta\u0142c\u0105ce.<\/p>\n<p>Wielkie halo z \u201eprzes\u0142aniem\u201d dowodzi, \u017ce co jak co, ale metody propagandy i PR maj\u0105 panowie obcykane. Teraz si\u0119 mo\u017ce komu zdawa\u0107, \u017ce Polak\u00f3w i Rosjan dziel\u0105 g\u0142\u0119bokie animozje i \u017cale wzajemne, ale Ko\u015bci\u00f3\u0142 i Cerkiew zainicjowa\u0142y proces naprawy z\u0142ych stosunk\u00f3w i pod ich \u015bwiat\u0142ym i czystym patronatem, z Bo\u017c\u0105 pomoc\u0105, bracia S\u0142owianie odnajd\u0105 si\u0119 na powr\u00f3t w swym braterstwie, oczywi\u015bcie za wstawiennictwem Matki Bo\u017cej. Zach\u0119ceni przez Ko\u015bci\u00f3\u0142 i Cerkiew, id\u0105c za danym przez nie przyk\u0142adem dobrej woli i m\u0105dro\u015bci historycy i politycy oddadz\u0105 si\u0119 pracy wielkiego Pojednania. Hucpa to i \u017cenada, ale na w\u0142asny elektorat w sam raz.<\/p>\n<p>Bardzo bym sobie \u017cyczy\u0142, aby Polacy z Rosjanami \u017cyli bli\u017cej. To wa\u017cna sprawa, ale ksi\u0119\u017com ani popom nic do tego. Niechaj \u017caby nie podstawiaj\u0105 swych upier\u015bcienionych \u0142apek, gdzie konie kuj\u0105.<\/p>\n","protected":false},"excerpt":{"rendered":"<p>W dniu, w kt\u00f3rym w Rosji zapad\u0142 haniebny wyrok na dzia\u0142aczki Pussy Riot, popieraj\u0105cy ich aresztowanie i zblatowany z carem Putinem patriarcha Cyryl I podpisuje na Zamku Kr\u00f3lewskim w Warszawie \u201eWsp\u00f3lne przes\u0142anie do narod\u00f3w Polski i Rosji\u201d. Szopka warszawska. Co powoduje rz\u0105dem i mediami, \u017ce kreuj\u0105 wizyt\u0119 patriarchy i \u00f3w dokument na wydarzenie o randze [&hellip;]<\/p>\n","protected":false},"author":3,"featured_media":0,"comment_status":"open","ping_status":"open","sticky":false,"template":"","format":"standard","meta":{"footnotes":""},"categories":[4],"tags":[28,29],"_links":{"self":[{"href":"https:\/\/blog.polityka.pl\/hartman\/wp-json\/wp\/v2\/posts\/97"}],"collection":[{"href":"https:\/\/blog.polityka.pl\/hartman\/wp-json\/wp\/v2\/posts"}],"about":[{"href":"https:\/\/blog.polityka.pl\/hartman\/wp-json\/wp\/v2\/types\/post"}],"author":[{"embeddable":true,"href":"https:\/\/blog.polityka.pl\/hartman\/wp-json\/wp\/v2\/users\/3"}],"replies":[{"embeddable":true,"href":"https:\/\/blog.polityka.pl\/hartman\/wp-json\/wp\/v2\/comments?post=97"}],"version-history":[{"count":3,"href":"https:\/\/blog.polityka.pl\/hartman\/wp-json\/wp\/v2\/posts\/97\/revisions"}],"predecessor-version":[{"id":100,"href":"https:\/\/blog.polityka.pl\/hartman\/wp-json\/wp\/v2\/posts\/97\/revisions\/100"}],"wp:attachment":[{"href":"https:\/\/blog.polityka.pl\/hartman\/wp-json\/wp\/v2\/media?parent=97"}],"wp:term":[{"taxonomy":"category","embeddable":true,"href":"https:\/\/blog.polityka.pl\/hartman\/wp-json\/wp\/v2\/categories?post=97"},{"taxonomy":"post_tag","embeddable":true,"href":"https:\/\/blog.polityka.pl\/hartman\/wp-json\/wp\/v2\/tags?post=97"}],"curies":[{"name":"wp","href":"https:\/\/api.w.org\/{rel}","templated":true}]}}