
{"id":102,"date":"2012-08-20T19:06:58","date_gmt":"2012-08-20T19:06:58","guid":{"rendered":"http:\/\/lekarski.blog.polityka.pl\/?p=102"},"modified":"2020-12-10T15:17:39","modified_gmt":"2020-12-10T15:17:39","slug":"bezcenne-pudeleczko-bezpieczenstwa","status":"publish","type":"post","link":"https:\/\/blog.polityka.pl\/lekarski\/2012\/08\/20\/bezcenne-pudeleczko-bezpieczenstwa\/","title":{"rendered":"Bezcenne pude\u0142eczko bezpiecze\u0144stwa"},"content":{"rendered":"\n<p>O takich przypadkach bywa g\u0142o\u015bno. Gin\u0105 ludzie, cz\u0119sto m\u0142odzi, w dobrej formie, przy bezradno\u015bci \u015bwiadk\u00f3w &#8211; nic nie zapowiada tragedii. Wreszcie mamy narz\u0119dzie daj\u0105ce nadziej\u0119, \u017ce tego rodzaju dramat\u00f3w da si\u0119 \u0142atwiej unikn\u0105\u0107.<\/p>\n\n\n\n<!--more-->\n\n\n\n<p>Pami\u0119tacie Pa\u0144stwo przypadek Ewy Sa\u0142ackiej, aktorki, kt\u00f3ra zmar\u0142a po uk\u0105szeniu osy? Takim w\u0142a\u015bnie zgonom w nast\u0119pstwie uk\u0105szenia lub gwa\u0142townych reakcji alergicznych ma zapobiega\u0107 urz\u0105dzenie zaakceptowane przez ameryka\u0144sk\u0105 <em>Food and Drug Administration<\/em>. Dlaczego wydaje mi si\u0119 prze\u0142omowe?<\/p>\n\n\n\n<p>Ot\u00f3\u017c\u00a0terapi\u0105 ratuj\u0105c\u0105 \u017cycie w przypadkach piorunuj\u0105cej reakcji alergicznej (zwanej reakcj\u0105 anafilaktyczn\u0105) lub po uk\u0105szeniu niekt\u00f3rych owad\u00f3w jest podanie adrenaliny. K\u0142opot w tym, \u017ce przeci\u0119tny niemedyk nie potrafi prawid\u0142owo wykona\u0107 takiej iniekcji. Najcz\u0119\u015bciej trzeba wezwa\u0107 kwalifikowan\u0105 pomoc, co oczywi\u015bcie trwa. Dla niekt\u00f3rych, niestety, zbyt d\u0142ugo. Niekt\u00f3re osoby z grup ryzyka mog\u0105 mie\u0107 oczywi\u015bcie przy sobie ampu\u0142ki z adrenalin\u0105 i strzykawki, jednak ich przechowywanie i transport s\u0105 mocno k\u0142opotliwe. Pozostaje kwestia prawid\u0142owego podania leku przez \u015bwiadka zdarzenia (pacjent nierzadko nie jest w stanie uczyni\u0107 tego samodzielnie).<\/p>\n\n\n\n<p>Tymczasem Auvi-Q, bo tak nazywa si\u0119 bohater dzisiejszego wpisu, ma wymiary karty kredytowej i grubo\u015b\u0107 cienkiego telefonu kom\u00f3rkowego. Na korpusie narysowana jest obrazkowa, jednoznaczna instrukcja obs\u0142ugi. Co wi\u0119cej, po poci\u0105gni\u0119ciu za blokad\u0119 bezpiecze\u0144stwa, dobrze widoczn\u0105 i oznakowan\u0105 na jednym z bok\u00f3w pude\u0142ka, zaczyna ono wydawa\u0107 instrukcje g\u0142osowe dotycz\u0105ce dalszego post\u0119powania. Pude\u0142eczko nale\u017cy przycisn\u0105\u0107 mocno do uda, po czym nacisn\u0105\u0107 przycisk wyzwalaj\u0105cy. Podanie leku trwa 5 sekund odliczanych przez automat, kt\u00f3ry komunikuje potem o zako\u0144czeniu iniekcji i przypomina o konieczno\u015bci wezwania zespo\u0142u ratownictwa medycznego. Zreszt\u0105 obejrzyjcie Pa\u0144stwo sami: <a href=\"https:\/\/www.auvi-q.com\/\">oto link do strony produktu<\/a>.<\/p>\n\n\n\n<p>Mam nadziej\u0119, \u017ce Auvi-Q zostanie niebawem zarejestrowane i dopuszczone do obrotu w Polsce. Pozwol\u0119 sobie bowiem wyrazi\u0107 przekonanie, \u017ce ma ono szans\u0119 do\u0142\u0105czy\u0107 do grupy prze\u0142omowych wynalazk\u00f3w w terapii medycznej, tak jak automatyczny defibrylator, pompa insulinowa, laser okulistyczny i wiele innych.<\/p>\n","protected":false},"excerpt":{"rendered":"<p>O takich przypadkach bywa g\u0142o\u015bno. Gin\u0105 ludzie, cz\u0119sto m\u0142odzi, w dobrej formie, przy bezradno\u015bci \u015bwiadk\u00f3w &#8211; nic nie zapowiada tragedii. Wreszcie mamy narz\u0119dzie daj\u0105ce nadziej\u0119, \u017ce tego rodzaju dramat\u00f3w da si\u0119 \u0142atwiej unikn\u0105\u0107.<\/p>\n","protected":false},"author":3,"featured_media":0,"comment_status":"open","ping_status":"open","sticky":false,"template":"","format":"standard","meta":{"footnotes":""},"categories":[9,4],"tags":[],"_links":{"self":[{"href":"https:\/\/blog.polityka.pl\/lekarski\/wp-json\/wp\/v2\/posts\/102"}],"collection":[{"href":"https:\/\/blog.polityka.pl\/lekarski\/wp-json\/wp\/v2\/posts"}],"about":[{"href":"https:\/\/blog.polityka.pl\/lekarski\/wp-json\/wp\/v2\/types\/post"}],"author":[{"embeddable":true,"href":"https:\/\/blog.polityka.pl\/lekarski\/wp-json\/wp\/v2\/users\/3"}],"replies":[{"embeddable":true,"href":"https:\/\/blog.polityka.pl\/lekarski\/wp-json\/wp\/v2\/comments?post=102"}],"version-history":[{"count":3,"href":"https:\/\/blog.polityka.pl\/lekarski\/wp-json\/wp\/v2\/posts\/102\/revisions"}],"predecessor-version":[{"id":2332,"href":"https:\/\/blog.polityka.pl\/lekarski\/wp-json\/wp\/v2\/posts\/102\/revisions\/2332"}],"wp:attachment":[{"href":"https:\/\/blog.polityka.pl\/lekarski\/wp-json\/wp\/v2\/media?parent=102"}],"wp:term":[{"taxonomy":"category","embeddable":true,"href":"https:\/\/blog.polityka.pl\/lekarski\/wp-json\/wp\/v2\/categories?post=102"},{"taxonomy":"post_tag","embeddable":true,"href":"https:\/\/blog.polityka.pl\/lekarski\/wp-json\/wp\/v2\/tags?post=102"}],"curies":[{"name":"wp","href":"https:\/\/api.w.org\/{rel}","templated":true}]}}