
{"id":2186,"date":"2020-08-23T12:53:36","date_gmt":"2020-08-23T12:53:36","guid":{"rendered":"http:\/\/lekarski.blog.polityka.pl\/?p=2186"},"modified":"2020-08-23T13:31:47","modified_gmt":"2020-08-23T13:31:47","slug":"ostatnie-dwie-podlosci-krzyzowca","status":"publish","type":"post","link":"https:\/\/blog.polityka.pl\/lekarski\/2020\/08\/23\/ostatnie-dwie-podlosci-krzyzowca\/","title":{"rendered":"Ostatnie (?) dwie pod\u0142o\u015bci krzy\u017cowca"},"content":{"rendered":"\n<p>\u0141ukasz Szumowski jest jak bohater &#8222;Granicy\u201d Zofii Na\u0142kowskiej. I w\u0142a\u015bnie si\u0119gn\u0105\u0142 dna upadku. Konkretnie: w \u015brod\u0119 19 sierpnia ok. godz. 10:30.<\/p>\n\n\n\n<!--more-->\n\n\n\n<p>To wcale nie jest jednoznaczna historia. \u0141ukasz Szumowski by\u0142 mimo wszystko najlepszym ministrem zdrowia w ostatnich dekadach. Polityk bowiem wypada dobrze lub \u017ale na tle poprzednik\u00f3w. Troch\u0119 jak artysta wyst\u0119puj\u0105cy w tzw. sk\u0142adance. Szumowskiemu by\u0142o w tym przypadku \u0142atwo, bo poprzednik\u00f3w mia\u0142 marnych, a ju\u017c szczeg\u00f3lnie dw\u00f3ch ostatnich. Szo\u0142men Ar\u0142ukowicz pope\u0142nia\u0142 b\u0142\u0105d za b\u0142\u0119dem, za\u015b na tle ksi\u0119ciunia Radziwi\u0142\u0142a wypad\u0142by dobrze ka\u017cdy posiadaj\u0105cy chocia\u017cby \u015blad empatii i kultury osobistej.<\/p>\n\n\n\n<p>Kiedy ju\u017c ksi\u0119ciunio narobi\u0142 swoj\u0105 szlachetn\u0105 wynios\u0142o\u015bci\u0105 takiego bagna, \u017ce system opieki zdrowotnej by\u0142 o krok od zupe\u0142nego zatrzymania, wkroczy\u0142 \u0141ukasz Szumowski. Chcia\u0142oby si\u0119 rzec &#8211; ca\u0142y w bieli.<\/p>\n\n\n\n<p>Towarzyszy\u0142a mu opinia \u015bwietnego lekarza. Troch\u0119 niepokoju budzi\u0142 fakt, \u017ce jest cz\u0142onkiem Zakonu Malta\u0144skiego, co mog\u0142o zapowiada\u0107 wp\u0142yw \u015bwiatopogl\u0105du na decyzje merytoryczne (jak si\u0119 potem okaza\u0142o &#8211; s\u0142usznie). Nie opinie okaza\u0142y si\u0119 jednak najwa\u017cniejsze.<\/p>\n\n\n\n<p>Profesor Szumowski od pocz\u0105tku da\u0142 do zrozumienia, \u017ce &#8211; w przeciwie\u0144stwie do swojego poprzednika &#8211; uwa\u017ca rezydent\u00f3w za godnych szacunku partner\u00f3w. Po czym rozpocz\u0105\u0142 z nimi rzeczowe rozmowy. To by\u0142a wstrz\u0105saj\u0105ca zmiana. Oczywi\u015bcie pozytywnie wstrz\u0105saj\u0105ca. Potem bywa\u0142o r\u00f3\u017cnie.<\/p>\n\n\n\n<p>Decyzje dotycz\u0105ce diagnostyki i ewentualnej terapii genetycznej mia\u0142y ewidentnie charakter ideologiczny, a nie merytoryczny. Poza tym, \u017ce dotkn\u0119\u0142y pacjent\u00f3w, to spowodowa\u0142y odej\u015bcia \u015bwietnych fachowc\u00f3w z coraz bardziej zideologizowanych instytucji.<\/p>\n\n\n\n<p>Ros\u0142y d\u0142ugi szpitali. Nierozwi\u0105zany pozostawa\u0142 problem niedoboru personelu. Nie by\u0142o pomys\u0142u na m\u0105dre zdefiniowanie importu kadr, zw\u0142aszcza z Ukrainy i Bia\u0142orusi &#8211; tak by nie zagrozi\u0107 bezpiecze\u0144stwu pacjent\u00f3w, nie antagonizowa\u0107 \u015brodowisk medycznych, a kompensowa\u0107 niew\u0105tpliwie rosn\u0105cy deficyt si\u0142.<\/p>\n\n\n\n<p>Nast\u0105pi\u0142o natomiast zawierzenie systemu opieki zdrowotnej Matce Boskiej. Nie mo\u017cemy by\u0107 pewni, czy zosta\u0142o przyj\u0119te.<\/p>\n\n\n\n<p>Cyfryzacja opieki zdrowotnej te\u017c nie by\u0142a &#8211; wbrew opowie\u015bciom Mateusza Munchausena i samego Szumowskiego &#8211; takim oczywistym sukcesem. Op\u00f3\u017anienie wdro\u017cenia wynika\u0142o z dramatycznego niedopracowania narz\u0119dzi. Zastosowano znan\u0105 metod\u0119 w stylu: &#8222;od jutra zmieniamy ruch na lewostronny. Na pocz\u0105tek &#8211; tylko ci\u0119\u017car\u00f3wki&#8221;. Nawet teraz, kiedy e-recepty dzia\u0142aj\u0105 naprawd\u0119 dobrze, niekt\u00f3re elementy systemu prowadzenia dokumentacji elektronicznej nadal s\u0105 uci\u0105\u017cliwymi bublami i marnuj\u0105 czas personelu.<\/p>\n\n\n\n<p>Nie przeprowadzono te\u017c tak koniecznej rewolucji systemu specjalizacji, w tym egzamin\u00f3w specjalizacyjnych.<\/p>\n\n\n\n<p>By\u0142o jeszcze bardzo niejasne dofinansowanie dla firmy brata ministra Szumowskiego, z bardzo prawdopodobnym konfliktem interes\u00f3w i prawdopodobnym z\u0142amaniem procedur. Mam nadziej\u0119, \u017ce niezale\u017cne \u015bledztwo pr\u0119dzej czy p\u00f3\u017aniej rzecz ca\u0142\u0105 wyja\u015bni, bo m\u00f3wimy o sporych publicznych pieni\u0105dzach.<\/p>\n\n\n\n<p>No a na koniec wybuch\u0142a epidemia.<\/p>\n\n\n\n<p>Minister Szumowski opisuje siebie jako \u017ceglarza. My\u015bl\u0105c w tych kategoriach: zachowa\u0142 si\u0119 jak niefrasobliwy kapitan prowadz\u0105cy statek do nieuchronnej katastrofy. Mia\u0142 od pierwszych doniesie\u0144 co najmniej dwa miesi\u0105ce. M\u00f3g\u0142 przygotowa\u0107 jaki\u015b plan na nadchodz\u0105cy sztorm. Pojecha\u0142 na narty.<\/p>\n\n\n\n<p>By\u0142y maseczki, respiratory, testy, ale o tym Pa\u0144stwo doskonale wiecie. Potem zbli\u017ca\u0142y si\u0119 wybory.\u00a0Manipulowanie danymi epidemiologicznymi i zwi\u0105zanymi z nimi ograniczeniami, a tak\u017ce zaniechanie powszechnej, intensywnej edukacji spo\u0142ecznej &#8211; to jedne z najci\u0119\u017cszych win Szumowskiego. W\u0142a\u015bnie w tym momencie zacz\u0105\u0142\u00a0mocno kruszy\u0107 si\u0119 jego wizerunek jako cz\u0142owieka, kt\u00f3ry kieruje si\u0119 jak\u0105kolwiek etyk\u0105.<\/p>\n\n\n\n<p>Najgorsze przysz\u0142o na koniec. Dopiero teraz <a href=\"https:\/\/www.polityka.pl\/tygodnikpolityka\/spoleczenstwo\/1967776,1,patotransplantacja.read\">dziennikarskie \u015bledztwo &#8222;Polityki\u201d<\/a> ujawni\u0142o wstrz\u0105saj\u0105c\u0105 prawd\u0119 o maj\u0105cych miejsce w jednej z warszawskich klinik ewidentnych zaniedbaniach &#8211; z powa\u017cnymi skutkami, \u015bmierci\u0105 pacjentki w\u0142\u0105cznie. Dotychczas ukarano lekarzy, kt\u00f3rzy przygotowali raport. Stracili prac\u0119. Dw\u00f3ch wybitnych transplantolog\u00f3w pracuje w oddziale chirurgii og\u00f3lnej w szpitalu powiatowym. Minister o tym wszystkim wiedzia\u0142. Powinien poruszy\u0107 niebo i ziemi\u0119. Ograniczy\u0142 si\u0119 do dzia\u0142a\u0144 formalnych, kt\u00f3re oczywi\u015bcie trzeba odnotowa\u0107, ale kt\u00f3re w praktyce pozostawa\u0142y bez znaczenia.<\/p>\n\n\n\n<p>Ostateczny upadek nast\u0105pi\u0142 w minionym tygodniu. Pytany o respiratory i maseczki zakupione przez resort prof. Szumowski w swojej obronie powiedzia\u0142 <a href=\"https:\/\/tvn24.pl\/polska\/koronawirus-w-polsce-lukasz-szumowski-o-zakupie-maseczek-i-respiratorow-od-handlarza-bronia-4669033\">na antenie TVN24<\/a>:&#8221;Wielka Orkiestra \u015awi\u0105tecznej Pomocy w Polsce zakupi\u0142a ile\u015b respirator\u00f3w. \u017baden nie dojecha\u0142\u201d. Pan Jerzy Owsiak zaprzeczy\u0142 i opisa\u0142, jak by\u0142o naprawd\u0119, tak\u017ce z zakupionymi przez WO\u015aP maseczkami. Wypowied\u017a <a href=\"https:\/\/tvn24.pl\/polska\/lukasz-szumowski-mowilo-respiratorach-kupionych-przez-wosp-jerzy-owsiak-zarzuca-mu-klamstwo-4669551\">opublikowa\u0142 r\u00f3wnie\u017c TVN24<\/a>. Wynika z niej niezbicie, \u017ce Szumowski k\u0142amie. Z mojego punktu widzenia to ostateczny upadek, bo k\u0142amstwo najwyra\u017aniej wynika z ch\u0119ci przykrycia lub przynajmniej rozmycia w\u0142asnych win. Skal\u0119 tych win nie mnie rozstrzyga\u0107, ale rzucanie takich potwarzy nie mie\u015bci si\u0119 w kryteriach, kt\u00f3re powinien spe\u0142nia\u0107 cz\u0142owiek przyzwoity.<\/p>\n\n\n\n<p>Smaczku sprawie dodaje fakt, \u017ce pod\u0142o\u015bci dopu\u015bci\u0142a si\u0119 osoba silnie manifestuj\u0105ca swoje chrze\u015bcija\u0144skie pogl\u0105dy &#8211; tak ostentacyjne z\u0142amanie \u00f3smego przykazania dosadnie przypomina, \u017ce zakon joannit\u00f3w (czyli Malta\u0144ski) w ca\u0142ej swej historii zajmowa\u0142 si\u0119 przede wszystkim uprawianiem bezwzgl\u0119dnej, czasami krwawej polityki, a tylko niekiedy prowadzeniem szpitali.<\/p>\n","protected":false},"excerpt":{"rendered":"<p>\u0141ukasz Szumowski jest jak bohater &#8222;Granicy\u201d Zofii Na\u0142kowskiej. I w\u0142a\u015bnie si\u0119gn\u0105\u0142 dna upadku. Konkretnie: w \u015brod\u0119 19 sierpnia ok. godz. 10:30.<\/p>\n","protected":false},"author":3,"featured_media":2190,"comment_status":"open","ping_status":"closed","sticky":false,"template":"","format":"standard","meta":{"footnotes":""},"categories":[5],"tags":[43,522,342,468],"_links":{"self":[{"href":"https:\/\/blog.polityka.pl\/lekarski\/wp-json\/wp\/v2\/posts\/2186"}],"collection":[{"href":"https:\/\/blog.polityka.pl\/lekarski\/wp-json\/wp\/v2\/posts"}],"about":[{"href":"https:\/\/blog.polityka.pl\/lekarski\/wp-json\/wp\/v2\/types\/post"}],"author":[{"embeddable":true,"href":"https:\/\/blog.polityka.pl\/lekarski\/wp-json\/wp\/v2\/users\/3"}],"replies":[{"embeddable":true,"href":"https:\/\/blog.polityka.pl\/lekarski\/wp-json\/wp\/v2\/comments?post=2186"}],"version-history":[{"count":9,"href":"https:\/\/blog.polityka.pl\/lekarski\/wp-json\/wp\/v2\/posts\/2186\/revisions"}],"predecessor-version":[{"id":2196,"href":"https:\/\/blog.polityka.pl\/lekarski\/wp-json\/wp\/v2\/posts\/2186\/revisions\/2196"}],"wp:featuredmedia":[{"embeddable":true,"href":"https:\/\/blog.polityka.pl\/lekarski\/wp-json\/wp\/v2\/media\/2190"}],"wp:attachment":[{"href":"https:\/\/blog.polityka.pl\/lekarski\/wp-json\/wp\/v2\/media?parent=2186"}],"wp:term":[{"taxonomy":"category","embeddable":true,"href":"https:\/\/blog.polityka.pl\/lekarski\/wp-json\/wp\/v2\/categories?post=2186"},{"taxonomy":"post_tag","embeddable":true,"href":"https:\/\/blog.polityka.pl\/lekarski\/wp-json\/wp\/v2\/tags?post=2186"}],"curies":[{"name":"wp","href":"https:\/\/api.w.org\/{rel}","templated":true}]}}