
{"id":2528,"date":"2021-10-24T19:52:01","date_gmt":"2021-10-24T19:52:01","guid":{"rendered":"http:\/\/lekarski.blog.polityka.pl\/?p=2528"},"modified":"2021-10-24T20:05:42","modified_gmt":"2021-10-24T20:05:42","slug":"akcja-ministra-cieszynskiego-nie-bedzie-sycylijczyk-plul-nam-w-twarz","status":"publish","type":"post","link":"https:\/\/blog.polityka.pl\/lekarski\/2021\/10\/24\/akcja-ministra-cieszynskiego-nie-bedzie-sycylijczyk-plul-nam-w-twarz\/","title":{"rendered":"Akcja ministra Cieszy\u0144skiego: nie b\u0119dzie Sycylijczyk plu\u0142 nam w twarz!"},"content":{"rendered":"\n<p>Minister Cieszy\u0144ski, kreowany przez Pazernego Krzy\u017cowca na zbawc\u0119 narodu, przeprowadzi\u0142 kolejn\u0105 spektakularn\u0105 akcj\u0119. Mianowicie (podaj\u0119 za gazeta.pl), odpowiadaj\u0105c na zamieszczone w internecie og\u0142oszenie, zakupi\u0142 &#8222;lewy\u201d certyfikat szczepienia przeciwko covid-19. Po czym zg\u0142osi\u0142 spraw\u0119 prokuraturze.<\/p>\n\n\n\n<!--more-->\n\n\n\n<p>Tu konieczna jest z mojej strony deklaracja, kt\u00f3r\u0105 traktuj\u0119 bardzo serio. Uwa\u017cam, \u017ce sprzeda\u017c fa\u0142szywych certyfikat\u00f3w szczepie\u0144 przeciwko covid-19 powinna by\u0107 rozpatrywana z prawnego punktu widzenia jako bezpo\u015brednie wspieranie terroryzmu. Czyli tak samo jak dostarczenie zamachowcom broni czy zapewnianie schronienia. W obydwu przypadkach takie post\u0119powanie prowadzi bowiem do sprowadzenia bezpo\u015bredniego niebezpiecze\u0144stwa dla zdrowia lub \u017cycia zupe\u0142nie przypadkowych os\u00f3b, a tak\u017ce pogorszenia ich sytuacji \u017cyciowej. Je\u017celi handluj\u0105cymi takimi fa\u0142szywymi certyfikatami s\u0105 profesjonali\u015bci medyczni, to dodatkow\u0105 kar\u0105 wobec nich powinno by\u0107 trwa\u0142e wydalenie z zawodu, bez prawa ubiegania si\u0119 o ponowne uprawnienia. O takich wydaleniach powinno si\u0119 powiadamia\u0107 pozosta\u0142e kraje Unii Europejskiej, a tak\u017ce mo\u017cliwie najwi\u0119cej organizacji certyfikuj\u0105cych lekarzy w pozosta\u0142ych krajach.<\/p>\n\n\n\n<p>Nasza (a przynajmniej moja) reakcja na dzia\u0142anie ministra Cieszy\u0144skiego powinna by\u0107 zatem pozytywna, wi\u0119c o czym tu jeszcze deliberowa\u0107?<\/p>\n\n\n\n<p>Rzecz w tym, \u017ce znowu nasuwa si\u0119 kilka pyta\u0144, na kt\u00f3re niekoniecznie trzeba natychmiast otrzyma\u0107 odpowiedzi, ale zada\u0107 je trzeba. Dotycz\u0105 one\u00a0 nikomu nieznanych organizacji: Putinizacja i Szmal (w skr\u00f3cie\u2026 sami Pa\u0144stwo sobie z\u0142o\u017cyli), a zw\u0142aszcza jej sk\u0142adowej, kt\u00f3r\u0105 nazwijmy: Zachwyceni Putinem (tutaj te\u017c o w\u0142a\u015bciwy skr\u00f3t nietrudno), maj\u0105cej do\u015b\u0107 specyficzny stosunek do prawa i praworz\u0105dno\u015bci w og\u00f3le.<\/p>\n\n\n\n<p>Pytanie zasadnicze: dlaczego, skoro o akcjach antyszczepionkowc\u00f3w i o handlu certyfikatami wiadomo od dawna, nie zaj\u0119\u0142y si\u0119 tym wcze\u015bniej odpowiednie s\u0142u\u017cby pa\u0144stwowe? Waga problemu jest przecie\u017c niew\u0105tpliwa. Je\u017celi nawet pod has\u0142em &#8222;wiadomo od dawna\u201d kry\u0142y si\u0119 niezweryfikowane informacje kr\u0105\u017c\u0105ce w internecie, to czy niekt\u00f3rych informacji nie nale\u017ca\u0142oby koniecznie sprawdzi\u0107? Czy nie zaistnia\u0142a sytuacja podobna do tej, jak\u0105 mamy po wypadku drogowym, kt\u00f3ry spowodowa\u0142 Janusz Korwin-Mikke? Wypadek nast\u0105pi\u0142, gdy pose\u0142 prowadzi\u0142 samoch\u00f3d, nie maj\u0105c do tego uprawnie\u0144. No i kto\u015b nakaza\u0142 prokuraturze, \u017ceby dosta\u0142a nagle zaburze\u0144 poznawczych, na skutek czego do dzi\u015b nie mo\u017ce zako\u0144czy\u0107 \u015bledztwa w ewidentnej, wydawa\u0142oby si\u0119, sprawie. Czy podobne nabyte s\u0142u\u017cbowo zaburzenia poznawcze prokuratury i innych s\u0142u\u017cb odpowiedzialnych za bezpiecze\u0144stwo pa\u0144stwa nie spowodowa\u0142y przedziwnej bierno\u015bci w sprawie handlu certyfikatami szczepie\u0144? Dlaczego to bohaterski minister musia\u0142 podejmowa\u0107 akcj\u0119?<\/p>\n\n\n\n<p>A jak ju\u017c si\u0119 o akcji zgada\u0142o: czy minister mia\u0142 na ni\u0105 pozwolenie? Bo by\u0142o to co\u015b w rodzaju prowokacji policyjnej przecie\u017c. Czy zanim dokona\u0142 zakupu lewego certyfikatu, zawiadomi\u0142 odpowiednie s\u0142u\u017cby? Bo to przecie\u017c one powinny dokona\u0107 zakupu, a potem zapud\u0142owa\u0107 lekarza, kt\u00f3ry by\u0142 oferentem. A je\u017celi nie mia\u0142 pozwolenia i nie zawiadomi\u0142 s\u0142u\u017cb przed transakcj\u0105, to czy nie powinien zosta\u0107 oskar\u017cony o wsp\u00f3\u0142udzia\u0142 w procederze, a skrucha objawiaj\u0105ca si\u0119 zawiadomieniem po wszystkim prokuratury mo\u017ce spowodowa\u0107 nawet odst\u0105pienie od kary? To oczywi\u015bcie smutny \u017cart, bo skoro usz\u0142y mu (i jego szefowi) p\u0142azem nienadaj\u0105ce si\u0119 do u\u017cycia respiratory, to za taki drobiazg nikt z Zachwyconych Putinem krzywdy mu nie zrobi.<\/p>\n\n\n\n<p>Tu p\u0142ynnie przechodzimy do kolejnego w\u0105tku: a mo\u017ce ta akcja by\u0142a ustawk\u0105 zmierzaj\u0105c\u0105 do poprawy wizerunku ministra? S\u0142u\u017cby wiedzia\u0142y, ale pozwoli\u0142y mu si\u0119 wykaza\u0107 &#8211; tak si\u0119 um\u00f3wili. Dlaczego albo raczej po co? Bo Pazerny Krzy\u017cowiec wcale nie odszed\u0142 z polityki. Buduje w Aninie, w obr\u0119bie Instytutu Kardiologii (Narodowego, oczywi\u015bcie), swoje imponuj\u0105ce imperium. Zdecydowanie przygotowuje polsk\u0105 medycyn\u0119 (na razie g\u0142\u00f3wnie kardiologi\u0119) do powrotu do epoki gierkowskiej: kilka &#8222;z\u0142otych o\u015brodk\u00f3w\u201d b\u0119dzie mia\u0142o prawo wykonywa\u0107 pewne procedury, a pozosta\u0142e nie. Nawet je\u017celi potrafi\u0105 i maj\u0105 do tego sprz\u0119t. \u015arodowisko jest zdecydowanie przeciwko temu, konflikt b\u0119dzie nieunikniony. W takiej sytuacji sprawa dziwnych interes\u00f3w z pocz\u0105tku covid jest dla Krzy\u017cowca balastem, kt\u00f3rego nie chce. Akcja Cieszy\u0144skiego pozwala przedstawi\u0107 go jako faceta, kt\u00f3ry mo\u017ce da\u0142 si\u0119 zwie\u015b\u0107 wrednym oszustom, ale jest prawy i zaanga\u017cowany, co w\u0142a\u015bnie swoim czynem udowodni\u0142. Przywo\u0142uj\u0105c zasady z Machiavellego: je\u017celi kto\u015b buduje swoj\u0105 pozytywn\u0105 reputacj\u0119, to buduje pozytywn\u0105 reputacj\u0119 swojego ksi\u0119cia\u2026 A \u017ce kontekst tego akurat czynu budzi w\u0105tpliwo\u015bci? Kto by tam dzieli\u0142 w\u0142os na czworo\u2026<\/p>\n\n\n\n<p>Polecam Pa\u0144stwa uwadze ksi\u0105\u017cki Andrei Camilleriego (nie mam wprawy w odmienianiu w\u0142oskich nazwisk, przepraszam) o komisarzu Montalbano lub ich wdzi\u0119cznie zrobione ekranizacje, dost\u0119pne w serwisie streamingowym.\u00a0 Znajdziecie tam znajome klimaty. Akcja dzieje si\u0119 zawsze na Sycylii. Wszyscy wiedz\u0105, kto jest kim: policja, mafia, politycy\u2026 Wszyscy wsp\u00f3\u0142istniej\u0105 na wyspie, a jest to mo\u017cliwe r\u00f3wnie\u017c dlatego, \u017ce stosuj\u0105 prawo dosy\u0107 uznaniowo. Poczuli\u015bcie ju\u017c Pa\u0144stwo powiew ciep\u0142ego, \u015br\u00f3dziemnomorskiego wiatru? Tym, kt\u00f3rzy nie poczuli, spr\u00f3buj\u0119 pom\u00f3c, bo ka\u017cdy ma prawo do odrobiny przyjemno\u015bci.<\/p>\n\n\n\n<p>Mamy w Polsce proceder (czy raczej &#8211; r\u00f3\u017cne procedery) zwi\u0105zany z covid-19. S\u0142u\u017cby z pewno\u015bci\u0105 o nich wiedz\u0105, ale postanawiaj\u0105 nic z tym nie zrobi\u0107. Bo uwa\u017caj\u0105, \u017ce nie. Albo kto\u015b im kaza\u0142 tak uwa\u017ca\u0107.<\/p>\n\n\n\n<p>Potem nast\u0119puje akcja naszego Bonda od respirator\u00f3w i cyfryzacji. Wszystko jedno &#8211; spontaniczna czy inspirowana. Bond wyr\u0119cza s\u0142u\u017cby (bo tak!), a wszyscy wok\u00f3\u0142 s\u0105 (lub b\u0119d\u0105) zachwyceni. Kura Goebbelsa obwie\u015bci suwerenowi kolejne zwyci\u0119stwo, a zarazem narodziny nowego bohatera. A przecie\u017c kilka wa\u017cnych zasad pa\u0144stwa prawa zosta\u0142o potraktowanych zdecydowanie lekcewa\u017c\u0105co.<\/p>\n\n\n\n<p>I jak? Poczuli Pa\u0144stwo powiew z Sycylii w ten zimny, jesienny dzie\u0144? Powinni\u015bcie. No i mo\u017cecie poczu\u0107 si\u0119 dumni, \u017ce prze\u015bcign\u0119li\u015bmy kolejnych mistrz\u00f3w w kolejnej dziedzinie.<\/p>\n\n\n\n<p>Nie b\u0119d\u0105 nas w obcych j\u0119zykach jacy\u015b Sycylijczycy uczy\u0107, jak uznaniowo stosowa\u0107 prawo! Bo jak robi\u0107 szemrane interesy na respiratorach i maseczkach, wierny ucze\u0144 P*(brakuj\u0105ce gwiazdki wpisa\u0107) Krzy\u017cowca pokaza\u0142 \u015bwiatu ju\u017c jaki\u015b czas temu.<\/p>\n","protected":false},"excerpt":{"rendered":"<p>Minister Cieszy\u0144ski, kreowany przez Pazernego Krzy\u017cowca na zbawc\u0119 narodu, przeprowadzi\u0142 kolejn\u0105 spektakularn\u0105 akcj\u0119. Mianowicie (podaj\u0119 za gazeta.pl), odpowiadaj\u0105c na zamieszczone w internecie og\u0142oszenie, zakupi\u0142 &#8222;lewy\u201d certyfikat szczepienia przeciwko covid-19. Po czym zg\u0142osi\u0142 spraw\u0119 prokuraturze.<\/p>\n","protected":false},"author":3,"featured_media":2531,"comment_status":"open","ping_status":"closed","sticky":false,"template":"","format":"standard","meta":{"footnotes":""},"categories":[4,5],"tags":[790,791,792],"_links":{"self":[{"href":"https:\/\/blog.polityka.pl\/lekarski\/wp-json\/wp\/v2\/posts\/2528"}],"collection":[{"href":"https:\/\/blog.polityka.pl\/lekarski\/wp-json\/wp\/v2\/posts"}],"about":[{"href":"https:\/\/blog.polityka.pl\/lekarski\/wp-json\/wp\/v2\/types\/post"}],"author":[{"embeddable":true,"href":"https:\/\/blog.polityka.pl\/lekarski\/wp-json\/wp\/v2\/users\/3"}],"replies":[{"embeddable":true,"href":"https:\/\/blog.polityka.pl\/lekarski\/wp-json\/wp\/v2\/comments?post=2528"}],"version-history":[{"count":2,"href":"https:\/\/blog.polityka.pl\/lekarski\/wp-json\/wp\/v2\/posts\/2528\/revisions"}],"predecessor-version":[{"id":2530,"href":"https:\/\/blog.polityka.pl\/lekarski\/wp-json\/wp\/v2\/posts\/2528\/revisions\/2530"}],"wp:featuredmedia":[{"embeddable":true,"href":"https:\/\/blog.polityka.pl\/lekarski\/wp-json\/wp\/v2\/media\/2531"}],"wp:attachment":[{"href":"https:\/\/blog.polityka.pl\/lekarski\/wp-json\/wp\/v2\/media?parent=2528"}],"wp:term":[{"taxonomy":"category","embeddable":true,"href":"https:\/\/blog.polityka.pl\/lekarski\/wp-json\/wp\/v2\/categories?post=2528"},{"taxonomy":"post_tag","embeddable":true,"href":"https:\/\/blog.polityka.pl\/lekarski\/wp-json\/wp\/v2\/tags?post=2528"}],"curies":[{"name":"wp","href":"https:\/\/api.w.org\/{rel}","templated":true}]}}