
{"id":1041,"date":"2012-01-10T19:00:06","date_gmt":"2012-01-10T18:00:06","guid":{"rendered":"http:\/\/narty.blog.polityka.pl\/?p=1041"},"modified":"2012-01-10T19:05:39","modified_gmt":"2012-01-10T18:05:39","slug":"matterhorn-czyli-polak-szwajcar-dwa-bratanki","status":"publish","type":"post","link":"https:\/\/blog.polityka.pl\/narty\/2012\/01\/10\/matterhorn-czyli-polak-szwajcar-dwa-bratanki\/","title":{"rendered":"Matterhorn, czyli Polak Szwajcar dwa bratanki"},"content":{"rendered":"<p><a href=\"\/wp-content\/uploads\/\/2012\/01\/MATTERHORN-IM-SONNENUNTERGANG-BY-LEO-JULEN.jpg\"><\/a>Owszem, to Mont Blanc jest znany Polakom od m\u0142odych lat za spraw\u0105 Juliusza S\u0142owackiego i monologu jego Kordiana. Ale przecie\u017c najpi\u0119kniejszym szczytem Alp jest Matterhorn.<\/p>\n<p><a href=\"\/wp-content\/uploads\/\/2012\/01\/MATTERHORN-IM-SONNENUNTERGANG-BY-LEO-JULEN.jpg\"><img loading=\"lazy\" decoding=\"async\" title=\"MATTERHORN IM SONNENUNTERGANG BY LEO JULEN\" src=\"\/wp-content\/uploads\/\/2012\/01\/MATTERHORN-IM-SONNENUNTERGANG-BY-LEO-JULEN-300x225.jpg\" alt=\"\" width=\"300\" height=\"225\" \/><\/a>\u00a0<em>Fot. Leo Julen<\/em><\/p>\n<p><!--more--><\/p>\n<p>Na dodatek Szwajcarzy walcz\u0105 teraz wszystkimi si\u0142ami, \u017ceby to on w\u0142a\u015bnie sta\u0142 si\u0119 dla Polak\u00f3w ikon\u0105 Alp. Bo sami kojarz\u0105 Polsk\u0119 ze wzrostem gospodarczym oraz z Justyn\u0105 Kowalczyk, kt\u00f3ra razem ze Szwajcarem Dario Cologna wygra\u0142a w\u0142a\u015bnie Tour de Ski.<\/p>\n<p>Pewnie, Mont Blanc\u00a0 jest najwy\u017cszym szczytem Alp. S\u0142owacki uzna\u0142 go nawet za \u201edach \u015bwiata\u201d, wci\u0105gn\u0105\u0142 tam Kordiana, idealnego, jego zdaniem,\u00a0 Polaka-Cz\u0142owieka i w usta w\u0142o\u017cy\u0142 mu rozwa\u017cania o jestestwie i sensie \u017cycia, w rzeczywisto\u015bci maj\u0105ce by\u0107 polemik\u0105 z faktycznie wielk\u0105 mickiewiczowsk\u0105 Improwizacj\u0105 z \u201eDziad\u00f3w\u201d.<\/p>\n<p>Tyle \u017ce Mont Blanc ani nie jest za \u0142adny, ani zbyt trudny do zdobycia. W g\u00f3rskiej bran\u017cy symbole alpejskiej pot\u0119gi i pi\u0119kna oraz wspinaczkowym wyzwaniem jest Matterhorn. Nie bez powodu jest to najcz\u0119\u015bciej fotografowany szczyt \u015bwiata \uf04a \u2013 wida\u0107 jego klas\u0119 doceniaj\u0105 te\u017c laicy.<\/p>\n<p>Na dodatek tak si\u0119 jako\u015b teraz sk\u0142ada, \u017ce dumni dot\u0105d Szwajcarzy chc\u0105 pod Matterhon zaprasza\u0107 Polak\u00f3w. Zacz\u0119li naturalnie od dziennikarzy. Szcz\u0119\u015bliwie jestem w\u015br\u00f3d nich i s\u0142ysz\u0119 tu co chwila, \u017ce Polska jest obecnie gospodarczym numerem jeden w Unii Europejskiej (w ustach neutralnych Helwet\u00f3w to komplement niebywa\u0142y!). \u017be polscy go\u015bcie nie ust\u0119puj\u0105 innym \u2013 a czasem bywaj\u0105 lepsi (bo chocia\u017cby zostawiaj\u0105 pieni\u0105dze, ale nie s\u0105 tak ostentacyjni w afiszowaniu si\u0119 nimi, jak\u2026 \u2013 zgadnij kto, Koteczku?). A wreszcie to Szwajcar Dario Cologna i \u201eta Polka\u2026 Justyna\u201d wygrali Tour de Ski i utarli nosa Austriakom i Skandynawom.<\/p>\n<p>Mam teraz okazj\u0119 \u2013 jedyn\u0105 pewnie w \u017cyciu \u2013 spr\u00f3bowa\u0107 oko\u0142omatterhornowskich \u015bnieg\u00f3w i zermattowskich alpejskich klimat\u00f3w. I cho\u0107 generalnie mo\u017ce jest i dro\u017cej ni\u017c w takich W\u0142oszech, to zapewniam, \u017ce da si\u0119 tu sp\u0119dzi\u0107 super zimowe wakacje za przyzwoit\u0105 cen\u0119. Za\u015b dzi\u0119ki sukcesom Polski i Justyny w przychylnej na dodatek atmosferze.<\/p>\n<p>Wi\u0119cej o Zermatt i jego G\u00f3rze rych\u0142o na podstronie <a href=\"http:\/\/www.polityka.pl\/odkryjszwajcarie\" target=\"_blank\">\u201eOdkryj Szwajcari\u0119\u201d<\/a>\u00a0 portalu \u201ePolityki\u201d) oraz naturalnie na blogu <a href=\"http:\/\/narty.blog.polityka.pl\/\" target=\"_blank\">\u201eW \u015bniegu i po \u015bniegu\u201d<\/a>.<\/p>\n","protected":false},"excerpt":{"rendered":"<p>Owszem, to Mont Blanc jest znany Polakom od m\u0142odych lat za spraw\u0105 Juliusza S\u0142owackiego i monologu jego Kordiana. Ale przecie\u017c najpi\u0119kniejszym szczytem Alp jest Matterhorn. \u00a0Fot. Leo Julen<\/p>\n","protected":false},"author":1,"featured_media":0,"comment_status":"open","ping_status":"open","sticky":false,"template":"","format":"standard","meta":{"footnotes":""},"categories":[1],"tags":[],"_links":{"self":[{"href":"https:\/\/blog.polityka.pl\/narty\/wp-json\/wp\/v2\/posts\/1041"}],"collection":[{"href":"https:\/\/blog.polityka.pl\/narty\/wp-json\/wp\/v2\/posts"}],"about":[{"href":"https:\/\/blog.polityka.pl\/narty\/wp-json\/wp\/v2\/types\/post"}],"author":[{"embeddable":true,"href":"https:\/\/blog.polityka.pl\/narty\/wp-json\/wp\/v2\/users\/1"}],"replies":[{"embeddable":true,"href":"https:\/\/blog.polityka.pl\/narty\/wp-json\/wp\/v2\/comments?post=1041"}],"version-history":[{"count":4,"href":"https:\/\/blog.polityka.pl\/narty\/wp-json\/wp\/v2\/posts\/1041\/revisions"}],"predecessor-version":[{"id":1046,"href":"https:\/\/blog.polityka.pl\/narty\/wp-json\/wp\/v2\/posts\/1041\/revisions\/1046"}],"wp:attachment":[{"href":"https:\/\/blog.polityka.pl\/narty\/wp-json\/wp\/v2\/media?parent=1041"}],"wp:term":[{"taxonomy":"category","embeddable":true,"href":"https:\/\/blog.polityka.pl\/narty\/wp-json\/wp\/v2\/categories?post=1041"},{"taxonomy":"post_tag","embeddable":true,"href":"https:\/\/blog.polityka.pl\/narty\/wp-json\/wp\/v2\/tags?post=1041"}],"curies":[{"name":"wp","href":"https:\/\/api.w.org\/{rel}","templated":true}]}}