
{"id":1067,"date":"2012-01-25T15:32:22","date_gmt":"2012-01-25T14:32:22","guid":{"rendered":"http:\/\/narty.blog.polityka.pl\/?p=1067"},"modified":"2012-01-25T15:38:10","modified_gmt":"2012-01-25T14:38:10","slug":"duzo-sniegu-wiecej-lawin-darmowe-kursy","status":"publish","type":"post","link":"https:\/\/blog.polityka.pl\/narty\/2012\/01\/25\/duzo-sniegu-wiecej-lawin-darmowe-kursy\/","title":{"rendered":"Du\u017co \u015bniegu, wi\u0119cej lawin i&#8230; darmowych kurs\u00f3w"},"content":{"rendered":"<p>Ostatnie fale opad\u00f3w \u015bniegu w Tatrach, Karkonoszach i Alpach spowodowa\u0142y, \u017ce g\u00f3rskie s\u0142u\u017cby ratownicze wsz\u0119dzie wzmog\u0142y apele o ostro\u017cno\u015b\u0107 w zwi\u0105zku z niebezpiecze\u0144stwem lawin. Tyczy to zar\u00f3wno narciarzy i snowboardzist\u00f3w, jak turyst\u00f3w pieszych.<\/p>\n<p><a href=\"\/wp-content\/uploads\/\/2012\/01\/Bild0016.jpg\"><img loading=\"lazy\" decoding=\"async\" title=\"Bild0016\" src=\"\/wp-content\/uploads\/\/2012\/01\/Bild0016-225x300.jpg\" alt=\"\" width=\"225\" height=\"300\" \/><\/a>\u00a0<em>Tyle \u015bniegu jest w Tyrolu<\/em><\/p>\n<p><!--more-->W polskich Tatrach tak wysokiego stopnia zagro\u017cenia lawinowego nie by\u0142o od dw\u00f3ch lat. Na Kasprowym Wierchu spad\u0142o ponad 150 cm \u015bniegu. W poniedzia\u0142ek TOPR og\u0142osi\u0142 czwarty \u2013 czyli \u201ewysoki\u201d \u2013 stopie\u0144 zagro\u017cenia lawinowego (skala jest pi\u0119ciostopniowa). Oznacza\u0142o to, \u017ce ju\u017c przy ma\u0142ym \u201eobci\u0105\u017ceniu dodatkowym\u201d (w postaci, na przyk\u0142ad, nawet pojedynczego narciarza\/ snowboardzisty jad\u0105cego na dodatek p\u0142ynnie, bez upadk\u00f3w b\u0105d\u017a pojedynczego piechura poruszaj\u0105cego si\u0119 na nartach lub rakietach) prawdopodobne by\u0142o zej\u015bcie lawiny na \u201elicznych stromych stokach\u201d. Mo\u017cliwe te\u017c by\u0142o samorzutne schodzenie licznych \u015brednich, a cz\u0119sto r\u00f3wnie\u017c du\u017cych lawin.<\/p>\n<p>Obecnie w Tatrach obowi\u0105zuje trzeci \u2013 a wi\u0119c \u201eznaczny\u201d \u2013 stopie\u0144 zagro\u017cenia lawinowego. Pokrywa \u015bnie\u017cna jest zatem umiarkowanie lub s\u0142abo zwi\u0105zana na wielu stromych stokach (czyli o nachyleniu r\u00f3wnym, lub wi\u0119kszym ni\u017c 30 stopni). Wyzwolenie lawiny jest mo\u017cliwe ju\u017c przy ma\u0142ym obci\u0105\u017ceniu dodatkowym, przede wszystkim na stromych stokach. W niekt\u00f3rych przypadkach mo\u017cliwe jest samorzutne schodzenie \u015brednich, a sporadycznie tak\u017ce du\u017cych lawin. Warunki s\u0105 wi\u0119c \u201ew znacznej mierze niekorzystne\u201d. Poruszanie si\u0119 w g\u00f3rach wymaga \u201ebardzo du\u017cego do\u015bwiadczenia oraz posiadania bardzo du\u017cej zdolno\u015bci do lawinoznawczej oceny sytuacji\u201d.<\/p>\n<p>R\u00f3wnie\u017c na S\u0142owacji Horsk\u00e1 z\u00e1chrann\u00e1 slu\u017eba pocz\u0105tkowo ocenia\u0142a zagro\u017cenie lawinowe na 4, teraz natomiast opisuje je jako 2 lub 3 (w zale\u017cno\u015bci od regionu i pory dnia). S\u0142owaccy ratownicy zapewniaj\u0105 jednak, \u017ce na oznaczonych stokach narciarskich jest bezpiecznie.<\/p>\n<p>Podobna sytuacja panuje w Alpach \u2013 przyk\u0142adowo, kiedy przed trzema tygodniami przyjecha\u0142em do szwajcarskiego Scuol, wyci\u0105gi by\u0142y przez ca\u0142y dzie\u0144 zamkni\u0119te w\u0142a\u015bnie z powodu czwartego stopnia zagro\u017cenia \u2013 lawiny mog\u0142y schodzi\u0107 na nartostrady. Dopiero nast\u0119pnego dnia, kiedy helikoptery za pomoc\u0105 \u0142adunk\u00f3w wybuchowych sztucznie wywo\u0142a\u0142y zej\u015bcie \u015bniegu w najbardziej newralgicznych miejscach, mo\u017cna by\u0142o stopniowo uruchomia\u0107 kolejki, (Pisa\u0142em o tym na portalu \u201ePolityki\u201d <a href=\"http:\/\/www.polityka.pl\/odkryjszwajcarie\" target=\"_blank\">\u201eOdkryj Szwajcari\u0119\u201d<\/a>).<br \/>\nW sobot\u0119 natomiast w tamtym rejonie zamkni\u0119to nawet drogi \u2013 bo kolejna fala opad\u00f3w grozi\u0142a zej\u015bciem lawin na jad\u0105ce samochody.<\/p>\n<p>Tak\u017ce w kilkunastu austriackich o\u015brodkach narciarskich w ostatnim miesi\u0105cu spad\u0142o (o czym te\u017c informowa\u0142em) najwi\u0119cej \u015bniegu od 30 lat. Ze wzgl\u0119du na zagro\u017cenie lawinowe przez kilka dni zamkni\u0119ty by\u0142 chocia\u017cby dojazd do renomowanych kurort\u00f3w St. Anton i Ischgl, ale obecnie wszystkie drogi s\u0105 przejezdne. A w takim, na przyk\u0142ad, Alpbach le\u017cy 170 cm \u015bniegu!<\/p>\n<p>Wsz\u0119dzie zatem organizowane s\u0105 rozmaite kursy, na kt\u00f3rych mo\u017cna nauczy\u0107 si\u0119 rozpoznawania zwiastun\u00f3w zagro\u017cenia, regu\u0142 zachowania w g\u00f3rach oraz post\u0119powania w wypadku zej\u015bcia lawiny.<\/p>\n<p>Niedawno anonsowa\u0142em tu kolejn\u0105 ju\u017c edycj\u0119 (tanich!) szkole\u0144 lawinowych Polskiego Stowarzyszenia Freeskiingu i TOPR (<a href=\"http:\/\/narty.blog.polityka.pl\/2011\/11\/15\/pora-na-kurs-o-lawinach\/\" target=\"_blank\">\u201ePora na kurs\u201d<\/a>, 15 listopada ub.roku).<\/p>\n<p>Natomiast w Tyrolu narciarze i snowboardzi\u015bci powy\u017cej 14 roku \u017cycia mog\u0105 wzi\u0105\u0107 udzia\u0142 w szkoleniu antylawinowym SAAC (Snow &amp; Avalanche Awareness Camps)&#8230; za darmo!. Dwudniowe zaj\u0119cia sk\u0142adaj\u0105 si\u0119 z cz\u0119\u015bci teoretycznej i praktycznej, a kursanci ucz\u0105 si\u0119, jak powstaj\u0105 lawiny, jak analizowa\u0107 \u015bnieg, jak wybiera\u0107 i znajdowa\u0107 bezpieczne trasy oraz jakich technik u\u017cy\u0107 podczas akcji ratunkowej po zej\u015bciu lawiny. Kursanci nie posiadaj\u0105cy w\u0142asnego sprz\u0119tu antylawinowego moga go gratis wypo\u017cyczyc na cas trwania szkolenia. Najbli\u017csze terminy to: 28-29 stycznia w Nauders, 4-5 lutego oraz 3-4 marca w F\u00fcssener J\u00f6chle Gr\u00e4n, 25-26 kutego w Mayrhofen, 17-18 marca w Galt\u00fcr, 7-8 kwietnia w Hochf\u00fcgen oraz 28-29 kwietnia na lodowcu Stubai.<br \/>\nR\u00f3wnocze\u015bnie Tirol Werbung zaleca narciarzom, kt\u00f3rzy wyje\u017cd\u017caj\u0105 poza trasy szczeg\u00f3ln\u0105 ostro\u017cno\u015b\u0107. I tak, powy\u017cej granicy lasu poza trasy powinni wyje\u017cd\u017ca\u0107 jedynie do\u015bwiadczeni freriderzy, wyposa\u017ceni w plecaki antylawinowe i system Pieps.<\/p>\n<p>A dla wszystkich sporz\u0105dzi\u0142a prosty katalog zachowa\u0144, cechuj\u0105cych rozs\u0105dnego narciarza\/snowboardzist\u0119:<br \/>\n1.\u00a0\u00a0\u00a0\u00a0\u00a0\u00a0 Zanim udasz si\u0119 w g\u00f3ry, zdob\u0105d\u017a informacje! Prognoza pogody i aktualny raport lawinowy s\u0105 \u0142atwo dost\u0119pne w o\u015brodku narciarskim oraz w internecie. Pogoda w g\u00f3rach zmienia si\u0119 bardzo szybko, dlatego warto sprawdzi\u0107 wcze\u015bniej przewidywane warunki. Przy sobie nale\u017cy zawsze mie\u0107 plan stok\u00f3w i wyci\u0105g\u00f3w.<br \/>\n2.\u00a0\u00a0\u00a0\u00a0\u00a0\u00a0 Rozgl\u0105daj si\u0119 dooko\u0142a \u2013 sprawd\u017a swoje po\u0142o\u017cenie, upewnij si\u0119, \u017ce orientujesz si\u0119 w terenie i \u017ce trasy kt\u00f3rymi masz zamiar zje\u017cd\u017ca\u0107 odpowiadaj\u0105 twoim umiej\u0119tno\u015bciom. Zwr\u00f3\u0107 szczeg\u00f3lna uwag\u0119 na tablice informacyjne na stokach \u2013 pod \u017cadnym pozorem nie wje\u017cd\u017caj na zamkni\u0119te trasy zjazdowe!<br \/>\n3.\u00a0\u00a0\u00a0\u00a0\u00a0\u00a0 W\u0142a\u015bciwy ubi\u00f3r to podstawa \u2013 pami\u0119taj o ochronie g\u0142owy i no\u015b kask!<br \/>\n4.\u00a0\u00a0\u00a0\u00a0\u00a0\u00a0 B\u0105d\u017a odpowiedzialny \u2013 sprawd\u017a zasady obowi\u0105zuj\u0105ce na stokach ustalone przez FIS. Pami\u0119taj, \u017ce narciarz przed tob\u0105 ma zawsze pierwsze\u0144stwo \u2013 dostosuj swoj\u0105 pr\u0119dko\u015b\u0107 i umiej\u0119tno\u015bci do warunk\u00f3w panuj\u0105cych na stoku.<br \/>\n5.\u00a0\u00a0\u00a0\u00a0\u00a0\u00a0 Ucz si\u0119 od ekspert\u00f3w \u2013 nie tylko pocz\u0105tkuj\u0105cy powinni doskonali\u0107 swoje umiej\u0119tno\u015bci. 2-3 godziny z instruktorem w sezonie pozwol\u0105 polepszy\u0107 technik\u0119 jazdy.<\/p>\n","protected":false},"excerpt":{"rendered":"<p>Ostatnie fale opad\u00f3w \u015bniegu w Tatrach, Karkonoszach i Alpach spowodowa\u0142y, \u017ce g\u00f3rskie s\u0142u\u017cby ratownicze wsz\u0119dzie wzmog\u0142y apele o ostro\u017cno\u015b\u0107 w zwi\u0105zku z niebezpiecze\u0144stwem lawin. Tyczy to zar\u00f3wno narciarzy i snowboardzist\u00f3w, jak turyst\u00f3w pieszych. \u00a0Tyle \u015bniegu jest w Tyrolu<\/p>\n","protected":false},"author":1,"featured_media":0,"comment_status":"open","ping_status":"open","sticky":false,"template":"","format":"standard","meta":{"footnotes":""},"categories":[1],"tags":[],"_links":{"self":[{"href":"https:\/\/blog.polityka.pl\/narty\/wp-json\/wp\/v2\/posts\/1067"}],"collection":[{"href":"https:\/\/blog.polityka.pl\/narty\/wp-json\/wp\/v2\/posts"}],"about":[{"href":"https:\/\/blog.polityka.pl\/narty\/wp-json\/wp\/v2\/types\/post"}],"author":[{"embeddable":true,"href":"https:\/\/blog.polityka.pl\/narty\/wp-json\/wp\/v2\/users\/1"}],"replies":[{"embeddable":true,"href":"https:\/\/blog.polityka.pl\/narty\/wp-json\/wp\/v2\/comments?post=1067"}],"version-history":[{"count":5,"href":"https:\/\/blog.polityka.pl\/narty\/wp-json\/wp\/v2\/posts\/1067\/revisions"}],"predecessor-version":[{"id":1073,"href":"https:\/\/blog.polityka.pl\/narty\/wp-json\/wp\/v2\/posts\/1067\/revisions\/1073"}],"wp:attachment":[{"href":"https:\/\/blog.polityka.pl\/narty\/wp-json\/wp\/v2\/media?parent=1067"}],"wp:term":[{"taxonomy":"category","embeddable":true,"href":"https:\/\/blog.polityka.pl\/narty\/wp-json\/wp\/v2\/categories?post=1067"},{"taxonomy":"post_tag","embeddable":true,"href":"https:\/\/blog.polityka.pl\/narty\/wp-json\/wp\/v2\/tags?post=1067"}],"curies":[{"name":"wp","href":"https:\/\/api.w.org\/{rel}","templated":true}]}}