
{"id":174,"date":"2009-12-14T11:09:58","date_gmt":"2009-12-14T10:09:58","guid":{"rendered":"http:\/\/narty.blog.polityka.pl\/?p=174"},"modified":"2009-12-14T11:09:58","modified_gmt":"2009-12-14T10:09:58","slug":"formalnie-sezon-w-polsce-rozpoczety-ale%e2%80%a6","status":"publish","type":"post","link":"https:\/\/blog.polityka.pl\/narty\/2009\/12\/14\/formalnie-sezon-w-polsce-rozpoczety-ale%e2%80%a6\/","title":{"rendered":"Formalnie sezon w Polsce rozpocz\u0119ty, ale\u2026"},"content":{"rendered":"<p>W\u00a0 Bukowinie Tatrza\u0144skiej podczas minionego weekendu oficjalnie zainaugurowano sezon zimowy 2009\/2010 w Ma\u0142opolsce. Tyle tylko, \u017ce \u015bniegu zd\u0105\u017cy\u0142o napada\u0107 ledwie 10 cm (nawet wysoko w Tatrach jest go dopiero ok. p\u00f3\u0142 metra). A i armatki mog\u0105 pracowa\u0107 dopiero od paru dni, bo wcze\u015bniej temperatury by\u0142y za wysokie (oczywi\u015bcie, jak na polskie technologie, bo zainstalowany na austriackim Pitztalu i w szwajcarskim Zermatt tzw. Snow Maker System \u2013 kt\u00f3ry szczeg\u00f3\u0142owo opisywa\u0142em tu w pa\u017adzierniku \u2013 produkuje sztuczny \u015bnieg nawet w mocno dodatnich temperaturach).<\/p>\n<p>W praktyce wi\u0119c je\u017adzi\u0107 na nartach i desce jeszcze si\u0119 w Polsce nie da.\u00a0 Szcz\u0119\u015bliwie meteorolodzy zapowiadaj\u0105 w najbli\u017cszych dniach opady i niskie temperatury (w nocy z soboty na niedziel\u0119 obserwatorzy z Wysokog\u00f3rskiego Obserwatorium Meteorologicznego na Kasprowym Wierchu odnotowali a\u017c \u2013 17 stopni Celsjusza!). Lecz znowu: w okolicach \u015awi\u0105t ma si\u0119 ociepli\u0107. Niewykluczony jest nawet halny.<br \/>\nTak czy tak, zima si\u0119 wreszcie w Polsce chyba zacz\u0119\u0142a.<\/p>\n<p>Gospodarzem otwarcia sezonu by\u0142a stacja Rusin Ski. Dzia\u0142a dopiero od minionej zimy. Oferuje czteroosobowy wyci\u0105g krzese\u0142kowy (ok. 1000 m d\u0142ugo\u015bci) i dwa wyci\u0105gi talerzykowe (200 i 500 m). Trasy (\u0142atwe i maj\u0105ce a\u017c 150 m szeroko\u015bci) wytyczono na p\u00f3\u0142nocnym zboczu Rusi\u0144skiego Wierchu, dzi\u0119ki czemu \u015bnieg utrzymuje si\u0119 tu do p\u00f3\u017anej wiosny. Mog\u0105 by\u0107 oczywi\u015bcie do\u015bnie\u017cane i o\u015bwietlone.\u00a0 Wyci\u0105g dla pocz\u0105tkuj\u0105cych jest oddzielony od g\u0142\u00f3wnej trasy, co zwi\u0119ksza bezpiecze\u0144stwo ucz\u0105cych si\u0119 dopiero je\u017adzi\u0107. W planach Rusin Ski jest budowa kolejnych krzese\u0142ek oraz kilku wyci\u0105g\u00f3w szkoleniowych.<\/p>\n<p>W ramach inauguracji pod patronatem Ma\u0142opolskiej Organizacji Turystycznej odby\u0142o si\u0119 spotkanie po\u015bwi\u0119cone bezpiecze\u0144stwu na stokach. Wicenaczelnik TOPR (i najwi\u0119kszy ekspert od profilaktyki oraz lawin) Adam Marasek podkre\u015bla\u0142, \u017ce liczba wypadk\u00f3w stale wzrasta. Przyczyn\u0105 s\u0105 jednak nie tyle nowe technologie stosowane przy produkcji sprz\u0119tu, lecz zbytnie wiara narciarzy i snowboardzist\u00f3w w swoje umiej\u0119tno\u015bci oraz ra\u017c\u0105ce braki kondycyjne.<\/p>\n<p>Z kolei pose\u0142 Ireneusz Ra\u015b, z kt\u00f3rego inicjatywy wprowadzony ma by\u0107 nakaz, by dzieci do lat 15 je\u017adzi\u0142y na nartach i deskach w kaskach, przypomina\u0142, \u017ce stosowne zmiany prawne przeg\u0142osowa\u0142 ju\u017c nie tylko sejm, ale i senat. Aby obowi\u0105zek wszed\u0142 w \u017cycie potrzeba jedynie podpisu prezydenta, og\u0142oszenia w Dzienniku Ustaw i 30 dni tzw. vacatio legis.<\/p>\n<p>Niewykluczone zatem, \u017ce jeszcze w podczas ferii zimowych doro\u015bli sprawuj\u0105cy \u201eopiek\u0119 lub nadz\u00f3r mad ma\u0142oletnim\u201d \u2013 a wi\u0119c nie tylko rodzice, lecz r\u00f3wnie\u017c instruktorzy w szk\u00f3\u0142kach narciarskich czy nauczyciele podczas wyjazd\u00f3w szkolnych \u2013\u00a0 stan\u0105 si\u0119 odpowiedzialni za jego egzekwowanie od podopiecznych. Za niedopilnowanie przestrzegania nakazu grozi\u0142aby im bowiem kara nagany lub grzywny orzekana w trybie kodeksu wykrocze\u0144.<\/p>\n","protected":false},"excerpt":{"rendered":"<p>W\u00a0 Bukowinie Tatrza\u0144skiej podczas minionego weekendu oficjalnie zainaugurowano sezon zimowy 2009\/2010 w Ma\u0142opolsce. Tyle tylko, \u017ce \u015bniegu zd\u0105\u017cy\u0142o napada\u0107 ledwie 10 cm (nawet wysoko w Tatrach jest go dopiero ok. p\u00f3\u0142 metra). A i armatki mog\u0105 pracowa\u0107 dopiero od paru dni, bo wcze\u015bniej temperatury by\u0142y za wysokie (oczywi\u015bcie, jak na polskie technologie, bo zainstalowany na [&hellip;]<\/p>\n","protected":false},"author":1,"featured_media":0,"comment_status":"open","ping_status":"open","sticky":false,"template":"","format":"standard","meta":{"footnotes":""},"categories":[1],"tags":[],"_links":{"self":[{"href":"https:\/\/blog.polityka.pl\/narty\/wp-json\/wp\/v2\/posts\/174"}],"collection":[{"href":"https:\/\/blog.polityka.pl\/narty\/wp-json\/wp\/v2\/posts"}],"about":[{"href":"https:\/\/blog.polityka.pl\/narty\/wp-json\/wp\/v2\/types\/post"}],"author":[{"embeddable":true,"href":"https:\/\/blog.polityka.pl\/narty\/wp-json\/wp\/v2\/users\/1"}],"replies":[{"embeddable":true,"href":"https:\/\/blog.polityka.pl\/narty\/wp-json\/wp\/v2\/comments?post=174"}],"version-history":[{"count":0,"href":"https:\/\/blog.polityka.pl\/narty\/wp-json\/wp\/v2\/posts\/174\/revisions"}],"wp:attachment":[{"href":"https:\/\/blog.polityka.pl\/narty\/wp-json\/wp\/v2\/media?parent=174"}],"wp:term":[{"taxonomy":"category","embeddable":true,"href":"https:\/\/blog.polityka.pl\/narty\/wp-json\/wp\/v2\/categories?post=174"},{"taxonomy":"post_tag","embeddable":true,"href":"https:\/\/blog.polityka.pl\/narty\/wp-json\/wp\/v2\/tags?post=174"}],"curies":[{"name":"wp","href":"https:\/\/api.w.org\/{rel}","templated":true}]}}