
{"id":182,"date":"2009-12-17T09:07:03","date_gmt":"2009-12-17T08:07:03","guid":{"rendered":"http:\/\/narty.blog.polityka.pl\/?p=182"},"modified":"2009-12-17T09:07:03","modified_gmt":"2009-12-17T08:07:03","slug":"wiesci-z-zakopanego","status":"publish","type":"post","link":"https:\/\/blog.polityka.pl\/narty\/2009\/12\/17\/wiesci-z-zakopanego\/","title":{"rendered":"Wie\u015bci z Zakopanego"},"content":{"rendered":"<p>Po pierwsze, w Tatrach i na Podhalu mocno w ostatnich godzinach sypa\u0142o. Ci, kt\u00f3rym niestraszny mr\u00f3z, bez k\u0142opotu znajd\u0105 wi\u0119c w najbli\u017cszy weekend jaki\u015b stok na narty czy desk\u0119.<\/p>\n<p>Po drugie, lokalna prasa serwuje sensacyjn\u0105 wiadomo\u015b\u0107: dosz\u0142o jednak do porozumienia w sprawie wyci\u0105gu krzese\u0142kowego na Nosalu. Przypomnijmy (pisa\u0142em o tym tu w listopadzie): ot\u00f3\u017c Centralny O\u015brodek Sportu, zablokowa\u0142 w starostwie tatrza\u0144skim wniosek Centrum Narciarskiego Nosal o mo\u017cliwo\u015b\u0107 czerpania wody do na\u015bnie\u017cania g\u00f3rnej cz\u0119\u015bci tego stoku. COS ro\u015bci sobie bowiem pretensje do w\u0142asno\u015bci pobliskiego zbiornika wody, koniecznej do pracy armatek. Szefowie instalacji na Nosalu zdecydowali w tej sytuacji zamkn\u0105\u0107 do odwo\u0142ania krzes\u0142a, prowadz\u0105ce prawie na sam wierzcho\u0142ek g\u00f3ry i wywo\u017c\u0105ce dot\u0105d ch\u0119tnych na pocz\u0105tek jednego z najbardziej wymagaj\u0105cych w polskich Tatrach stok\u00f3w (650 m d\u0142ugo\u015bci przy 230 m r\u00f3\u017cnicy poziom\u00f3w oraz \u015brednim nachyleniu ponad 35 proc.). Czynne mia\u0142y by\u0107 wi\u0119c jedynie wyci\u0105gi orczykowe.<\/p>\n<p>Strony usiad\u0142y jednak do rozm\u00f3w i podpisa\u0142y umow\u0119 o wsp\u00f3\u0142pracy. Wi\u0119cej: obowi\u0105zywa\u0107 ma ona przez najbli\u017csze 3 lata. Oznacza to, \u017ce nie tylko pojawia si\u0119 szansa na uruchomienie krzese\u0142 w tym sezonie, ale mo\u017cna te\u017c zacz\u0105\u0107 my\u015ble\u0107 o unowocze\u015bnieniu kompleksu Nosala. Do\u015b\u0107 wspomnie\u0107, \u017ce kolej krzese\u0142kowa ma ju\u017c 40 lat (s\u0142u\u017cy\u0142a m.in. zawodnikom alpejskiego Pucharu Europy w l. 70 ub. stulecia). Przestarza\u0142a jest te\u017c instalacja do produkcji sztucznego \u015bniegu.<\/p>\n<p>Docelowo Nosal ma sta\u0107 si\u0119 o\u015brodkiem szkoleniowym dla narciarzy, b\u0119d\u0105cym wsp\u00f3ln\u0105 w\u0142asno\u015bci\u0105 COS, firmy Strama, a by\u0107 mo\u017ce tak\u017ce samego miasta.<\/p>\n<p>Przy okazji ciekawostka prawno-obyczajowa: w ponad 450-metrowym wyci\u0105gu na Nosalu dwie pierwsze podpory, dolna stacja oraz stok nale\u017c\u0105 do firmy Strama Teren, a pozosta\u0142e podpory i stacja g\u00f3rna kolejki \u2013 do COS. Tym lepiej, \u017ce uda\u0142o si\u0119 dogada\u0107\u2026.<\/p>\n<p>Pojawi\u0142a si\u0119 jednak, po trzecie, tak\u017ce mnie radosna informacja. Zakopia\u0144scy radni \u2013\u00a0 pod presj\u0105 lobby lokalnych przedsi\u0119biorc\u00f3w \u2013 znie\u015bli w\u0142a\u015bnie zakaz handlu alkoholem przy wyci\u0105gach narciarskich. Teraz alkoholu nie mo\u017cna sprzedawa\u0107 w Zakopanem jedynie w okolicach\u2026 ko\u015bcio\u0142\u00f3w.<\/p>\n<p>Tymczasem podpici narciarze i snowboardzi\u015bci s\u0105 na rodzimych stokach sporym problemem. Jako \u017ce zagra\u017caj\u0105 nie tylko sobie, ale i innym, wi\u0119c mo\u017ce trzeba walczy\u0107 z nimi nawet i tego rodzaju administracyjnymi restrykcjami.<\/p>\n","protected":false},"excerpt":{"rendered":"<p>Po pierwsze, w Tatrach i na Podhalu mocno w ostatnich godzinach sypa\u0142o. Ci, kt\u00f3rym niestraszny mr\u00f3z, bez k\u0142opotu znajd\u0105 wi\u0119c w najbli\u017cszy weekend jaki\u015b stok na narty czy desk\u0119. Po drugie, lokalna prasa serwuje sensacyjn\u0105 wiadomo\u015b\u0107: dosz\u0142o jednak do porozumienia w sprawie wyci\u0105gu krzese\u0142kowego na Nosalu. Przypomnijmy (pisa\u0142em o tym tu w listopadzie): ot\u00f3\u017c Centralny [&hellip;]<\/p>\n","protected":false},"author":1,"featured_media":0,"comment_status":"open","ping_status":"open","sticky":false,"template":"","format":"standard","meta":{"footnotes":""},"categories":[1],"tags":[],"_links":{"self":[{"href":"https:\/\/blog.polityka.pl\/narty\/wp-json\/wp\/v2\/posts\/182"}],"collection":[{"href":"https:\/\/blog.polityka.pl\/narty\/wp-json\/wp\/v2\/posts"}],"about":[{"href":"https:\/\/blog.polityka.pl\/narty\/wp-json\/wp\/v2\/types\/post"}],"author":[{"embeddable":true,"href":"https:\/\/blog.polityka.pl\/narty\/wp-json\/wp\/v2\/users\/1"}],"replies":[{"embeddable":true,"href":"https:\/\/blog.polityka.pl\/narty\/wp-json\/wp\/v2\/comments?post=182"}],"version-history":[{"count":0,"href":"https:\/\/blog.polityka.pl\/narty\/wp-json\/wp\/v2\/posts\/182\/revisions"}],"wp:attachment":[{"href":"https:\/\/blog.polityka.pl\/narty\/wp-json\/wp\/v2\/media?parent=182"}],"wp:term":[{"taxonomy":"category","embeddable":true,"href":"https:\/\/blog.polityka.pl\/narty\/wp-json\/wp\/v2\/categories?post=182"},{"taxonomy":"post_tag","embeddable":true,"href":"https:\/\/blog.polityka.pl\/narty\/wp-json\/wp\/v2\/tags?post=182"}],"curies":[{"name":"wp","href":"https:\/\/api.w.org\/{rel}","templated":true}]}}