
{"id":184,"date":"2009-12-21T00:31:01","date_gmt":"2009-12-20T23:31:01","guid":{"rendered":"http:\/\/narty.blog.polityka.pl\/?p=184"},"modified":"2009-12-21T07:55:56","modified_gmt":"2009-12-21T06:55:56","slug":"na-nartach-z-czarodziejskiej-gory","status":"publish","type":"post","link":"https:\/\/blog.polityka.pl\/narty\/2009\/12\/21\/na-nartach-z-czarodziejskiej-gory\/","title":{"rendered":"Na nartach z Czarodziejskiej G\u00f3ry"},"content":{"rendered":"<p><a href=\"\/wp-content\/uploads\/\/2009\/12\/schatzalp-region.jpg\"><\/a><a href=\"\/wp-content\/uploads\/\/2009\/12\/schatzalp2ws19-b252-20031001155243-w.jpg\"><\/a>Mi\u0142o\u015bnicy wielkiej powie\u015bci Tomasza Manna od minionego weekendu mog\u0105\u00a0znowu je\u017adzi\u0107 na nartach \u015bladami jej g\u0142\u00f3wnego bohatera.<\/p>\n<p>Przypomnijmy t\u0119 histori\u0119: ot\u00f3\u017c Hans Castorp pocz\u0105tkowo \u201enie mia\u0142 ambicji dor\u00f3wnywania fircykom uprawiaj\u0105cym sport dla szyku\u201d, bo uwa\u017ca\u0142, \u017ce \u201enie jest jego rzecz\u0105 harcowa\u0107, jak tamci, po g\u00f3rach i tarza\u0107 si\u0119 po \u015bniegu jak g\u0142upiec\u201d. W ko\u0144cu jednak znudzi\u0142o mu si\u0119 rytualne w przeciwgru\u017aliczym sanatorium mierzenie temperatury i le\u017cakowanie na tarasie pod pledami z wielb\u0142\u0105dziej we\u0142ny oraz prowadzenie r\u00f3wnie rytualnych gier towarzyskich i flirt\u00f3w czy te\u017c dyskusji o naturze ludzko\u015bci i cz\u0142owieka.<br \/>\nI cho\u0107 uprawianie narciarstwa tak\u017ce by\u0142o ju\u017c wtedy w Davos rodzajem rytua\u0142u, Castorp \u201enaby\u0142 par\u0119 eleganckich nart, wylakierowanych na jasnobr\u0105zowy kolor, z dobrego jesionowego drzewa, z doskona\u0142ymi rzemieniami, na przedzie zaostrzonych i wygi\u0119tych\u201d. Jak na ambitnego m\u0142odzie\u0144ca przysta\u0142o, od pocz\u0105tku \u201eusi\u0142owa\u0142 trzyma\u0107 nogi \u0142adnie obok siebie i zostawa\u0107 za sob\u0105 r\u00f3wnoleg\u0142e \u015blady\u201d. A po niespe\u0142na dwudziestu pr\u00f3bach \u201eju\u017c si\u0119 nie przewraca\u0142, gdy w pe\u0142nym biegu hamowa\u0142 telemarkiem, wysun\u0105wszy jedn\u0105 nog\u0119 naprz\u00f3d, a drug\u0105 zgi\u0105wszy w kolanie\u201d.<\/p>\n<p>To w\u0142a\u015bnie m.in. dzi\u0119ki \u201eCzarodziejskiej g\u00f3rze\u201d, powie\u015bciowemu arcydzie\u0142u XX wieku, szwajcarskie Davos sta\u0142o si\u0119 znane na ca\u0142ym \u015bwiecie i przez dziesi\u0119ciolecia uchodzi\u0142o za najs\u0142awniejsze (i nader snobistyczne) g\u00f3rskie uzdrowisko Europy. Zw\u0142aszcza, \u017ce jego walory propagowali te\u017c chocia\u017cby Robert Louis Stevenson i Arthur Conan Doyle (kreator postaci Sherlocka Holmesa ju\u017c w 1899 r. opisywa\u0142 zalety jazdy na nartach w tym szwajcarskim kurorcie).<\/p>\n<p>Od soboty mi\u0142o\u015bnicy powie\u015bci Tomasza Manna mog\u0105 poje\u017adzi\u0107 w Davos na nartach czy desce w tym samym miejscu, w kt\u00f3rym robi\u0142 to jej g\u0142\u00f3wny bohater. Po kilku latach przerwy otwarte zosta\u0142y bowiem trasy zjazdowe w regionie Strela-Schatzalp, po\u0142o\u017conym w pobli\u017cu rezydencji Schatzalp, kt\u00f3ra prawdopodobnie by\u0142a miejscem\u00a0 akcji\u00a0 \u201eCzarodziejskiej g\u00f3ry\u201d(prawdopodobnie, bo s\u0105 i tacy, kt\u00f3rzy utrzymuj\u0105, \u017ce rzeczywist\u0105 aren\u0105 powie\u015bci by\u0142 po\u0142o\u017cony nieco ni\u017cej Waldhotel, w kt\u00f3rym Tomasz Mann mieszka\u0142 w 1912 r.).<\/p>\n<p><a href=\"\/wp-content\/uploads\/\/2009\/12\/schatzalp-region.jpg\"><img loading=\"lazy\" decoding=\"async\" class=\"alignnone size-full wp-image-185\" title=\"schatzalp-region\" src=\"\/wp-content\/uploads\/\/2009\/12\/schatzalp-region.jpg\" alt=\"\" width=\"320\" height=\"232\" srcset=\"\/narty\/wp-content\/uploads\/2009\/12\/schatzalp-region.jpg 320w, \/narty\/wp-content\/uploads\/2009\/12\/schatzalp-region-300x217.jpg 300w\" sizes=\"(max-width: 320px) 100vw, 320px\" \/><\/a>\u00a0<em>Niegdy\u015b sanatorium, a dzi\u015b hotel Schatzalp i nale\u017c\u0105ce do\u0144 stoki zjazdowe<\/em><\/p>\n<p>Sam Schatzalp, kiedy\u015b sanatorium, a dzi\u015b luksusowy hotel, to neoklasycystyczny budynek (z balkonami na wszystkich pi\u0119trach po\u0142udniowo-zachodniej, s\u0142onecznej elewacji) po\u0142o\u017cony 300 m powy\u017cej samego Davos, a tu\u017c poni\u017cej g\u00f3rnej granicy las\u00f3w.<\/p>\n<p>Nale\u017c\u0105ce do hotelu tereny narciarskie si\u0119gaj\u0105 2500 m n.p.m. Obejmuj\u0105 dwie trasy (niebieska i czerwona o d\u0142ugo\u015bci 3,4 i 1, 9 km) oraz \u201ewysokoalpejski\u201d, nieprzygotowywany ratrakami zjazd nazywany Variante Guggerbacht\u00e4li. Zalet\u0105 obszaru ma by\u0107 mo\u017cliwo\u015b\u0107 jazdy \u2013 dzi\u0119ki jego wysoko\u015bci i mikroklimatowi \u2013 wy\u0142\u0105cznie po naturalnym \u015bniegu. Ca\u0142y region odwo\u0142uje si\u0119 do modnej teraz idei \u201eslow\u201c (mountain, food itd.), czyli ekologii i powrotu do natury.<br \/>\nObszar obs\u0142ugiwany jest przez kolej Standseilbahn, wywo\u017c\u0105ca go\u015bci z centrum Davos do Schatzalp, wyci\u0105g krzese\u0142kowy Schatzalp-Strelaberg oraz dwa odnowione orczyki na wysoko\u015bci 2400-2500 m n. p.m.<\/p>\n<p><a href=\"\/wp-content\/uploads\/\/2009\/12\/schatzalp2ws19-b252-20031001155243-w.jpg\"><img decoding=\"async\" class=\"alignnone size-full wp-image-186\" title=\"schatzalp2ws19-b252-20031001155243-w\" src=\"\/wp-content\/uploads\/\/2009\/12\/schatzalp2ws19-b252-20031001155243-w.jpg\" alt=\"\" \/><\/a>\u00a0<em>Jeden z orczyk\u00f3w na Strelaberg<\/em><\/p>\n<p>O ekskluzywno\u015bci jazdy w okolicach Schatzalp \u015bwiadczy i to, \u017ce nie obowi\u0105zuj\u0105 tam karnety funkcjonuj\u0105ce w pozosta\u0142ych 5 obszarach Davos-Klosters Mountains. By korzysta\u0107 z tzw. Privat-Skigebiet SlowMountain Schatzalp trzeba kupi\u0107 osobny bilet: doros\u0142ego dzie\u0144 jazdy kosztuje 30 frank\u00f3w (podczas weekendu \u2013 35), m\u0142odzie\u017c (mi\u0119dzy 12 a 17 rokiem \u017cycia) \u2013 20 CHF (w weekendy \u2013 25 CHF), a dzieci od 6 do 11 roku \u017cycia \u2013 10 CHF (w weekendy \u2013 15 CHF).<\/p>\n<p>Ale mo\u017ce cho\u0107 raz warto wybra\u0107 si\u0119 na narty \u015bladami samego Hansa Castorpa.<\/p>\n","protected":false},"excerpt":{"rendered":"<p>Mi\u0142o\u015bnicy wielkiej powie\u015bci Tomasza Manna od minionego weekendu mog\u0105\u00a0znowu je\u017adzi\u0107 na nartach \u015bladami jej g\u0142\u00f3wnego bohatera. Przypomnijmy t\u0119 histori\u0119: ot\u00f3\u017c Hans Castorp pocz\u0105tkowo \u201enie mia\u0142 ambicji dor\u00f3wnywania fircykom uprawiaj\u0105cym sport dla szyku\u201d, bo uwa\u017ca\u0142, \u017ce \u201enie jest jego rzecz\u0105 harcowa\u0107, jak tamci, po g\u00f3rach i tarza\u0107 si\u0119 po \u015bniegu jak g\u0142upiec\u201d. W ko\u0144cu jednak znudzi\u0142o [&hellip;]<\/p>\n","protected":false},"author":1,"featured_media":0,"comment_status":"open","ping_status":"open","sticky":false,"template":"","format":"standard","meta":{"footnotes":""},"categories":[1],"tags":[],"_links":{"self":[{"href":"https:\/\/blog.polityka.pl\/narty\/wp-json\/wp\/v2\/posts\/184"}],"collection":[{"href":"https:\/\/blog.polityka.pl\/narty\/wp-json\/wp\/v2\/posts"}],"about":[{"href":"https:\/\/blog.polityka.pl\/narty\/wp-json\/wp\/v2\/types\/post"}],"author":[{"embeddable":true,"href":"https:\/\/blog.polityka.pl\/narty\/wp-json\/wp\/v2\/users\/1"}],"replies":[{"embeddable":true,"href":"https:\/\/blog.polityka.pl\/narty\/wp-json\/wp\/v2\/comments?post=184"}],"version-history":[{"count":0,"href":"https:\/\/blog.polityka.pl\/narty\/wp-json\/wp\/v2\/posts\/184\/revisions"}],"wp:attachment":[{"href":"https:\/\/blog.polityka.pl\/narty\/wp-json\/wp\/v2\/media?parent=184"}],"wp:term":[{"taxonomy":"category","embeddable":true,"href":"https:\/\/blog.polityka.pl\/narty\/wp-json\/wp\/v2\/categories?post=184"},{"taxonomy":"post_tag","embeddable":true,"href":"https:\/\/blog.polityka.pl\/narty\/wp-json\/wp\/v2\/tags?post=184"}],"curies":[{"name":"wp","href":"https:\/\/api.w.org\/{rel}","templated":true}]}}