
{"id":187,"date":"2009-12-19T08:33:16","date_gmt":"2009-12-19T07:33:16","guid":{"rendered":"http:\/\/narty.blog.polityka.pl\/?p=187"},"modified":"2009-12-19T09:09:12","modified_gmt":"2009-12-19T08:09:12","slug":"pierwszy-polski-zimowy-weekend","status":"publish","type":"post","link":"https:\/\/blog.polityka.pl\/narty\/2009\/12\/19\/pierwszy-polski-zimowy-weekend\/","title":{"rendered":"Pierwszy zimowy weekend"},"content":{"rendered":"<p>Dzi\u0119ki ostatnim opadom, ale przed wszystkim niskim temperaturom, pozwalaj\u0105cym na sztuczne do\u015bnie\u017cenie stok\u00f3w, mog\u0105 wreszcie ruszy\u0107 wyci\u0105gi w Tatrach i na Podhalu. Ale te\u017c\u00a0w Czechach.<\/p>\n<p>Podczas tego weekendu mo\u017cna wi\u0119c jecha\u0107 na narty i desk\u0119 do Dw\u00f3ch Dolin Muszyna-Wierchomla, gdzie na trasach jest ponad 30 cm \u015bniegu. Podobnie jest na nieodleg\u0142ej Jaworzynie Krynickiej.<\/p>\n<p>W Bukowinie Tatrza\u0144skiej sezon rozpocznie stacja Rusin Ski (to tam tydzie\u0144 temu odby\u0142a si\u0119 oficjalna inauguracja zimy 2009\/2010 w Ma\u0142opolsce, tyle \u017ce wtedy\u2026 nie by\u0142o jeszcze \u015bniegu). W Bia\u0142ce Tatrza\u0144skiej dzia\u0142aj\u0105 ju\u017c wyci\u0105gi na Kotelnicy, Bani i w Kani\u00f3wce.<\/p>\n<p>W Zakopanem uruchomione by\u0107 maj\u0105 orczyki pod Nosalem i kolej na Polanie Szymoszkowej.<br \/>\nDzia\u0142a\u0107 te\u017c ma kolej krzese\u0142kowa w Witowie (jest tam ok. p\u00f3\u0142 metra g\u0142\u00f3wnie sztucznego \u015bniegu).<\/p>\n<p>A do Radia Opole zza po\u0142udniowej granicy zadzwoni\u0142 w pi\u0105tek burmistrz Zlatych Hor i zaprosi\u0142 polskich narciarzy i snowboardzistow na czeskie stoki. To si\u0119 nazywa inicjatywa!<\/p>\n<p>Meteorolodzy zapowiadaj\u0105 jednak, \u017ce w po\u0142owie przysz\u0142ego tygodnia silnie si\u0119 ociepli (do plus 5 stopni Celsjusza) i mo\u017ce pada\u0107 deszcz. I to w\u0142a\u015bnie on mo\u017ce by\u0107 najwi\u0119kszym wrogiem zgromadzonego na trasach \u015bniegu. Ale najwa\u017cniejsze, \u017ce pierwszy podk\u0142ad ju\u017c jest.<\/p>\n","protected":false},"excerpt":{"rendered":"<p>Dzi\u0119ki ostatnim opadom, ale przed wszystkim niskim temperaturom, pozwalaj\u0105cym na sztuczne do\u015bnie\u017cenie stok\u00f3w, mog\u0105 wreszcie ruszy\u0107 wyci\u0105gi w Tatrach i na Podhalu. Ale te\u017c\u00a0w Czechach. Podczas tego weekendu mo\u017cna wi\u0119c jecha\u0107 na narty i desk\u0119 do Dw\u00f3ch Dolin Muszyna-Wierchomla, gdzie na trasach jest ponad 30 cm \u015bniegu. Podobnie jest na nieodleg\u0142ej Jaworzynie Krynickiej. W Bukowinie [&hellip;]<\/p>\n","protected":false},"author":1,"featured_media":0,"comment_status":"open","ping_status":"open","sticky":false,"template":"","format":"standard","meta":{"footnotes":""},"categories":[1],"tags":[],"_links":{"self":[{"href":"https:\/\/blog.polityka.pl\/narty\/wp-json\/wp\/v2\/posts\/187"}],"collection":[{"href":"https:\/\/blog.polityka.pl\/narty\/wp-json\/wp\/v2\/posts"}],"about":[{"href":"https:\/\/blog.polityka.pl\/narty\/wp-json\/wp\/v2\/types\/post"}],"author":[{"embeddable":true,"href":"https:\/\/blog.polityka.pl\/narty\/wp-json\/wp\/v2\/users\/1"}],"replies":[{"embeddable":true,"href":"https:\/\/blog.polityka.pl\/narty\/wp-json\/wp\/v2\/comments?post=187"}],"version-history":[{"count":0,"href":"https:\/\/blog.polityka.pl\/narty\/wp-json\/wp\/v2\/posts\/187\/revisions"}],"wp:attachment":[{"href":"https:\/\/blog.polityka.pl\/narty\/wp-json\/wp\/v2\/media?parent=187"}],"wp:term":[{"taxonomy":"category","embeddable":true,"href":"https:\/\/blog.polityka.pl\/narty\/wp-json\/wp\/v2\/categories?post=187"},{"taxonomy":"post_tag","embeddable":true,"href":"https:\/\/blog.polityka.pl\/narty\/wp-json\/wp\/v2\/tags?post=187"}],"curies":[{"name":"wp","href":"https:\/\/api.w.org\/{rel}","templated":true}]}}