
{"id":188,"date":"2009-12-28T00:19:34","date_gmt":"2009-12-27T23:19:34","guid":{"rendered":"http:\/\/narty.blog.polityka.pl\/?p=188"},"modified":"2009-12-28T07:48:12","modified_gmt":"2009-12-28T06:48:12","slug":"mniej-anglikow-i-niemcow-wiecej-polakow","status":"publish","type":"post","link":"https:\/\/blog.polityka.pl\/narty\/2009\/12\/28\/mniej-anglikow-i-niemcow-wiecej-polakow\/","title":{"rendered":"Mniej Anglik\u00f3w i Niemc\u00f3w, wi\u0119cej Polak\u00f3w"},"content":{"rendered":"<p>\u2013 tak\u0105 prognoz\u0119 na sezon zimowy 2009\/2010 podzielaj\u0105 specjali\u015bci od turystycznego biznesu czo\u0142owych kraj\u00f3w alpejskich. Wprawdzie jeszcze w \u015awi\u0119ta i Nowy Rok Alpy tradycyjnie zala\u0142a fala go\u015bci z Wielkiej Brytanii, ale p\u00f3\u017aniej to nie oni b\u0119d\u0105 kr\u00f3lowa\u0107 na stokach i w restauracjach.<\/p>\n<p>Ju\u017c minionej zimy na stokach Austrii, Francji Szwajcarii i W\u0142och by\u0142o wyra\u017anie mniej ni\u017c dot\u0105d go\u015bci z Wysp i \u2013 generalnie \u2013 z Europy Zachodniej. Wci\u0105\u017c przybywa za to tych z Europy \u015arodkowej.<br \/>\nPrzyk\u0142adowo, francuskie SNTF (stowarzyszenie grupuj\u0105ce w\u0142a\u015bcicieli wyci\u0105g\u00f3w) obliczy\u0142o, \u017ce w por\u00f3wnaniu do sezonu 2007\/2008 udzia\u0142 przybyszy z Wielkiej Brytanii skurczy\u0142 si\u0119 w ostatnim sezonie z 24 do 21 proc. Wprawdzie specyfik\u0105 tamtejszego rynku jest to, \u017ce ok. 75 proc. narciarzy i snowboardzist\u00f3w stanowi\u0105 sami Francuzi, lecz w najwi\u0119kszych i najs\u0142ynniejszych o\u015brodkach prawie po\u0142owa go\u015bci pochodzi jednak z zagranicy \u2013 w tym, jak dot\u0105d, w sporej (i to tej zamo\u017cniejszej) cz\u0119\u015bci w\u0142a\u015bnie z Wielkiej Brytanii. Nawet kilka procent mniej narciarzy z Wysp oznacza wi\u0119c spore k\u0142opoty dla takich stacji.<\/p>\n<p>Do\u015b\u0107 powiedzie\u0107, \u017ce na alarm zacz\u0119\u0142o bi\u0107 nawet s\u0142ynne Chamonix. Tamtejsi hotelarze skar\u017cyli si\u0119, \u017ce mieli ok. 15 proc mniej rezerwacji. Wp\u0142ywy restaurator\u00f3w spad\u0142y natomiast a\u017c o 30 proc. A przecie\u017c sezon 2008\/2009 pod wzgl\u0119dem \u015bniegowym by\u0142 wy\u015bmienity \u2013 we francuskich stacjach wyci\u0105gi kursowa\u0142y \u015brednio a\u017c 117 dni (podczas gdy cho\u0107by w sezonie 2007\/08 tylko 111 dni).<\/p>\n<p>Podobne tendencje co do fluktuacji go\u015bci sygnalizuj\u0105 spece od turystyki zimowej z Austrii. Esther Wilhelm z Tyrolskiej Organizacji Turystycznej przyzna\u0142a podczas niedawnej wizyty w Krakowie, \u017ce w rezultacie kryzysu spodziewa si\u0119 spadku liczby rezerwacji z Irlandii oraz Wielkiej Brytanii i Stan\u00f3w Zjednoczonych (w tych ostatnich przypadkach swoje robi\u0105 tak\u017ce relacje kurs\u00f3w mi\u0119dzy euro a funtem i dolarem). Liczy za to na narciarzy i snowboardzist\u00f3w z Polski oraz z Czech i z Rumunii.<\/p>\n<p>Trendy s\u0105 wyra\u017ane: w sezonie 2008\/2009 do Tyrolu przyjecha\u0142o minionej zimy 86 tys. polskich narciarzy i snowboardzist\u00f3w \u2013 czyli o ponad 8 tys. wi\u0119cej ni\u017c rok wcze\u015bniej. Wykupili oni \u0142\u0105cznie a\u017c 530 tys. nocleg\u00f3w (o 14 proc. wi\u0119cej ni\u017c zim\u0105 2007\/2008). Tyrol jest zreszt\u0105 w ostatnich latach najch\u0119tniej odwiedzanym przez Polak\u00f3w regionem w Austrii: od 2002 roku liczba nocleg\u00f3w wykupionych przez go\u015bci z Polski wzros\u0142a niemal o 100 proc.<\/p>\n<p>Wi\u0119kszy wzrost odnotowano jedynie w\u0142a\u015bnie w przypadku Rumun\u00f3w (ostatniej zimy wykupili o 40 proc. nocleg\u00f3w wi\u0119cej ni\u017c w okresie 2007\/2008) oraz Czech\u00f3w (20 proc.) i S\u0142owak\u00f3w (19 proc.). Warto jednak pami\u0119ta\u0107, \u017ce statystyka ta dotyczy dynamiki wzrostu, a nie liczb bezwzgl\u0119dnych go\u015bci z poszczeg\u00f3lnych kraj\u00f3w. W efekcie najpowa\u017cniejszymi partnerami Tyrolczyk\u00f3w z Europy \u015arodkowej s\u0105 Polacy i Czesi, kt\u00f3rzy kupili 440 tys. nocleg\u00f3w (dla por\u00f3wnania: Rumunii wykupili 200 tys., a S\u0142owacy 70 tys. nocleg\u00f3w).<br \/>\nOg\u00f3\u0142em za\u015b tyrolscy hotelarze i w\u0142a\u015bciciele apartament\u00f3w w sezonie zimowym 2008\/2009 sprzedali ok. 25,5 miliona nocleg\u00f3w (o 0,3% mniej w por\u00f3wnaniu do zimy 2007\/2008).<\/p>\n<p>Ale naturalnie Brytyjczycy nie zaniechali podboju Alp. Cho\u0107 \u2013 o czym ju\u017c tu wspomina\u0142em \u2013 w tym sezonie zlikwidowano Snow Train (czyli legendarny sk\u0142ad, kt\u00f3rym w ci\u0105gu nocy mo\u017cna by\u0142o za niespe\u0142na 150 funt\u00f3w dosta\u0107 si\u0119 z Londynu w serce francuskich Alp), to z Wysp do najlepszych stacji narciarskich kursowa\u0107 b\u0119dzie nadal kilka innych wygodnych poci\u0105g\u00f3w, o tanich liniach lotniczych nie wspominaj\u0105c.<\/p>\n<p>Nie bez powodu te\u017c brytyjski konsulat w Lionie rozpocz\u0105\u0142 kilka dni temu wielk\u0105 akcj\u0119, maj\u0105c\u0105 zmniejszy\u0107 liczb\u0119 wypadk\u00f3w swoich rodak\u00f3w uprawiaj\u0105cych narciarstwo lub snowboard na francuskich stokach. Chodzi zar\u00f3wno o niedostatki techniki czy kondycji, jak brawur\u0119 i nader cz\u0119st\u0105 jazd\u0119 po alkoholu. Szerzej o tej inicjatywie \u2013 nast\u0119pnym razem.<\/p>\n","protected":false},"excerpt":{"rendered":"<p>\u2013 tak\u0105 prognoz\u0119 na sezon zimowy 2009\/2010 podzielaj\u0105 specjali\u015bci od turystycznego biznesu czo\u0142owych kraj\u00f3w alpejskich. Wprawdzie jeszcze w \u015awi\u0119ta i Nowy Rok Alpy tradycyjnie zala\u0142a fala go\u015bci z Wielkiej Brytanii, ale p\u00f3\u017aniej to nie oni b\u0119d\u0105 kr\u00f3lowa\u0107 na stokach i w restauracjach. Ju\u017c minionej zimy na stokach Austrii, Francji Szwajcarii i W\u0142och by\u0142o wyra\u017anie mniej [&hellip;]<\/p>\n","protected":false},"author":1,"featured_media":0,"comment_status":"open","ping_status":"open","sticky":false,"template":"","format":"standard","meta":{"footnotes":""},"categories":[1],"tags":[],"_links":{"self":[{"href":"https:\/\/blog.polityka.pl\/narty\/wp-json\/wp\/v2\/posts\/188"}],"collection":[{"href":"https:\/\/blog.polityka.pl\/narty\/wp-json\/wp\/v2\/posts"}],"about":[{"href":"https:\/\/blog.polityka.pl\/narty\/wp-json\/wp\/v2\/types\/post"}],"author":[{"embeddable":true,"href":"https:\/\/blog.polityka.pl\/narty\/wp-json\/wp\/v2\/users\/1"}],"replies":[{"embeddable":true,"href":"https:\/\/blog.polityka.pl\/narty\/wp-json\/wp\/v2\/comments?post=188"}],"version-history":[{"count":0,"href":"https:\/\/blog.polityka.pl\/narty\/wp-json\/wp\/v2\/posts\/188\/revisions"}],"wp:attachment":[{"href":"https:\/\/blog.polityka.pl\/narty\/wp-json\/wp\/v2\/media?parent=188"}],"wp:term":[{"taxonomy":"category","embeddable":true,"href":"https:\/\/blog.polityka.pl\/narty\/wp-json\/wp\/v2\/categories?post=188"},{"taxonomy":"post_tag","embeddable":true,"href":"https:\/\/blog.polityka.pl\/narty\/wp-json\/wp\/v2\/tags?post=188"}],"curies":[{"name":"wp","href":"https:\/\/api.w.org\/{rel}","templated":true}]}}