
{"id":189,"date":"2009-12-30T00:12:36","date_gmt":"2009-12-29T23:12:36","guid":{"rendered":"http:\/\/narty.blog.polityka.pl\/?p=189"},"modified":"2009-12-30T10:36:38","modified_gmt":"2009-12-30T09:36:38","slug":"rzad-brytyjski-w-trosce-o-narciarzy","status":"publish","type":"post","link":"https:\/\/blog.polityka.pl\/narty\/2009\/12\/30\/rzad-brytyjski-w-trosce-o-narciarzy\/","title":{"rendered":"Rz\u0105d (brytyjski) w trosce o narciarzy"},"content":{"rendered":"<p><a href=\"\/wp-content\/uploads\/\/2009\/12\/british.jpg\"><\/a>Konsulat Wielkiej Brytanii w Lyonie rozpocz\u0105\u0142 w\u0142a\u015bnie wielk\u0105 kampani\u0119 maj\u0105c\u0105 pom\u00f3c turystom z Wielkiej Brytanii w bezpiecznym sp\u0119dzaniu zimowych wakacji.<\/p>\n<p>Terenem dzia\u0142alno\u015bci konsulatu s\u0105 departamenty Sabaudii, G\u00f3rnej Sabaudii i Isery, w kt\u00f3rych po\u0142o\u017cone s\u0105 s\u0142ynne na ca\u0142ym \u015bwiecie \u2013 a wi\u0119c popularne tak\u017ce w\u015br\u00f3d narciarzy i snowboardzist\u00f3w z Wielkiej Brytanii \u2013francuskie kurorty zimowe. Mowa cho\u0107by o Chamonix, stacjach Trzech Dolin (Val Thorens, Meribel, Courchevel i Les Menuires), regionu Espace Killy (Tignes i Val d\u2019Isere), La Plagne i Les Arcs, Val Morel, Les 2 Alpes i La Grave czy Alpe d\u2019Huez. Prognozy sugeruj\u0105 wprawdzie, \u017ce w efekcie kryzysu ekonomicznego w najbli\u017cszym sezonie przyjedzie we francuskie Alpy du\u017co mniej go\u015bci z Wysp ni\u017c dot\u0105d, ale mimo to szacuje si\u0119, i\u017c b\u0119dzie ich ok. 700 tys.<\/p>\n<p>Statystyki wykazuj\u0105, \u017ce najpowa\u017cniejsze \u2013 ze \u015bmiertelnymi w\u0142\u0105cznie \u2013 wypadki brytyjskich narciarzy i snowboardzist\u00f3w by\u0142y udzia\u0142em ludzi m\u0142odych \u2013 w tym uczestnik\u00f3w wyjazd\u00f3w organizowanych przez kluby narciarskie. Ofiary wybiera\u0142y si\u0119 zwykle w wysokie g\u00f3ry po spo\u017cyciu alkoholu, nie bior\u0105c pod uwag\u0119 s\u0142abszej wtedy kondycji oraz niskich temperatur i ci\u015bnienia panuj\u0105cego powy\u017cej 2500 m n.p.m. Wedle bada\u0144 z 2005 r. problemy powsta\u0142e z po\u0142\u0105czenia adrenaliny, alkoholu i warunk\u00f3w wysokog\u00f3rskich mia\u0142a a\u017c 1\/3 narciarzy i snowboardzist\u00f3w poni\u017cej 25 roku \u017cycia.<\/p>\n<p><a href=\"\/wp-content\/uploads\/\/2009\/12\/british.jpg\"><img loading=\"lazy\" decoding=\"async\" class=\"alignnone size-full wp-image-190\" title=\"british\" src=\"\/wp-content\/uploads\/\/2009\/12\/british.jpg\" alt=\"\" width=\"180\" height=\"180\" srcset=\"\/narty\/wp-content\/uploads\/2009\/12\/british.jpg 180w, \/narty\/wp-content\/uploads\/2009\/12\/british-150x150.jpg 150w\" sizes=\"(max-width: 180px) 100vw, 180px\" \/><\/a>\u00a0<em>Anglik w Val d&#8217;Isere\u00a0<\/em><\/p>\n<p>Kampania polega\u0107 ma na rozlepieniu w stacjach zimowych oraz na dworcach kolejowych i lotniskach do nich prowadz\u0105cych plakat\u00f3w informuj\u0105cych o zagro\u017ceniach wynikaj\u0105cych z picia alkoholu podczas jazdy na nartach b\u0105d\u017a snowboardzie. B\u0119d\u0105 te\u017c zach\u0119ca\u0107 do wykupywania specjalnych polis ubezpieczeniowych, obejmuj\u0105cych najszerszy zakres us\u0142ug ratowniczych, ale te\u017c przypomina\u0107, \u017ce ubezpieczenie przestaje by\u0107 wa\u017cne, je\u015bli przyczyn\u0105 wypadku by\u0142 alkohol. Pomys\u0142odawcy akcji zapowiadaj\u0105, \u017ce formu\u0142uj\u0105c ostrze\u017cenia wykorzystaj\u0105 \u201ebrytyjskie poczucie humoru\u201d.<\/p>\n<p>Inicjatyw\u0119 brytyjskiego rz\u0105du zdecydowali si\u0119 wesprze\u0107 tamtejsi touroperatorzy, linie lotnicze oraz\u2026 w\u0142adze francuskie. Podobne kampanie maj\u0105 te\u017c ruszy\u0107 mi\u0119dzy \u015awi\u0119tami Bo\u017cego Narodzenia a Nowym Rokiem w popularnych w\u015br\u00f3d Brytyjczyk\u00f3w stacjach Austrii, Szwajcarii i W\u0142och.<\/p>\n<p>R\u00f3wnocze\u015bnie obserwuj\u0105c narciarzy i snowboardzist\u00f3w je\u017cd\u017c\u0105cych w Alpach \u0142atwo zauwa\u017cy\u0107, \u017ce to w\u0142a\u015bnie Brytyjczycy nale\u017c\u0105 do najlepiej wyekwipowanych chocia\u017cby w sprz\u0119t lawinowy. W samej Wielkiej Brytanii nader popularne s\u0105 r\u00f3wnie\u017c rozmaite kursy zachowania si\u0119 w g\u00f3rach, po\u015bwi\u0119cone temu strony internetowe itd. To pokazuje r\u00f3\u017cnice mentalno\u015bci i \u015bwiadomo\u015bci w\u015br\u00f3d przedstawicieli narodu Albionu.<\/p>\n","protected":false},"excerpt":{"rendered":"<p>Konsulat Wielkiej Brytanii w Lyonie rozpocz\u0105\u0142 w\u0142a\u015bnie wielk\u0105 kampani\u0119 maj\u0105c\u0105 pom\u00f3c turystom z Wielkiej Brytanii w bezpiecznym sp\u0119dzaniu zimowych wakacji. Terenem dzia\u0142alno\u015bci konsulatu s\u0105 departamenty Sabaudii, G\u00f3rnej Sabaudii i Isery, w kt\u00f3rych po\u0142o\u017cone s\u0105 s\u0142ynne na ca\u0142ym \u015bwiecie \u2013 a wi\u0119c popularne tak\u017ce w\u015br\u00f3d narciarzy i snowboardzist\u00f3w z Wielkiej Brytanii \u2013francuskie kurorty zimowe. Mowa cho\u0107by [&hellip;]<\/p>\n","protected":false},"author":1,"featured_media":0,"comment_status":"open","ping_status":"open","sticky":false,"template":"","format":"standard","meta":{"footnotes":""},"categories":[1],"tags":[],"_links":{"self":[{"href":"https:\/\/blog.polityka.pl\/narty\/wp-json\/wp\/v2\/posts\/189"}],"collection":[{"href":"https:\/\/blog.polityka.pl\/narty\/wp-json\/wp\/v2\/posts"}],"about":[{"href":"https:\/\/blog.polityka.pl\/narty\/wp-json\/wp\/v2\/types\/post"}],"author":[{"embeddable":true,"href":"https:\/\/blog.polityka.pl\/narty\/wp-json\/wp\/v2\/users\/1"}],"replies":[{"embeddable":true,"href":"https:\/\/blog.polityka.pl\/narty\/wp-json\/wp\/v2\/comments?post=189"}],"version-history":[{"count":0,"href":"https:\/\/blog.polityka.pl\/narty\/wp-json\/wp\/v2\/posts\/189\/revisions"}],"wp:attachment":[{"href":"https:\/\/blog.polityka.pl\/narty\/wp-json\/wp\/v2\/media?parent=189"}],"wp:term":[{"taxonomy":"category","embeddable":true,"href":"https:\/\/blog.polityka.pl\/narty\/wp-json\/wp\/v2\/categories?post=189"},{"taxonomy":"post_tag","embeddable":true,"href":"https:\/\/blog.polityka.pl\/narty\/wp-json\/wp\/v2\/tags?post=189"}],"curies":[{"name":"wp","href":"https:\/\/api.w.org\/{rel}","templated":true}]}}