
{"id":191,"date":"2010-01-03T10:36:31","date_gmt":"2010-01-03T09:36:31","guid":{"rendered":"http:\/\/narty.blog.polityka.pl\/?p=191"},"modified":"2010-01-03T10:37:02","modified_gmt":"2010-01-03T09:37:02","slug":"raport-z-lawin","status":"publish","type":"post","link":"https:\/\/blog.polityka.pl\/narty\/2010\/01\/03\/raport-z-lawin\/","title":{"rendered":"Raport z lawin"},"content":{"rendered":"<p><a href=\"\/wp-content\/uploads\/\/2010\/01\/lawinisko-22031p.jpg\"><\/a><a href=\"\/wp-content\/uploads\/\/2010\/01\/lawiny-chamonix22023p.jpg\"><\/a><a href=\"\/wp-content\/uploads\/\/2010\/01\/lawiny-22027p1.jpg\"><\/a><a href=\"\/wp-content\/uploads\/\/2010\/01\/lawinaerosol_foret_petite.jpg\"><\/a>Powa\u017cany przez mi\u0142o\u015bnik\u00f3w jazdy poza trasami i skitouringu portal <a href=\"http:\/\/pistehors.com\" target=\"_blank\">PisteHors.com\u00a0<\/a>og\u0142osi\u0142 w\u0142a\u015bnie sw\u00f3j doroczny raport o lawinach w sezonie 2008\/2009. Analiza dotyczy Alp francuskch, ale zasadnicze wnioski dotycz\u0105 wszystkich region\u00f3w i ka\u017cdego narciarza czy snowboardzisty.<\/p>\n<p>W minionym sezonie w Alpach francuskich w 69 zanotowanych lawinach zgin\u0119\u0142o 35 os\u00f3b. Znacznie przewy\u017csza to \u015bredni\u0105, kt\u00f3ra w ostatnich 20 latach wynosi 19 ofiar \u015bmiertelnych w sezonie. Oczywi\u015bcie, znaczenie mog\u0142a mie\u0107 obfita w opady i d\u0142u\u017csza ni\u017c zwykle zima.<\/p>\n<p><a href=\"\/wp-content\/uploads\/\/2010\/01\/lawiny-chamonix22023p.jpg\"><img loading=\"lazy\" decoding=\"async\" class=\"alignnone size-medium wp-image-193\" title=\"lawiny-chamonix22023p\" src=\"\/wp-content\/uploads\/\/2010\/01\/lawiny-chamonix22023p.jpg\" alt=\"\" width=\"165\" height=\"110\" \/><\/a>\u00a0<em>Dolina Chamonix, lawina ze \u015bwie\u017co spad\u0142ego \u015bniegu <\/em><\/p>\n<p>Co ciekawe: od kilku lat wi\u0119kszo\u015b\u0107 ofiar lawin to nie freeridowcy czy je\u017cd\u017c\u0105cy poza trasami snowboardzi\u015bci, lecz narciarze skitourowi oraz tury\u015bci chodz\u0105cy po g\u00f3rach na rakietach. Znamienne, \u017ce niekt\u00f3rzy uchodzili za do\u015bwiadczonych i obytych z g\u00f3rami. Ba, byli w\u015br\u00f3d nich licencjonowani przewodnicy (sk\u0105din\u0105d w ostatnich kilku latach w lawinach zgin\u0119\u0142o a\u017c 11 francuskich przewodnik\u00f3w!).<br \/>\nR\u00f3wnocze\u015bnie w\u0142a\u015bnie narciarze skitourowi s\u0105 o wiele lepiej wyposa\u017ceni w sprz\u0119t lawinowy (tzw. pipsy, sondy i \u0142opaty) ni\u017c uprawiaj\u0105cy freeride.\u00a0<\/p>\n<p>Co do przyczyn wypadk\u00f3w, kwesti\u0105 kluczow\u0105 jest oczywi\u015bcie wysoka nieprzewidywalno\u015b\u0107 lawin (a raczej nadzwyczaj trudna sztuka oceniania ryzyka ich zej\u015bcia). Swoje robi te\u017c jednak niefrasobliwo\u015b\u0107, a cz\u0119sto g\u0142upota, wybieraj\u0105cych si\u0119 w g\u00f3ry.<\/p>\n<p>Eksperci dowodz\u0105 chocia\u017cby, \u017ce na pocz\u0105tku sezonu g\u0142\u00f3wnym powodem wypadk\u00f3w jest lekcewa\u017cenie niebezpiecze\u0144stwa wynikaj\u0105cego z czasami wprawdzie cienkiej jeszcze, ale zwykle si\u0142\u0105 rzeczy niestabilnej pokrywy \u015bniegu. A przecie\u017c nawet zej\u015bcie niewielkiej jego ilo\u015bci jest gro\u017ane.<\/p>\n<p>Zdarza si\u0119 te\u017c, \u017ce ofiary by\u0142y wyposa\u017cone w pipsy umo\u017cliwiaj\u0105ce szybk\u0105 ich lokalizacj\u0119 w razie porwania przez lawin\u0119, tyle tylko, \u017ce urz\u0105dze\u0144 tych\u2026 nie w\u0142\u0105czy\u0142y przed wyruszeniem w g\u00f3ry.<br \/>\nCzasami z kolei grupy ignoruj\u0105 polecenia przewodnika, kt\u00f3rego przecie\u017c wcze\u015bniej zatrudni\u0142y. Taka by\u0142a przyczyna \u015bmierci tr\u00f3jki uczestnik\u00f3w studenckiej wyprawy skitourowej w Valmeinier, 11 marca 2009 r. W lawinie zgin\u0105\u0142 te\u017c sam przewodnik.<\/p>\n<p><a href=\"\/wp-content\/uploads\/\/2010\/01\/lawiny-22027p1.jpg\"><img loading=\"lazy\" decoding=\"async\" class=\"alignnone size-medium wp-image-195\" title=\"lawiny-22027p1\" src=\"\/wp-content\/uploads\/\/2010\/01\/lawiny-22027p1.jpg\" alt=\"\" width=\"166\" height=\"110\" \/><\/a>\u00a0<em>Lawina z nawis\u00f3w \u015bnie\u017cnych <\/em><\/p>\n<p>Osobn\u0105 kwesti\u0105 jest spos\u00f3b prowadzenia akcji ratunkowych \u2013 oraz niewielkie prawdopodobie\u0144stwo, \u017ce zako\u0144cz\u0105 si\u0119 powodzeniem.<br \/>\nI tak, w minionym sezonie wskutek nadspodziewanie obfitych opad\u00f3w w poszczeg\u00f3lnych dolinach i regionach w niewielkich odst\u0119pach czasu schodzi\u0142o wiele r\u00f3\u017cnej wielko\u015bci lawin. Ratownicy musieli wi\u0119c dokona\u0107 wyboru, gdzie prowadzi\u0107 akcje poszukiwawcze. Sytuacj\u0119 utrudnia\u0142 fakt, \u017ce masy \u015bniegu zasypywa\u0142y drogi dojazdowe, niszczy\u0142y wyci\u0105gi, trakcje telefoniczne i elektryczne. Tak by\u0142o podczas nienotowanych od 1946 roku fali wielkich lawin, kt\u00f3re 14 grudnia 2008 r. zesz\u0142y w regionie Queyras w po\u0142udniowej cz\u0119\u015bci francuskich Alp.<\/p>\n<p>Bywa jednak i tak, \u017ce cho\u0107 towarzysze wyprawy dzi\u0119ki sygna\u0142om p\u0142yn\u0105cym z pips\u00f3w zdo\u0142ali dotrze\u0107 do zasypanego w szybkim czasie (nawet do 15 minut), ten jednak ju\u017c nie \u017cy\u0142 \u2013 tak by\u0142o w przypadku pierwszego \u015bmiertelno wypadku sezonu 2008\/2009 w masywie Chamrousse ko\u0142o Grenoble.<\/p>\n<p><a href=\"\/wp-content\/uploads\/\/2010\/01\/lawinisko-22031p.jpg\"><img loading=\"lazy\" decoding=\"async\" class=\"alignnone size-full wp-image-192\" title=\"lawinisko-22031p\" src=\"\/wp-content\/uploads\/\/2010\/01\/lawinisko-22031p.jpg\" alt=\"\" width=\"110\" height=\"165\" \/><\/a>\u00a0<em>Lawinisko z mokrego \u015bniegu<\/em><\/p>\n<p>Wci\u0105\u017c wi\u0119c najskuteczniejszym, a w zasadzie jedynym pr\u00f3cz znajomo\u015bci g\u00f3r i rozs\u0105dku, sposobem na lawiny jest tzw. ABS, czyli specjalny plecak z poduszkami powietrznymi, kt\u00f3re po uruchomieniu przez zagro\u017conego narciarza wype\u0142niaj\u0105 si\u0119 gazem, co zwi\u0119ksza szanse utrzymania si\u0119 na powierzchni \u015bniegu. K\u0142opot w tym, \u017ce zestaw taki kosztuje wci\u0105\u017c ok. 800 euro.<\/p>\n<p>Du\u017co ta\u0144sze s\u0105 coraz popularniejsze kursy, podczas kt\u00f3rych mo\u017cna nauczy\u0107 si\u0119, jak rozpoznawa\u0107 oznaki niebezpiecze\u0144stwa lawinowego i jak ratowa\u0107 zasypanych (przyk\u0142adowo: w Polsce kilkudniowe szkolenie pod okiem najwi\u0119kszego w kraju speca od lawin, wice naczelnika TOPR Adama Maraska kosztowa\u0142o w grudniu \u2013 wraz z zakwaterowaniem w schronisku na Hali G\u0105sienicowej, wypo\u017cyczeniem sprz\u0119tu itp. \u2013 500 z\u0142).<\/p>\n<p>PS. Ten sam portal PisteHors poinformowa\u0142 w\u0142a\u015bnie, \u017ce w Nowy Rok 2010 r. w Les Arcs pod lawin\u0105 (o ponad 1000 metr\u00f3w d\u0142ugo\u015bci!) zgin\u0119\u0142o dw\u00f3ch narciarzy z do\u015bwiadczonym przewodnikiem (35-letni Benjamin Gaimard by\u0142 synem szefa tamtejszej szko\u0142y narciarskiej). Ich cia\u0142a znaleziono pod \u015bniegiem na g\u0142\u0119boko\u015bci 6-9 m (w najg\u0142\u0119bszym zwa\u0142y \u015bniegu mia\u0142y 12 m.). Wszyscy byli doskonale wyekwipowani \u2013 mieli m.in. plecaki z ABS Airbags. Jednak \u015bnieg tego dnia by\u0142 nadzwyczaj mokry i ci\u0119\u017cki. W bie\u017c\u0105cym sezonie w Alpach francuskich pod lawinami zgin\u0119\u0142o wi\u0119c do tej pory ju\u017c 6 os\u00f3b.<\/p>\n<p>Sam Benjamin Gaimard mia\u0142 mawia\u0107: \u201eg\u00f3ry rz\u0105dz\u0105 si\u0119 w\u0142asnymi prawami, kt\u00f3rych nie dasz rady oszuka\u0107\u201d.<\/p>\n<p>\u00a0PS. Prezentowane zdj\u0119cia pochodz\u0105 z po\u015bwi\u0119conej lawinom strony internetowej French Environment Agency.<\/p>\n","protected":false},"excerpt":{"rendered":"<p>Powa\u017cany przez mi\u0142o\u015bnik\u00f3w jazdy poza trasami i skitouringu portal PisteHors.com\u00a0og\u0142osi\u0142 w\u0142a\u015bnie sw\u00f3j doroczny raport o lawinach w sezonie 2008\/2009. Analiza dotyczy Alp francuskch, ale zasadnicze wnioski dotycz\u0105 wszystkich region\u00f3w i ka\u017cdego narciarza czy snowboardzisty. W minionym sezonie w Alpach francuskich w 69 zanotowanych lawinach zgin\u0119\u0142o 35 os\u00f3b. Znacznie przewy\u017csza to \u015bredni\u0105, kt\u00f3ra w ostatnich 20 [&hellip;]<\/p>\n","protected":false},"author":1,"featured_media":0,"comment_status":"open","ping_status":"open","sticky":false,"template":"","format":"standard","meta":{"footnotes":""},"categories":[1],"tags":[],"_links":{"self":[{"href":"https:\/\/blog.polityka.pl\/narty\/wp-json\/wp\/v2\/posts\/191"}],"collection":[{"href":"https:\/\/blog.polityka.pl\/narty\/wp-json\/wp\/v2\/posts"}],"about":[{"href":"https:\/\/blog.polityka.pl\/narty\/wp-json\/wp\/v2\/types\/post"}],"author":[{"embeddable":true,"href":"https:\/\/blog.polityka.pl\/narty\/wp-json\/wp\/v2\/users\/1"}],"replies":[{"embeddable":true,"href":"https:\/\/blog.polityka.pl\/narty\/wp-json\/wp\/v2\/comments?post=191"}],"version-history":[{"count":0,"href":"https:\/\/blog.polityka.pl\/narty\/wp-json\/wp\/v2\/posts\/191\/revisions"}],"wp:attachment":[{"href":"https:\/\/blog.polityka.pl\/narty\/wp-json\/wp\/v2\/media?parent=191"}],"wp:term":[{"taxonomy":"category","embeddable":true,"href":"https:\/\/blog.polityka.pl\/narty\/wp-json\/wp\/v2\/categories?post=191"},{"taxonomy":"post_tag","embeddable":true,"href":"https:\/\/blog.polityka.pl\/narty\/wp-json\/wp\/v2\/tags?post=191"}],"curies":[{"name":"wp","href":"https:\/\/api.w.org\/{rel}","templated":true}]}}