
{"id":197,"date":"2010-01-05T00:25:19","date_gmt":"2010-01-04T23:25:19","guid":{"rendered":"http:\/\/narty.blog.polityka.pl\/?p=197"},"modified":"2010-01-05T09:33:39","modified_gmt":"2010-01-05T08:33:39","slug":"przestrogi-na-lawiny","status":"publish","type":"post","link":"https:\/\/blog.polityka.pl\/narty\/2010\/01\/05\/przestrogi-na-lawiny\/","title":{"rendered":"Przestrogi na lawiny"},"content":{"rendered":"<p><a href=\"\/wp-content\/uploads\/\/2010\/01\/henry-6a00e54f03d83e88340120a4db5d47970b-115si.jpg\"><\/a><a href=\"\/wp-content\/uploads\/\/2010\/01\/lawina-val.jpg\"><\/a>W zwi\u0105zku z ostatni\u0105 seri\u0105 tragicznych w skutkach lawin we Francji i W\u0142oszech, warto uzmys\u0142owi\u0107 sobie kilka regu\u0142, szczeg\u00f3lnie o tej porze roku wa\u017cnych dla narciarzy i snowboardzist\u00f3w.<br \/>\nPrzypomnia\u0142 je w\u0142a\u015bnie w swoim serwisie e-mailowym Henry Schniewind, przewodnik wysokog\u00f3rski z Val d\u2019Isere i tw\u00f3rca <a href=\"http:\/\/hat.skioffpiste.co.uk\" target=\"_blank\">HAT<\/a>\u00a0(Henry\u2019s Avalanche Talk) \u2013 firmy, czy raczej\u00a0instytucji, zajmuj\u0105cej si\u0119 edukacj\u0105 tycz\u0105c\u0105 zachowania si\u0119 w g\u00f3rach \u2013 zgodnie z has\u0142em: \u201eBezpiecze\u0144stwo to wolno\u015b\u0107\u201d.<\/p>\n<p><a href=\"\/wp-content\/uploads\/\/2010\/01\/henry-6a00e54f03d83e88340120a4db5d47970b-115si.jpg\"><img loading=\"lazy\" decoding=\"async\" class=\"alignnone size-medium wp-image-198\" title=\"henry-6a00e54f03d83e88340120a4db5d47970b-115si\" src=\"\/wp-content\/uploads\/\/2010\/01\/henry-6a00e54f03d83e88340120a4db5d47970b-115si.jpg\" alt=\"\" width=\"115\" height=\"115\" \/><\/a>\u00a0<em>Henry Schniewind<\/em><\/p>\n<p>Po pierwsze, powinni\u015bmy pami\u0119ta\u0107, \u017ce pokrywa \u015bwie\u017cego \u015bniegu jest s\u0142abo zwi\u0105zana z pod\u0142o\u017cem, bo opadom towarzyszy\u0142y zwykle silne mrozy i zimny wiatr. W efekcie pierwsza warstwa \u015bniegu jest mocno zlodzona. Przewodnicy z Val d\u2019Isere opisuj\u0105 to dosadnym okre\u015bleniem \u201ethe base is rotten\u201d.<br \/>\nLawina mo\u017ce zej\u015b\u0107 wi\u0119c ju\u017c pod ci\u0119\u017carem pojedynczego narciarza czy snowboardzisty \u2013 poci\u0105gaj\u0105c jego samego i wszystkich znajduj\u0105cych si\u0119 w okolicy.<\/p>\n<p>Najmniej stabilny \u015bnieg le\u017cy w tym momencie przede wszystkim na stromych stokach o ekspozycji p\u00f3\u0142nocno-wschodniej, p\u00f3\u0142nocnej i p\u00f3\u0142nocno-zachodniej. Zagro\u017cenie istnieje te\u017c oczywi\u015bcie pod takimi \u201e\u015bciankami\u201d. Wi\u0119cej: nie znaczy to, \u017ce inne miejsca s\u0105 stabilne \u2013 niebezpieczne mog\u0105 by\u0107 nawet te po\u0142o\u017cone tu\u017c przy wytyczonych i teoretycznie przygotowanych trasach!<\/p>\n<p>Dlatego \u2013 i to rada druga \u2013 warto mie\u0107 \u015bwiadomo\u015b\u0107, \u017ce nawet odbicie par\u0119 metr\u00f3w poza wytyczon\u0105 tyczkami tras\u0119 jest ju\u017c jazd\u0105 off piste \u2013 a wi\u0119c na w\u0142asne ryzyko. A to dramatycznie ro\u015bnie \u2013 zw\u0142aszcza, je\u015bli je\u017adzi si\u0119 samemu. Rzecz nie tylko w tym, \u017ce w razie wypadku standardowe ubezpieczenie nie pokryje zwrotu koszt\u00f3w akcji ratowniczej. Du\u017co istotniejsze jest to, \u017ce tylko oznaczone trasy s\u0105 pod koniec dnia patrolowane przez ratownik\u00f3w \u2013 sprawdzaj\u0105 oni, czy kto\u015b na nich nie pozosta\u0142. Tam te\u017c jest oczywi\u015bcie du\u017co wi\u0119ksza szansa, by inni narciarze czy snowboardzi\u015bci zauwa\u017cyli wypadek \u2013 w tym lawin\u0119, bo ta mo\u017ce zej\u015b\u0107 tak\u017ce na wytyczone trasy! G\u0142o\u015bna by\u0142a swego czasu historia 44-letniego narciarza z Wielkiej Brytanii, kt\u00f3rego cia\u0142o znaleziono pod lawin\u0105 tu\u017c obok jednej z tras we francuskim kurorcie La Tour.<\/p>\n<p>Co najgorsze, jest ju\u017c praktycznie pewne, \u017ce rozleg\u0142e po\u0142acie takiego niestabilnego pod\u0142o\u017ca utrzymaj\u0105 si\u0119 przez ca\u0142y sezon \u2013 b\u0119d\u0105 wi\u0119c stale gro\u017ane i trzeba b\u0119dzie by\u0107 nadzwyczaj ostro\u017cnym do ko\u0144ca zimy.<\/p>\n<p>Wreszcie, po trzecie, Henry Schniewind przypomina, \u017ce w przyj\u0119tej w mi\u0119dzynarodowym ratownictwie g\u00f3rskim pi\u0119ciostopniowej skali zagro\u017cenia lawinowego (od \u201e1\u201d, czyli \u201enieznacznego\u201d do \u201e5\u201d, czyli \u201ebardzo du\u017ce\u201d) cz\u0119sto og\u0142aszany stopie\u0144 \u201e3\u201d nie oznacza \u2013 wbrew potocznemu przekonaniu \u2013 i\u017c niebezpiecze\u0144stwo jest \u015brednie czy umiarkowane. Lawinowa \u201etr\u00f3jka\u201d to zagro\u017cenie \u201eznaczne\u201d! Na dodatek w praktyce mo\u017ce to by\u0107 \u201ezwyk\u0142a tr\u00f3jka\u201d, ale r\u00f3wnie dobrze \u2013 jak mawiaj\u0105 przewodnicy \u2013\u00a0\u201ewysoka tr\u00f3jka\u201d.<\/p>\n<p><a href=\"\/wp-content\/uploads\/\/2010\/01\/lawina-val.jpg\"><img loading=\"lazy\" decoding=\"async\" class=\"alignnone size-medium wp-image-199\" title=\"lawina-val\" src=\"\/wp-content\/uploads\/\/2010\/01\/lawina-val-300x203.jpg\" alt=\"\" width=\"300\" height=\"203\" srcset=\"\/narty\/wp-content\/uploads\/2010\/01\/lawina-val-300x203.jpg 300w, \/narty\/wp-content\/uploads\/2010\/01\/lawina-val.jpg 800w\" sizes=\"(max-width: 300px) 100vw, 300px\" \/><\/a>\u00a0<em>Lawina sfotografowana przez Henry&#8217;ego w rejonie Fornet w Val d\u2019 Isere 1 stycznia 2009 r.<\/em><\/p>\n<p>Dlatego \u2013 i to kluczowa przestroga \u2013 wyruszaj\u0105c w g\u00f3ry nie wystarczy oprze\u0107 si\u0119 o prognoz\u0119 meteo zas\u0142yszan\u0105 w telewizji b\u0105d\u017a w radiu czy znalezion\u0105 w internecie \u2013 a nawet og\u0142oszon\u0105 w stacji poprzedniego dnia! Wszak pogoda w g\u00f3rach szybko si\u0119 zmienia. Warto zatem si\u0119gn\u0105\u0107 po lokalny biuletyn lawinowy i, co najwa\u017cniejsze, zawsze zapyta\u0107 o ewentualne zagro\u017cenia ratownik\u00f3w pracuj\u0105cych w danej stacji (we Francji zwanych pisteurs\u2019ami). Tylko oni bowiem znaj\u0105 aktualn\u0105 sytuacj\u0119 w poszczeg\u00f3lnych regionach stacji, bo patroluj\u0105 zwykle okolic\u0119 wczesnym rankiem, jeszcze przed otwarciem wyci\u0105g\u00f3w.<\/p>\n<p>A bezpiecze\u0144stwo znaczy wolno\u015b\u0107!<\/p>\n","protected":false},"excerpt":{"rendered":"<p>W zwi\u0105zku z ostatni\u0105 seri\u0105 tragicznych w skutkach lawin we Francji i W\u0142oszech, warto uzmys\u0142owi\u0107 sobie kilka regu\u0142, szczeg\u00f3lnie o tej porze roku wa\u017cnych dla narciarzy i snowboardzist\u00f3w. Przypomnia\u0142 je w\u0142a\u015bnie w swoim serwisie e-mailowym Henry Schniewind, przewodnik wysokog\u00f3rski z Val d\u2019Isere i tw\u00f3rca HAT\u00a0(Henry\u2019s Avalanche Talk) \u2013 firmy, czy raczej\u00a0instytucji, zajmuj\u0105cej si\u0119 edukacj\u0105 tycz\u0105c\u0105 [&hellip;]<\/p>\n","protected":false},"author":1,"featured_media":0,"comment_status":"open","ping_status":"open","sticky":false,"template":"","format":"standard","meta":{"footnotes":""},"categories":[1],"tags":[],"_links":{"self":[{"href":"https:\/\/blog.polityka.pl\/narty\/wp-json\/wp\/v2\/posts\/197"}],"collection":[{"href":"https:\/\/blog.polityka.pl\/narty\/wp-json\/wp\/v2\/posts"}],"about":[{"href":"https:\/\/blog.polityka.pl\/narty\/wp-json\/wp\/v2\/types\/post"}],"author":[{"embeddable":true,"href":"https:\/\/blog.polityka.pl\/narty\/wp-json\/wp\/v2\/users\/1"}],"replies":[{"embeddable":true,"href":"https:\/\/blog.polityka.pl\/narty\/wp-json\/wp\/v2\/comments?post=197"}],"version-history":[{"count":0,"href":"https:\/\/blog.polityka.pl\/narty\/wp-json\/wp\/v2\/posts\/197\/revisions"}],"wp:attachment":[{"href":"https:\/\/blog.polityka.pl\/narty\/wp-json\/wp\/v2\/media?parent=197"}],"wp:term":[{"taxonomy":"category","embeddable":true,"href":"https:\/\/blog.polityka.pl\/narty\/wp-json\/wp\/v2\/categories?post=197"},{"taxonomy":"post_tag","embeddable":true,"href":"https:\/\/blog.polityka.pl\/narty\/wp-json\/wp\/v2\/tags?post=197"}],"curies":[{"name":"wp","href":"https:\/\/api.w.org\/{rel}","templated":true}]}}