
{"id":201,"date":"2010-01-07T06:51:55","date_gmt":"2010-01-07T05:51:55","guid":{"rendered":"http:\/\/narty.blog.polityka.pl\/?p=201"},"modified":"2010-01-07T07:00:20","modified_gmt":"2010-01-07T06:00:20","slug":"moze-wiekszy-kasprowy","status":"publish","type":"post","link":"https:\/\/blog.polityka.pl\/narty\/2010\/01\/07\/moze-wiekszy-kasprowy\/","title":{"rendered":"Mo\u017ce wi\u0119kszy Kasprowy!"},"content":{"rendered":"<p><a href=\"\/wp-content\/uploads\/\/2010\/01\/kasprowy-nsc_126224913614__1.jpg\"><\/a>Zgodnie z zapowiedziami, dyrekcja Tatrza\u0144skiego Parku Narodowego chce w najbli\u017cszych dniach rozpocz\u0105\u0107 konsultacje w sprawie udost\u0119pnienia narciarzom i snowboardzistom wi\u0119kszych ni\u017c dot\u0105d po\u0142aci stok\u00f3w w rejonie Kasprowego Wierchu.<\/p>\n<p>Ju\u017c jesieni\u0105 ub. roku w wywiadzie dla <a href=\"http:\/\/www.ntn.pl\" target=\"_blank\">\u201eNTN Snow &amp; More Magazine\u201d<\/a>\u00a0przedstawiciele TPN\u00a0 przychylnie odnie\u015bli si\u0119 do idei stworzenia tam tzw. Drugiej Strefy \u2013 enklawy dla mi\u0142o\u015bnik\u00f3w jazdy terenowej (poza przygotowanymi przez ratraki trasami). Kiedy naczelny \u201eNTN\u201d Tomek Kurdziel ponowi\u0142 postulat, by obj\u0119\u0142a ona teren Beskidu, Po\u015bredniego Goryczkowego i \u015awi\u0144ski Kocio\u0142, dyrektor Parku Pawe\u0142 Skawi\u0144ski przyzna\u0142, \u017ce w TPN trwa dyskusja na ten temat: \u201eJeste\u015bmy gotowi odda\u0107 troch\u0119 pola, bo przecie\u017c nie jeste\u015bmy \u015blepi \u2013 widzimy wyra\u017anie, \u017ce takie nieprzygotowane maszynowo tereny mog\u0142yby stanowi\u0107 nie lada atrakcj\u0119 dla dobrych narciarzy. Dla wielu pokole\u0144 narciarzy w Polsce Kasprowy ma niepowtarzaln\u0105 warto\u015b\u0107 sentymentaln\u0105\u201d.<\/p>\n<p>Sporne jest jedynie, jaki obszar mia\u0142by zosta\u0107 oddany mi\u0142o\u015bnikom jazdy off piste.<br \/>\nPrzedstawiciele TPN potwierdzali, \u017ce w gr\u0119 wchodz\u0105 stoki Beskidu i Po\u015bredniego Goryczkowego. Nie wykluczali te\u017c \u015awi\u0144skiego Kot\u0142a, cho\u0107 tu pojawia\u0142y si\u0119 w\u0105tpliwo\u015bci: ju\u017c pod koniec marca i w kwietniu tokuj\u0105 tam cietrzewie \u2013 trzeba by wi\u0119c w tym przypadku wytyczy\u0107 dodatkowe \u201eramy przestrzenne i czasowe\u201d. W ko\u0144cu wi\u0119c \u015awi\u0144ski pozostanie zapewne zamkni\u0119ty, a do dyspozycji mi\u0142o\u015bnik\u00f3w jazdy w puchu b\u0119d\u0105 przekazane ewentualnie strome stoki Beskidu (w kierunku dolnej stacji wyci\u0105gu w Kotle G\u0105sienicowym) oraz Po\u015bredniego Goryczkowego (w kierunku dotychczasowej ratrakowanej trasy w Kotle Goryczkowym).<\/p>\n<p><a href=\"\/wp-content\/uploads\/\/2010\/01\/kasprowy-nsc_126224913614__1.jpg\"><img loading=\"lazy\" decoding=\"async\" class=\"alignnone size-medium wp-image-202\" title=\"kasprowy-nsc_126224913614__1\" src=\"\/wp-content\/uploads\/\/2010\/01\/kasprowy-nsc_126224913614__1.jpg\" alt=\"\" width=\"140\" height=\"105\" \/><\/a>\u00a0<em>Stoki Po\u015bredniego Goryczkowego<\/em><\/p>\n<p>Podsumowuj\u0105c: TPN proponuje stworzenie w rejonie Kasprowego Wierchu dw\u00f3ch osobnych obszar\u00f3w: Strefa Pierwsza obj\u0119\u0142aby \u201etereny przygotowane maszynowo\u201d, za\u015b Strefa Druga \u2013 obszar nieratrakowany, ale dost\u0119pny do jazdy. By\u0142by on oznaczony dobrze widocznymi, czarno-\u017c\u00f3\u0142tymi tyczkami. Przedstawiciele Parku zastrzegaj\u0105 przy tym, \u017ce je\u015bli Druga Strefa zostanie wyznaczona, to jej granice b\u0119d\u0105 nieprzekraczalne \u2013 a nierespektowanie ogranicze\u0144 karane b\u0119dzie, jak dot\u0105d, mandatami w wysoko\u015bci 500 z\u0142. Wi\u0119cej: je\u015bli naruszanie restrykcji stanie si\u0119 plag\u0105, Park mo\u017ce zgod\u0119 na jazd\u0119 poza trasami w tym rejonie cofn\u0105\u0107. \u201eOczywi\u015bcie te tereny nie zaspokoj\u0105 apetytu ekstremalnych freeride\u2019owc\u00f3w z Zakopanego, ale to naprawd\u0119 nieliczna grupka. Troch\u0119 ich szkoda, ale niewiele wi\u0119cej w tej sprawie da si\u0119 zrobi\u0107. Tatry s\u0105 naprawd\u0119 unikatowe\u201d \u2013 podkre\u015bla\u0142 w \u201eNTN\u201d dyr. Skawi\u0144ski.<\/p>\n<p>Wedle komunikatu zamieszczonego na stronie internetowej <a href=\"http:\/\/www.tpn.pl\" target=\"_blank\">TPN<\/a>,\u00a0najprawdopodobniej ju\u017c 11 stycznia zostanie tam og\u0142oszona analiza oddzia\u0142ywania tego rodzaju przedsi\u0119wzi\u0119cia na obszar Natura 2000. Decyzja zapadnie po konsultacjach spo\u0142ecznych. Aby by\u0142a pozytywna, zag\u0142osuje chyba ka\u017cdy, kto \u2013 \u0142ami\u0105c dot\u0105d obowi\u0105zuj\u0105ce prawo \u2013 mia\u0142 kiedy\u015b szcz\u0119\u015bcie zjecha\u0107 w dziewiczym puchu z Beskidu czy Po\u015bredniego (lub\u00a0nawet do \u015awi\u0144skiego). Ja je mia\u0142em.<\/p>\n","protected":false},"excerpt":{"rendered":"<p>Zgodnie z zapowiedziami, dyrekcja Tatrza\u0144skiego Parku Narodowego chce w najbli\u017cszych dniach rozpocz\u0105\u0107 konsultacje w sprawie udost\u0119pnienia narciarzom i snowboardzistom wi\u0119kszych ni\u017c dot\u0105d po\u0142aci stok\u00f3w w rejonie Kasprowego Wierchu. Ju\u017c jesieni\u0105 ub. roku w wywiadzie dla \u201eNTN Snow &amp; More Magazine\u201d\u00a0przedstawiciele TPN\u00a0 przychylnie odnie\u015bli si\u0119 do idei stworzenia tam tzw. Drugiej Strefy \u2013 enklawy dla mi\u0142o\u015bnik\u00f3w [&hellip;]<\/p>\n","protected":false},"author":1,"featured_media":0,"comment_status":"open","ping_status":"open","sticky":false,"template":"","format":"standard","meta":{"footnotes":""},"categories":[1],"tags":[],"_links":{"self":[{"href":"https:\/\/blog.polityka.pl\/narty\/wp-json\/wp\/v2\/posts\/201"}],"collection":[{"href":"https:\/\/blog.polityka.pl\/narty\/wp-json\/wp\/v2\/posts"}],"about":[{"href":"https:\/\/blog.polityka.pl\/narty\/wp-json\/wp\/v2\/types\/post"}],"author":[{"embeddable":true,"href":"https:\/\/blog.polityka.pl\/narty\/wp-json\/wp\/v2\/users\/1"}],"replies":[{"embeddable":true,"href":"https:\/\/blog.polityka.pl\/narty\/wp-json\/wp\/v2\/comments?post=201"}],"version-history":[{"count":0,"href":"https:\/\/blog.polityka.pl\/narty\/wp-json\/wp\/v2\/posts\/201\/revisions"}],"wp:attachment":[{"href":"https:\/\/blog.polityka.pl\/narty\/wp-json\/wp\/v2\/media?parent=201"}],"wp:term":[{"taxonomy":"category","embeddable":true,"href":"https:\/\/blog.polityka.pl\/narty\/wp-json\/wp\/v2\/categories?post=201"},{"taxonomy":"post_tag","embeddable":true,"href":"https:\/\/blog.polityka.pl\/narty\/wp-json\/wp\/v2\/tags?post=201"}],"curies":[{"name":"wp","href":"https:\/\/api.w.org\/{rel}","templated":true}]}}