
{"id":203,"date":"2010-01-09T00:34:07","date_gmt":"2010-01-08T23:34:07","guid":{"rendered":"http:\/\/narty.blog.polityka.pl\/?p=203"},"modified":"2010-01-22T14:15:00","modified_gmt":"2010-01-22T13:15:00","slug":"wielki-wyscig","status":"publish","type":"post","link":"https:\/\/blog.polityka.pl\/narty\/2010\/01\/09\/wielki-wyscig\/","title":{"rendered":"Wielki wy\u015bcig"},"content":{"rendered":"<p><a href=\"\/wp-content\/uploads\/\/2010\/01\/postcard_kl.jpg\"><\/a><a href=\"\/wp-content\/uploads\/\/2010\/01\/weisserring_1152494.jpg\"><\/a>Ju\u017c za tydzie\u0144, w sobot\u0119 16 stycznia, w austriackim Lech-Z\u00fcrs odb\u0119dzie si\u0119 kolejna edycja \u201enajd\u0142u\u017cszego wy\u015bcigu narciarskiego \u015bwiata\u201d. Chodzi o s\u0142ynny Der Wei\u00dfe Ring: imprez\u0119, w kt\u00f3rej ka\u017cdy narciarz ma szans\u0119 sprawdzi\u0107 si\u0119 na jednej trasie z takimi s\u0142awami, jak mistrz olimpijski Patrick Ortlieb czy te\u017c \u015bwietne alpejki\u00a0 Petra Haltmayr\u00a0 i Katja Wirth.<\/p>\n<p>Pomys\u0142 zrodzi\u0142 si\u0119 naturalnie: ot\u00f3\u017c ponad p\u00f3\u0142 wieku temu pasjonat g\u00f3r i nart Sepp Bildstein opracowa\u0142 koncepcj\u0119 po\u0142\u0105czonych z sob\u0105 wyci\u0105g\u00f3w, maj\u0105cych obs\u0142ugiwa\u0107 przepi\u0119kny masyw\u00a0Arlberg w kraju zwi\u0105zkowym Voralberg. W ten spos\u00f3b powsta\u0142 system nazwany z czasem Bia\u0142ym Pier\u015bcieniem \u2013 a Lech-Z\u00fcrs sta\u0142o si\u0119 jednym z najbardziej renomowanych miejsc w Alpach, \u0142\u0105cz\u0105cym, co unikalne, tradycyjny charakter z nut\u0105 snobizmu (jest bowiem cz\u0119stym miejscem wypoczynku VIP-\u00f3w z pierwszych stron gazet \u2013 tyle \u017ce nie tabloid\u00f3w, lecz tych najpowa\u017cniejszych tytu\u0142\u00f3w).<\/p>\n<p><a href=\"\/wp-content\/uploads\/\/2010\/01\/postcard_kl.jpg\"><img loading=\"lazy\" decoding=\"async\" class=\"alignnone size-full wp-image-206\" title=\"postcard_kl\" src=\"\/wp-content\/uploads\/\/2010\/01\/postcard_kl.jpg\" alt=\"\" width=\"260\" height=\"128\" \/><\/a>\u00a0<em>Lech-Z\u00fcrs na poczt\u00f3wce z 1965 r.<\/em><\/p>\n<p>Zawsze panowa\u0142a te\u017c tam moda na rozmaite zawody \u2013 cho\u0107 zaszczytu goszczenia alpejskiego Pucharu \u015awiata Lech dost\u0105pi\u0142o dopiero niespe\u0142na 20 lat temu (ale za to ustawiany na wschodniej \u015bcianie Kriegerhorn super gigant m\u0119\u017cczyzn i zjazd kobiet od razu zyska\u0142y miano jednych z najbardziej spektakularnych pucharowych tras).<\/p>\n<p>Wreszcie zim\u0105 2005\/2006, aby uczci\u0107 pami\u0119\u0107 in\u017c. Bildsteina, rozegrano w Lech pierwsze zawody Der Wei\u00dfe Ring. Polegaj\u0105 na przejechaniu blisko 22 kilometr\u00f3w tras obs\u0142ugiwanych przez zaprojektowany przez niego system wyci\u0105g\u00f3w (\u0142\u0105cznie korzysta si\u0119 z 13 z nich i pokonuje prawie 5500 metr\u00f3w r\u00f3\u017cnicy poziom\u00f3w!) w jak najkr\u00f3tszym czasie. Rekord trasy nale\u017cy do Patricka Ortlieba (wynosi 44:35:07 min), ale w przypadku narciarzy \u2013 amator\u00f3w liczy si\u0119 oczywi\u015bcie przede wszystkim udzia\u0142 w zabawie i dojechanie do mety. Do\u015b\u0107 wspomnie\u0107, \u017ce w minionym roku w imprezie wzi\u0119\u0142o udzia\u0142\u2026 tysi\u0105c zawodnik\u00f3w, zar\u00f3wno zg\u0142aszaj\u0105cych si\u0119 indywidualnie, jak reprezentuj\u0105cych rozmaite ski-kluby z r\u00f3\u017cnych kraj\u00f3w \u2013 a lista zg\u0142osze\u0144 zosta\u0142a zamkni\u0119ta z powodu wyczerpania limitu miejsc ledwie po\u2026 5 dniach. Najstarszy ze startuj\u0105cych, Hermann Muxel (sk\u0105din\u0105d ojciec obecnego burmistrza Lech), mia\u0142 87 lat i przejecha\u0142 ca\u0142\u0105 tras\u0119 pi\u0119kn\u0105, star\u0105 technik\u0105.<\/p>\n<p><a href=\"\/wp-content\/uploads\/\/2010\/01\/weisserring_1152494.jpg\"><img loading=\"lazy\" decoding=\"async\" class=\"alignnone size-full wp-image-207\" title=\"weisserring_1152494\" src=\"\/wp-content\/uploads\/\/2010\/01\/weisserring_1152494.jpg\" alt=\"\" width=\"410\" height=\"273\" srcset=\"\/narty\/wp-content\/uploads\/2010\/01\/weisserring_1152494.jpg 410w, \/narty\/wp-content\/uploads\/2010\/01\/weisserring_1152494-300x199.jpg 300w\" sizes=\"(max-width: 410px) 100vw, 410px\" \/><\/a>\u00a0<em>Walka\u00a0podczas ubieg\u0142orocznej edycji Der Wei\u00dfe Ring<\/em><\/p>\n<p>Organizatorzy zapowiadaj\u0105, \u017ce na tegoroczn\u0105, jubileuszow\u0105 (5 lat!) edycj\u0119 Der Wei\u00dfe Ring przygotowali specjalny program. Na czym b\u0119dzie polega\u0142 \u2013 napisz\u0119 z Lech, bo w tym roku b\u0119d\u0119 mia\u0142 okazj\u0119 (ku swojej wielkiej uciesze) przejecha\u0107 Bia\u0142y Pier\u015bcie\u0144.<\/p>\n","protected":false},"excerpt":{"rendered":"<p>Ju\u017c za tydzie\u0144, w sobot\u0119 16 stycznia, w austriackim Lech-Z\u00fcrs odb\u0119dzie si\u0119 kolejna edycja \u201enajd\u0142u\u017cszego wy\u015bcigu narciarskiego \u015bwiata\u201d. Chodzi o s\u0142ynny Der Wei\u00dfe Ring: imprez\u0119, w kt\u00f3rej ka\u017cdy narciarz ma szans\u0119 sprawdzi\u0107 si\u0119 na jednej trasie z takimi s\u0142awami, jak mistrz olimpijski Patrick Ortlieb czy te\u017c \u015bwietne alpejki\u00a0 Petra Haltmayr\u00a0 i Katja Wirth. Pomys\u0142 zrodzi\u0142 [&hellip;]<\/p>\n","protected":false},"author":1,"featured_media":0,"comment_status":"open","ping_status":"open","sticky":false,"template":"","format":"standard","meta":{"footnotes":""},"categories":[1],"tags":[],"_links":{"self":[{"href":"https:\/\/blog.polityka.pl\/narty\/wp-json\/wp\/v2\/posts\/203"}],"collection":[{"href":"https:\/\/blog.polityka.pl\/narty\/wp-json\/wp\/v2\/posts"}],"about":[{"href":"https:\/\/blog.polityka.pl\/narty\/wp-json\/wp\/v2\/types\/post"}],"author":[{"embeddable":true,"href":"https:\/\/blog.polityka.pl\/narty\/wp-json\/wp\/v2\/users\/1"}],"replies":[{"embeddable":true,"href":"https:\/\/blog.polityka.pl\/narty\/wp-json\/wp\/v2\/comments?post=203"}],"version-history":[{"count":0,"href":"https:\/\/blog.polityka.pl\/narty\/wp-json\/wp\/v2\/posts\/203\/revisions"}],"wp:attachment":[{"href":"https:\/\/blog.polityka.pl\/narty\/wp-json\/wp\/v2\/media?parent=203"}],"wp:term":[{"taxonomy":"category","embeddable":true,"href":"https:\/\/blog.polityka.pl\/narty\/wp-json\/wp\/v2\/categories?post=203"},{"taxonomy":"post_tag","embeddable":true,"href":"https:\/\/blog.polityka.pl\/narty\/wp-json\/wp\/v2\/tags?post=203"}],"curies":[{"name":"wp","href":"https:\/\/api.w.org\/{rel}","templated":true}]}}