
{"id":208,"date":"2010-01-11T00:42:37","date_gmt":"2010-01-10T23:42:37","guid":{"rendered":"http:\/\/narty.blog.polityka.pl\/?p=208"},"modified":"2010-01-10T19:43:35","modified_gmt":"2010-01-10T18:43:35","slug":"strony-z-lawinami-i","status":"publish","type":"post","link":"https:\/\/blog.polityka.pl\/narty\/2010\/01\/11\/strony-z-lawinami-i\/","title":{"rendered":"Strony z lawinami (I)"},"content":{"rendered":"<p>Fachowcy ostrzegaj\u0105: ze wzgl\u0119du na specyficzn\u0105 w ostatnich tygodniach sekwencj\u0119 opad\u00f3w i zmian temperatury przez ca\u0142y sezon trzeba b\u0119dzie szczeg\u00f3lnie uwa\u017ca\u0107 na lawiny.<\/p>\n<p>Dlatego przed planowaniem narciarskich i snowboardowych wypraw warto, ba: nale\u017cy obowi\u0105zkowo zajrze\u0107 na strony internetowe z informacjami o sytuacji lawinowej. Co wa\u017cne: powinny to by\u0107 serwisy prowadzone przez fachowc\u00f3w, nie za\u015b przypadkowe fora.<\/p>\n<p>W Polsce wiarygodno\u015b\u0107 gwarantuje oczywi\u015bcie strona <a href=\"http:\/\/www.topr.pl\" target=\"_blank\">Tatrza\u0144skiego Ochotniczego Pogotowia Ratunkowego<\/a>.\u00a0 Pr\u00f3cz aktualnego stopnia zagro\u017cenia , mo\u017cna tam znale\u017a\u0107 ocen\u0119 stabilno\u015bci pokrywy \u015bniegowej i prawdopodobie\u0144stwa \u201esamoistnego i mechanicznego wyzwolenia lawiny\u201d oraz \u201ezalecenia dla ruchu os\u00f3b\u201d i przewidywany rozw\u00f3j zagro\u017cenia lawinowego.<\/p>\n<p>Na swojej stronie TOPR zamieszcza te\u017c definicje poszczeg\u00f3lnych stopni zagro\u017cenia i wskaz\u00f3wk\u0119, \u017ce szczeg\u00f3lne niebezpieczne s\u0105 stoki \u201eo wystawie p\u00f3\u0142nocno-wschodniej, p\u00f3\u0142nocnej, i p\u00f3\u0142nocno-zachodniej\u201d, a \u201eczynnikiem radykalnie zwi\u0119kszaj\u0105cym zagro\u017cenie lawinowe jest silny wiatr w po\u0142\u0105czeniu z opadem \u015bniegu\u201d \u2013 nale\u017cy zatem zawsze zwraca\u0107 uwag\u0119 na kierunek wiatru i miejsca odk\u0142adania \u015bniegu w terenie.<\/p>\n<p>TOPR podkre\u015bla tak\u017ce, \u017ce \u201estopie\u0144 zagro\u017cenia lawinowego jest tylko informacj\u0105, kt\u00f3ra obok prognozy pogody ma pom\u00f3c w planowaniu wyj\u015b\u0107 w Tatry\u201d. Oraz nie bez powodu zastrzega: \u201ekomunikat lawinowy jest wa\u017cny do og\u0142oszenia nast\u0119pnego komunikatu, nie d\u0142u\u017cej ni\u017c 24 godziny\u201d \u2013 wszak pogoda w g\u00f3rach cz\u0119sto szybko si\u0119 zmienia.<\/p>\n<p>Wymowne s\u0105 te\u017c uwagi Piotra Konopki, jednego z autor\u00f3w komunikat\u00f3w lawinowych TOPR, Pisze on, \u017ce \u201estopnie zagro\u017cenia NIE S\u0104 stopniami bezpiecze\u0144stwa, tylko STOPNIAMI ZAGRO\u017bENIA. Z I stopniem w\u0142\u0105cznie \u2013 wbrew temu co s\u0105dzi gros zimowych u\u017cytkownik\u00f3w Tatr. Czyli, \u017ce ju\u017c przy I stopniu mo\u017cna zgin\u0105\u0107 w lawinie i nie jest to nic niezwyk\u0142ego\u201d. Za szczeg\u00f3lnie niebezpieczne ekspert TOPR uznaje zimy bez\u015bnie\u017cne \u2013 takie jak obecna oraz pocz\u0105tek sezonu. Konopka pisze dalej: \u201eWarunki w polskich Tatrach s\u0105 nie\u0142atwe. Obok \u015bnieg\u00f3w bardzo stabilnych, spotykali\u015bmy \u015bniegi niebezpieczne, g\u0142\u00f3wnie nawiane wiatrem \u2018poduchy\u2019 \u015bnie\u017cne. Na tak\u0105 zr\u00f3\u017cnicowan\u0105 pokryw\u0119 zacz\u0105\u0142 pada\u0107 \u015bwie\u017cy \u015bnieg. Opadom towarzyszy wiatr i niska, wstrzymuj\u0105ca korzystne przemiany \u015bniegu, temperatura\u201d.<br \/>\nKonopka zwraca tak\u017ce uwag\u0119, \u017ce \u201eII stopie\u0144 zagro\u017cenia to ju\u017c 2\/3 skali zagro\u017cenia, je\u017celi chodzi o uprawianie turystyki, taternictwa czy narciarstwa. Stopnie IV i V dotycz\u0105 sytuacji KATASTROFALNYCH, kiedy to lawiny zagra\u017caj\u0105 ca\u0142ym dolinom lub nawet (V) terenom stale zamieszka\u0142ym\u201d.<\/p>\n<p>R\u00f3wnie profesjonalna jest strona s\u0142owackiej <a href=\"http:\/\/www.hzs.sk\/info\/lavinyprehlad.php\" target=\"_blank\">Horskiej S\u0142u\u017cby<\/a>\u00a0(ma tak\u017ce wersj\u0119 angielskoj\u0119zyczn\u0105). Zgodnie z zasadami sztuki podaje ona zagro\u017cenie z precyzyjnym podzia\u0142em na regiony: Wysokich, Zachodnich i Niskich Tatr, Ma\u0142ej i Wielkiej Fatry (wedle niekt\u00f3rych taki podzia\u0142 przyda\u0142by si\u0119 te\u017c w komunikatach tycz\u0105cych polskiej cz\u0119\u015bci Tatr). Na dodatek stopnie zagro\u017cenia wyznaczane s\u0105 z du\u017c\u0105 dok\u0142adno\u015bci\u0105: na godziny przed- i popo\u0142udniowe oraz z uwzgl\u0119dnieniem wysoko\u015bci n.p.m., kt\u00f3rej dotyczy prognoza. Z komunikat\u00f3w Horskiej S\u0142u\u017cby mo\u017cna si\u0119 te\u017c dowiedzie\u0107, na stokach o jakim kierunku ekspozycji jest najwi\u0119ksze niebezpiecze\u0144stwo zej\u015bcia lawin.<\/p>\n<p>Nast\u0119pnym razem o stronach lawinowych dotycz\u0105cych Alp.<\/p>\n","protected":false},"excerpt":{"rendered":"<p>Fachowcy ostrzegaj\u0105: ze wzgl\u0119du na specyficzn\u0105 w ostatnich tygodniach sekwencj\u0119 opad\u00f3w i zmian temperatury przez ca\u0142y sezon trzeba b\u0119dzie szczeg\u00f3lnie uwa\u017ca\u0107 na lawiny. Dlatego przed planowaniem narciarskich i snowboardowych wypraw warto, ba: nale\u017cy obowi\u0105zkowo zajrze\u0107 na strony internetowe z informacjami o sytuacji lawinowej. Co wa\u017cne: powinny to by\u0107 serwisy prowadzone przez fachowc\u00f3w, nie za\u015b przypadkowe [&hellip;]<\/p>\n","protected":false},"author":1,"featured_media":0,"comment_status":"open","ping_status":"open","sticky":false,"template":"","format":"standard","meta":{"footnotes":""},"categories":[1],"tags":[],"_links":{"self":[{"href":"https:\/\/blog.polityka.pl\/narty\/wp-json\/wp\/v2\/posts\/208"}],"collection":[{"href":"https:\/\/blog.polityka.pl\/narty\/wp-json\/wp\/v2\/posts"}],"about":[{"href":"https:\/\/blog.polityka.pl\/narty\/wp-json\/wp\/v2\/types\/post"}],"author":[{"embeddable":true,"href":"https:\/\/blog.polityka.pl\/narty\/wp-json\/wp\/v2\/users\/1"}],"replies":[{"embeddable":true,"href":"https:\/\/blog.polityka.pl\/narty\/wp-json\/wp\/v2\/comments?post=208"}],"version-history":[{"count":0,"href":"https:\/\/blog.polityka.pl\/narty\/wp-json\/wp\/v2\/posts\/208\/revisions"}],"wp:attachment":[{"href":"https:\/\/blog.polityka.pl\/narty\/wp-json\/wp\/v2\/media?parent=208"}],"wp:term":[{"taxonomy":"category","embeddable":true,"href":"https:\/\/blog.polityka.pl\/narty\/wp-json\/wp\/v2\/categories?post=208"},{"taxonomy":"post_tag","embeddable":true,"href":"https:\/\/blog.polityka.pl\/narty\/wp-json\/wp\/v2\/tags?post=208"}],"curies":[{"name":"wp","href":"https:\/\/api.w.org\/{rel}","templated":true}]}}