
{"id":209,"date":"2010-01-12T00:17:08","date_gmt":"2010-01-11T23:17:08","guid":{"rendered":"http:\/\/narty.blog.polityka.pl\/?p=209"},"modified":"2010-01-11T23:17:34","modified_gmt":"2010-01-11T22:17:34","slug":"strony-z-lawinami-ii","status":"publish","type":"post","link":"https:\/\/blog.polityka.pl\/narty\/2010\/01\/12\/strony-z-lawinami-ii\/","title":{"rendered":"Strony z lawinami (II)"},"content":{"rendered":"<p>Oto kolejna porcja link\u00f3w do stron internetowych z wiarygodnymi informacjami o zagro\u017ceniu lawinowym oraz z innymi wa\u017cnymi dla narciarzy i snowboardzist\u00f3w wiadomo\u015bciami tycz\u0105cymi pogody w g\u00f3rach \u2013 tym razem (g\u0142\u00f3wnie) w Alpach.<\/p>\n<p>Sytuacj\u0119 w Szwajcarii najbardziej profesjonalnie ocenia renomowany <a href=\"http:\/\/www.slf.ch\" target=\"_blank\">Institute for Snow and Avalanche Research<\/a>\u00a0z central\u0105 w Davos. W ub. sezonie mia\u0142em okazj\u0119 je\u017adzi\u0107 w Davos na nartach \u2013 i do dzi\u015b \u017ca\u0142uj\u0119, \u017ce zdecydowa\u0142em si\u0119 na kilka zjazd\u00f3w wi\u0119cej, a nie odwiedzi\u0142em siedziby Instytutu. Znana podr\u00f3\u017cniczka Monika Witkowska, kt\u00f3ra na chwil\u0119 odstawi\u0142a narty i poprosi\u0142a o chwil\u0119 rozmowy pracuj\u0105cych tam ekspert\u00f3w, wr\u00f3ci\u0142a oczarowana zar\u00f3wno ich wiedz\u0105, jak gotowo\u015bci\u0105 dzielenia si\u0119 ni\u0105.<\/p>\n<p>Strona Instytutu prowadzona jest po niemiecku, ale niekt\u00f3re informacje s\u0105 t\u0142umaczone na angielski, francuski i w\u0142oski. Pr\u00f3cz oceny aktualnego zagro\u017cenia zawiera m.in. opis metodologii\u00a0 u\u017cywanej podczas sporz\u0105dzania raport\u00f3w, linki do biuletyn\u00f3w regionalnych oraz \u2013 szczeg\u00f3lnie cenne \u2013 wskaz\u00f3wki, jak interpretowa\u0107 podawane informacje.<\/p>\n<p>Oczywi\u015bcie stron\u0119 z danymi o sytuacji pogodowo-lawinowej maj\u0105 te\u017c <a href=\"http:\/\/www.lawinen.at\/austria\/\" target=\"_blank\">Alpy austriackie<\/a>.\u00a0Mo\u017ce mie\u0107 ona jednak najwy\u017cej orientacyjny charakter \u2013 ogranicza si\u0119 do podania (na tle mapy kraju) stopni zagro\u017cenia lawinowego w poszczeg\u00f3lnych jego rejonach. Szcz\u0119\u015bliwie s\u0105 tam te\u017c linki do stron lawinowych niekt\u00f3rych region\u00f3w \u2013 w tym popularnych w\u015br\u00f3d polskich narciarzy i snowboardzist\u00f3w Salzburgerlandu, Voralbergu,\u00a0 Karyntii czy Tyrolu. A te s\u0105 ju\u017c du\u017co bardziej precyzyjne.<\/p>\n<p>Przyk\u0142adowo, strona lawinowa <a href=\"http:\/\/lawine.tirol.gv.at\" target=\"_blank\">Tyrolu<\/a>\u00a0(dost\u0119pna tak\u017ce w wersji angielskoj\u0119zycznej) zawiera nie tylko informacj\u0119 o stopniu zagro\u017cenia, ale r\u00f3wnie\u017c szczeg\u00f3\u0142owe dane tycz\u0105ce stanu pokrywy \u015bniegu. Mo\u017cna na niej tak\u017ce znale\u017a\u0107 autora komunikatu na konkretny dzie\u0144 (ten pozorny drobiazg jest zawsze jednym z wa\u017cnych element\u00f3w testu na profesjonalizm serwisu). Portal <a href=\"http:\/\/www.vorarlberg.at\/lawine\/\" target=\"_blank\">Voralbergu<\/a>\u00a0podaje stopnie zagro\u017cenia dla kolejnych swoich podregion\u00f3w i to jeszcze z uwzgl\u0119dnieniem wysoko\u015bci n.p.m., informuje, kt\u00f3re kierunki ekspozycji stok\u00f3w s\u0105 najbardziej niebezpieczne, a prognozy ogranicza do dw\u00f3ch dni (bo wyrokowanie na d\u0142u\u017csze okresy czasu bywa zawodne). I te\u017c ma wersj\u0119 angielskoj\u0119zyczn\u0105.<\/p>\n<p>I wreszcie: linki do wi\u0119kszo\u015bci europejskich kraj\u00f3w, w kt\u00f3rych mo\u017cna je\u017adzi\u0107 na nartach b\u0105d\u017a snowboardzie albo chodzi\u0107 zim\u0105 po g\u00f3rach \u2013 a wi\u0119c w kt\u00f3rych istnieje niebezpiecze\u0144stwo lawin \u2013 mo\u017cna znale\u017a\u0107 na doskona\u0142ym portalu <a href=\"http:\/\/www.avalanches.org\" target=\"_blank\">European Avalanche Warning Services<\/a>.\u00a0Obok, oczywi\u015bcie, region\u00f3w alpejskich, s\u0105 i Tatry, Pireneje czy Karpaty (Rumunia) oraz g\u00f3ry Norwegii i&#8230; Islandii.<br \/>\nOpr\u00f3cz tego \u2013 co te\u017c cenne \u2013 dost\u0119pny jest tam tak\u017ce rodzaj specjalistycznego s\u0142ownika tycz\u0105cego lawin (w r\u00f3\u017cnych j\u0119zykach \u2013 niestety wci\u0105\u017c bez polskiego)<\/p>\n<p>Zawsze warto jednak pami\u0119ta\u0107 o jednym: najpewniejszym \u017ar\u00f3d\u0142em informacji\u00a0 s\u0105 lokalne biuletyny lawinowe (publikowane przez s\u0142u\u017cby ratownicze o\u015brodk\u00f3w zimowych) oraz sami ratownicy, kt\u00f3rzy rano, przed otwarciem wyci\u0105g\u00f3w, obje\u017cd\u017caj\u0105 zagro\u017cone miejsca (po to, by przy pomocy materia\u0142u wybuchowego str\u0105ca\u0107 mog\u0105ce wywo\u0142a\u0107 lawiny nawisy \u015bnie\u017cne), znaj\u0105 wi\u0119c na bie\u017c\u0105co sytuacj\u0119 w poszczeg\u00f3lnych rejonach stacji.<\/p>\n","protected":false},"excerpt":{"rendered":"<p>Oto kolejna porcja link\u00f3w do stron internetowych z wiarygodnymi informacjami o zagro\u017ceniu lawinowym oraz z innymi wa\u017cnymi dla narciarzy i snowboardzist\u00f3w wiadomo\u015bciami tycz\u0105cymi pogody w g\u00f3rach \u2013 tym razem (g\u0142\u00f3wnie) w Alpach. Sytuacj\u0119 w Szwajcarii najbardziej profesjonalnie ocenia renomowany Institute for Snow and Avalanche Research\u00a0z central\u0105 w Davos. W ub. sezonie mia\u0142em okazj\u0119 je\u017adzi\u0107 w [&hellip;]<\/p>\n","protected":false},"author":1,"featured_media":0,"comment_status":"open","ping_status":"open","sticky":false,"template":"","format":"standard","meta":{"footnotes":""},"categories":[1],"tags":[],"_links":{"self":[{"href":"https:\/\/blog.polityka.pl\/narty\/wp-json\/wp\/v2\/posts\/209"}],"collection":[{"href":"https:\/\/blog.polityka.pl\/narty\/wp-json\/wp\/v2\/posts"}],"about":[{"href":"https:\/\/blog.polityka.pl\/narty\/wp-json\/wp\/v2\/types\/post"}],"author":[{"embeddable":true,"href":"https:\/\/blog.polityka.pl\/narty\/wp-json\/wp\/v2\/users\/1"}],"replies":[{"embeddable":true,"href":"https:\/\/blog.polityka.pl\/narty\/wp-json\/wp\/v2\/comments?post=209"}],"version-history":[{"count":0,"href":"https:\/\/blog.polityka.pl\/narty\/wp-json\/wp\/v2\/posts\/209\/revisions"}],"wp:attachment":[{"href":"https:\/\/blog.polityka.pl\/narty\/wp-json\/wp\/v2\/media?parent=209"}],"wp:term":[{"taxonomy":"category","embeddable":true,"href":"https:\/\/blog.polityka.pl\/narty\/wp-json\/wp\/v2\/categories?post=209"},{"taxonomy":"post_tag","embeddable":true,"href":"https:\/\/blog.polityka.pl\/narty\/wp-json\/wp\/v2\/tags?post=209"}],"curies":[{"name":"wp","href":"https:\/\/api.w.org\/{rel}","templated":true}]}}