
{"id":211,"date":"2010-01-15T18:30:55","date_gmt":"2010-01-15T17:30:55","guid":{"rendered":"http:\/\/narty.blog.polityka.pl\/?p=211"},"modified":"2010-01-15T18:30:55","modified_gmt":"2010-01-15T17:30:55","slug":"wazniejszy-snieg-niz-kryzys","status":"publish","type":"post","link":"https:\/\/blog.polityka.pl\/narty\/2010\/01\/15\/wazniejszy-snieg-niz-kryzys\/","title":{"rendered":"Wa\u017cniejszy \u015bnieg ni\u017c kryzys"},"content":{"rendered":"<p>\u2013 m\u00f3wi\u0105 ostatnio g\u00f3rale z Podhala. Faktycznie: pierwsze tygodnie tegorocznego sezonu narciarsko-snowboardowego na Podhalu pokazuj\u0105, \u017ce ta akurat bran\u017ca okazuje si\u0119 w miar\u0119 odporna na globalne zawirowania gospodarcze. K\u0142opoty mo\u017ce sprawia\u0107 najwy\u017cej pogoda.<\/p>\n<p>To brak \u015bniegu oraz temperatury powy\u017cej zera, uniemo\u017cliwiaj\u0105ce sztuczne na\u015bnie\u017canie, sprawi\u0142y, \u017ce sezon 2009\/2010 zacz\u0105\u0142 si\u0119 stosunkowo p\u00f3\u017ano, bo dopiero tu\u017c przed \u015awi\u0119tami Bo\u017cego Narodzenia. Ba, symbol narciarskiej Polski, jakim s\u0105 wyci\u0105gi na Kasprowym Wierchu wci\u0105\u017c stoj\u0105 \u2013 w Kot\u0142ach Goryczkowym i G\u0105sienicowym \u015bniegu wci\u0105\u017c jest zbyt ma\u0142o.<\/p>\n<p>W samym Zakopanem teraz jest ledwie 10 cm \u015bniegu. Wyra\u017anie lepiej jest dopiero powy\u017cej 1700 m n.p.m. &#8211; co zreszt\u0105 meteorolodzy uznaj\u0105 za kolejny przejaw pogodowych anomalii, bo do tej pory nie notowano tak wyra\u017anych r\u00f3\u017cnic w pokrywie \u015bnie\u017cnej na takiej wysoko\u015bci . W ka\u017cdym razie na nartach i snowboardzie je\u017adzi si\u0119 teraz tylko dzi\u0119ki sztucznemu na\u015bnie\u017caniu.<\/p>\n<p>Ale miejsca, gdzie dzia\u0142aj\u0105 armatki i kursuj\u0105 wyci\u0105gi, s\u0105 obleganei. Do\u015b\u0107 wspomnie\u0107, \u017ce przez pierwsze dwa tygodnie sezonu narciarsko-snowboardowego w Ma\u0142opolsce szpitale w Zakopanem i Nowym Targu odnotowa\u0142y ponad tysi\u0105c os\u00f3b kontuzji, z kt\u00f3rych blisko trzysta oceniono jako powa\u017cne. Wiceszef Tatrza\u0144skiego Ochotniczego Pogotowia Ratunkowego 29 grudnia 2009 r. zanotowa\u0142 w kronice TOPR: \u201ePoniewa\u017c ruszy\u0142y wyci\u0105gi od Witowa po Bia\u0142k\u0119 Tatrza\u0144sk\u0105, ratownicy rozpocz\u0119li zimowe dy\u017cury. Ju\u017c pierwszego dnia przetransportowano do szpitala kontuzjowanych narciarzy. Czyli zacz\u0105\u0142 si\u0119 zimowy sezon\u201d.<\/p>\n<p>Innym dowodem braku kryzysu w zimowych wyjazdach by\u0142y gigantyczne korki na Zakopiance w okresie po\u015bwi\u0105tecznym i noworocznym \u2013 a przecie\u017c ta najpopularniejsza droga \u0142\u0105cz\u0105ca Krak\u00f3w z Tatrami zosta\u0142a w minionych miesi\u0105cach w wielu miejscach gruntownie zmodernizowana i jej przepustowo\u015b\u0107 znacznie wzros\u0142a.<\/p>\n<p>Nie wida\u0107 tak\u017ce, by spad\u0142a liczba go\u015bci zza wschodniej granicy, kt\u00f3rzy od kilku lat coraz t\u0142umniej przyje\u017cd\u017caj\u0105 w polskie g\u00f3ry w okresie prawos\u0142awnych \u015awi\u0105t Bo\u017cego Narodzenia. \u2013 Ukrai\u0144cy, Rosjanie i Bia\u0142orusini \u015bwietnie wype\u0142niaj\u0105 luk\u0119, kt\u00f3ra do niedawna powstawa\u0142a po okresie sylwestrowym, a przed feriami w polskich szko\u0142ach \u2013 przyznaje El\u017cbieta Tomczyk-Miczka z Ma\u0142opolskiej Organizacji Turystycznej. Dodaje, \u017ce uchodz\u0105 tak\u017ce za \u015bwietnych klient\u00f3w: \u2013 S\u0105 zwykle zadowoleni ze standardu, jaki wybieraj\u0105, a nadto ch\u0119tnie wydaj\u0105 w Polsce pieni\u0105dze, kupuj\u0105c tu m.in. sprz\u0119t i odzie\u017c sportow\u0105.<\/p>\n<p>Barier\u0105 jest dla nich najwy\u017cej obowi\u0105zek wizowy \u2013 a w zasadzie powolne tempo pracy wydaj\u0105cych je polskich konsulat\u00f3w. Utrudnieniem bywa te\u017c formalizm i przyzwyczajenia pokutuj\u0105ce w\u015br\u00f3d wschodnich touroperator\u00f3w, dzia\u0142aj\u0105cych na polskim rynku. \u2013 Chodzi o pozorne drobiazgi: tamtejsi partnerzy pod presj\u0105 swoich urz\u0119dnik\u00f3w chc\u0105 cz\u0119sto, by przesy\u0142a\u0107 im dokumenty faksem, a nie mailem, wymagaj\u0105 tzw. mokrych piecz\u0105tek, czyli orygina\u0142\u00f3w i nie respektuj\u0105 skan\u00f3w itd. My ju\u017c od takiej biurokracji odwykli\u015bmy \u2013 m\u00f3wi szef jednej z agencji turystycznych kooperuj\u0105cych z biurami podr\u00f3\u017cy na Ukrainie.<\/p>\n<p>Atutem Polski przez pewien czas sta\u0142o si\u0119 wprowadzenie euro na S\u0142owacji \u2013 i zwi\u0105zane z tym podwy\u017cki cen tamtejszych hoteli i wyci\u0105g\u00f3w. Teraz jednak walka o klienta \u2013 zw\u0142aszcza tego ze Wschodu \u2013 rozgorza\u0142a na nowo, bo S\u0142owacy zach\u0119caj\u0105 do przyjazdu nie tylko licznymi promocjami, ale i inwestycjami w infrastruktur\u0119 \u2013 zar\u00f3wno drogow\u0105, jak hotelow\u0105 i wyci\u0105gow\u0105.<\/p>\n<p>Podhale pr\u00f3buje odpowiada\u0107 m.in. uruchomieniem basen\u00f3w termalnych w Bukowinie Tatrza\u0144skiej (najwi\u0119ksze w kraju, z wod\u0105 o temperaturze 27-36 stopni Celsjusza, wydobywan\u0105 z g\u0142\u0119boko\u015bci 2400-2700 m) i Szaflarach \u2013 tyle \u017ce pod tym wzgl\u0119dem S\u0142owacja jest chyba nie do do\u015bcigni\u0119cia. Pojawiaj\u0105 si\u0119 te\u017c coraz to nowe kompleksy wyci\u0105g\u00f3w \u2013 najnowszy to RusinSki w Bukowinie. S\u0142ab\u0105 stron\u0105 rodzimych stacji jest jednak brak do\u015bwiadczenia w sztucznym za\u015bnie\u017caniu i utrzymaniu tras \u2013 przyk\u0142ady z kraj\u00f3w alpejskich pokazuj\u0105, \u017ce jest to sztuka wymagaj\u0105ca dzi\u015b nie tylko najnowszej technologii, ale i du\u017cej wiedzy.<\/p>\n<p>Go\u015bci przyci\u0105gn\u0105\u0107 ma wreszcie coraz wy\u017cszy standard g\u00f3ralskich apartament\u00f3w \u2013 coraz cz\u0119\u015bciej oferuj\u0105cych chocia\u017cby sauny czy jacuzzi. Wiedz\u0105, \u017ce tradycyjne kuligi po\u0142\u0105czone z zakrapianymi posiadami to za ma\u0142o.<\/p>\n","protected":false},"excerpt":{"rendered":"<p>\u2013 m\u00f3wi\u0105 ostatnio g\u00f3rale z Podhala. Faktycznie: pierwsze tygodnie tegorocznego sezonu narciarsko-snowboardowego na Podhalu pokazuj\u0105, \u017ce ta akurat bran\u017ca okazuje si\u0119 w miar\u0119 odporna na globalne zawirowania gospodarcze. K\u0142opoty mo\u017ce sprawia\u0107 najwy\u017cej pogoda. To brak \u015bniegu oraz temperatury powy\u017cej zera, uniemo\u017cliwiaj\u0105ce sztuczne na\u015bnie\u017canie, sprawi\u0142y, \u017ce sezon 2009\/2010 zacz\u0105\u0142 si\u0119 stosunkowo p\u00f3\u017ano, bo dopiero tu\u017c przed [&hellip;]<\/p>\n","protected":false},"author":1,"featured_media":0,"comment_status":"open","ping_status":"open","sticky":false,"template":"","format":"standard","meta":{"footnotes":""},"categories":[1],"tags":[],"_links":{"self":[{"href":"https:\/\/blog.polityka.pl\/narty\/wp-json\/wp\/v2\/posts\/211"}],"collection":[{"href":"https:\/\/blog.polityka.pl\/narty\/wp-json\/wp\/v2\/posts"}],"about":[{"href":"https:\/\/blog.polityka.pl\/narty\/wp-json\/wp\/v2\/types\/post"}],"author":[{"embeddable":true,"href":"https:\/\/blog.polityka.pl\/narty\/wp-json\/wp\/v2\/users\/1"}],"replies":[{"embeddable":true,"href":"https:\/\/blog.polityka.pl\/narty\/wp-json\/wp\/v2\/comments?post=211"}],"version-history":[{"count":0,"href":"https:\/\/blog.polityka.pl\/narty\/wp-json\/wp\/v2\/posts\/211\/revisions"}],"wp:attachment":[{"href":"https:\/\/blog.polityka.pl\/narty\/wp-json\/wp\/v2\/media?parent=211"}],"wp:term":[{"taxonomy":"category","embeddable":true,"href":"https:\/\/blog.polityka.pl\/narty\/wp-json\/wp\/v2\/categories?post=211"},{"taxonomy":"post_tag","embeddable":true,"href":"https:\/\/blog.polityka.pl\/narty\/wp-json\/wp\/v2\/tags?post=211"}],"curies":[{"name":"wp","href":"https:\/\/api.w.org\/{rel}","templated":true}]}}