
{"id":212,"date":"2010-01-21T12:50:32","date_gmt":"2010-01-21T11:50:32","guid":{"rendered":"http:\/\/narty.blog.polityka.pl\/?p=212"},"modified":"2010-01-21T16:32:59","modified_gmt":"2010-01-21T15:32:59","slug":"die-streif","status":"publish","type":"post","link":"https:\/\/blog.polityka.pl\/narty\/2010\/01\/21\/die-streif\/","title":{"rendered":"Die Streif"},"content":{"rendered":"<p>To bodaj najs\u0142ynniejsza (a wedle wielu r\u00f3wnie\u017c najtrudniejsza) trasa zjazdowa \u015bwiata. Ju\u017c w najbli\u017csz\u0105 sobot\u0119 \u015bciga\u0107 si\u0119 na niej b\u0119d\u0105 najlepsi alpejczycy. W \u015brod\u0119 mia\u0142em okazj\u0119 zobaczy\u0107 z bliska, jak trenowali. Prze\u017cycie jest niesamowite \u2013 zw\u0142aszcza w por\u00f3wnaniu z przekazem telewizyjnym.<\/p>\n<p>Die Streif g\u00f3ruje nad Kitzb\u00fchel w austriackim Tirolu i ma 3,3 km. Zawodnicy startuj\u0105 z 1665 m n.p.m., a met\u0119 wyznaczono niemal w \u015brodku miasteczka (na 863 m n.p.m.). Narciarze pokonuj\u0105 wi\u0119c ponad 800 metr\u00f3w r\u00f3\u017cnicy poziom\u00f3w.<\/p>\n<p><a href=\"\/wp-content\/uploads\/\/2010\/01\/start-img_4851.jpg\"><img loading=\"lazy\" decoding=\"async\" class=\"alignnone size-medium wp-image-213\" title=\"start-img_4851\" src=\"\/wp-content\/uploads\/\/2010\/01\/start-img_4851.jpg\" alt=\"\" width=\"160\" height=\"107\" \/><\/a>\u00a0<em>Widok z bramki startowej biegu zjazdowego w Kitzb\u00fchel <\/em><\/p>\n<p>Stromizna stoku za uskokiem zwanym Mausefalle (Pu\u0142apka na myszy) si\u0119ga 85 proc., a niekt\u00f3rzy ze startuj\u0105cych oddaj\u0105 tam skoki d\u0142ugo\u015bci 80 m (cho\u0107 najlepsi staraj\u0105 si\u0119 jak najmniej przebywa\u0107 w powietrzu, jako \u017ce w\u00f3wczas ich pr\u0119dko\u015b\u0107 jest mniejsza ni\u017c wtedy, gdy narty jad\u0105 po \u015bniegu).\u00a0<\/p>\n<p>Inne legendarne w narciarskiej bran\u017cy miejsca Streif\u2019y to: Steilgang (najbardziej zwykle zlodzony fragment trasy), Alte Schneise (uchodzi za szczeg\u00f3lnie wymagaj\u0105cy z racji raptownie zmieniaj\u0105cego si\u0119 ukszta\u0142towania i o\u015bwietlenia terenu) oraz Hausberg (kolejny stromy \u2013 69 proc. \u2013 i trudny punkt, a startuj\u0105cy maj\u0105 ju\u017c za sob\u0105 ponad p\u00f3\u0142tora minuty jazdy).<\/p>\n<p><a href=\"\/wp-content\/uploads\/\/2010\/01\/hausberg-dsc_1631.jpg\"><img loading=\"lazy\" decoding=\"async\" class=\"alignnone size-medium wp-image-214\" title=\"hausberg-dsc_1631\" src=\"\/wp-content\/uploads\/\/2010\/01\/hausberg-dsc_1631.jpg\" alt=\"\" width=\"160\" height=\"107\" \/><\/a>\u00a0<em>Hausberg<\/em><\/p>\n<p>I wreszcie \u2013 Ziehlschuss: ostatnie 400 metr\u00f3w z ostatnim garbem, gdzie pr\u0119dko\u015b\u0107 najszybszych dochodzi do 140 km\/h (tam w\u0142a\u015bnie upad\u0142 w minionym roku, zreszt\u0105 tak\u017ce podczas treningu, Daniel Albrecht).<br \/>\nNa przejechanie Streif\u2019y zwyci\u0119zcy potrzebuj\u0105 niespe\u0142na 2 minut.<\/p>\n<p>Trudno si\u0119 dziwi\u0107, \u017ce rozgrywany tradycyjnie w II po\u0142owie stycznia w Kitzb\u00fchel bieg zjazdowy zwany Hahnenkamm-Rennen jest jednym z najwa\u017cniejszych punkt\u00f3w w kalendarzu alpejskiego Pucharu \u015awiata. M.in. powsta\u0142a ju\u017c o nim ksi\u0105\u017cka (\u201eChronicle Of\u00a0 A Myth\u201d) i kilka film\u00f3w dokumentalnych.<br \/>\nDo Kitz zje\u017cd\u017caj\u0105 najwi\u0119ksi, bo dobry wynik tu zdobyty jest warunkiem narciarskiej s\u0142awy. A raczej jej potwierdzeniem: dowodem cho\u0107by Franz Klammer, trzykrotny triumfator w l.1975-77. Swoje robi\u0105 te\u017c naturalnie wy\u017csze ni\u017c na innych zawodach premie dla zwyci\u0119zc\u00f3w.<\/p>\n<p><object classid=\"clsid:d27cdb6e-ae6d-11cf-96b8-444553540000\" width=\"425\" height=\"344\" codebase=\"http:\/\/download.macromedia.com\/pub\/shockwave\/cabs\/flash\/swflash.cab#version=6,0,40,0\"><param name=\"allowFullScreen\" value=\"true\" \/><param name=\"allowscriptaccess\" value=\"always\" \/><param name=\"src\" value=\"http:\/\/www.youtube.com\/v\/CpqBosmuxGI&amp;hl=pl_PL&amp;fs=1&amp;\" \/><embed type=\"application\/x-shockwave-flash\" width=\"425\" height=\"344\" src=\"http:\/\/www.youtube.com\/v\/CpqBosmuxGI&amp;hl=pl_PL&amp;fs=1&amp;\" allowfullscreen=\"true\" allowscriptaccess=\"always\"><\/embed><\/object>\u00a0<em>Streif&#8217;\u0119 pokonuje Hermann Maier, stycze\u0144 2002 r.<\/em><\/p>\n<p>W \u015blad za zjazdowcami ci\u0105gn\u0105 VIP\u2019y zar\u00f3wno ze \u015bwiata sportu, jak polityki oraz rozmaici celebrieties. Do\u015b\u0107 powiedzie\u0107, \u017ce w luksusowym hotelu Kaiser Hof\u00a0 najdro\u017csze apartamenty z widokiem na tras\u0119 s\u0105 zwykle sprzedawane z rocznym wyprzedzeniem (w tym roku w\u0142a\u015bnie ten hotel wybra\u0142 tak\u017ce jeden z faworyt\u00f3w, Bode Miller, kt\u00f3ry ostatnio porzuci\u0142 swoj\u0105 s\u0142ynn\u0105 przyczep\u0119 campingow\u0105).<\/p>\n<p>Na szcz\u0119\u015bcie zawodom kibicuj\u0105 te\u017c zwykli mi\u0142o\u015bnicy narciarstwa. Lukas Kr\u00f6sslhuber z Kitzb\u00fchel Alpen Marketing szacuje, \u017ce tegoroczny, 70. ju\u017c Hahnenkamm-Rennen ogl\u0105da\u0107 mo\u017ce nawet 50 tys. widz\u00f3w (bilety obowi\u0105zuj\u0105 tylko na trybuny wok\u00f3\u0142 mety \u2013 z innych miejsc zawody mo\u017cna \u015bledzi\u0107 za darmo).<\/p>\n<p>Wra\u017cenie robi\u0105 ju\u017c same ekipy towarzysz\u0105ce zawodnikom i kadrom narodowym oraz samo misterium przygotowywania si\u0119 do startu (przyk\u0142adowo, za popularnym austriackim zjazdowcem Rainerem Schoenfelderem je\u017adzi fantazyjnie pomalowana ci\u0119\u017car\u00f3wka TIR z zestawem nart, stroj\u00f3w i innego sprz\u0119tu potrzebnego przed i po zawodami). Z kolei podgl\u0105daj\u0105c rozgrzewk\u0119, mo\u017cna wpa\u015b\u0107 w kompleksy nie tyle nawet z racji muskulatury zawodnik\u00f3w, co po\u0142\u0105czenia jej z niebywa\u0142\u0105 gibko\u015bci\u0105. Stoj\u0105c w okolicy Mausefalle, mo\u017cna podziwia\u0107 odwag\u0119 i technik\u0119 zjazdowc\u00f3w, kt\u00f3rzy zaraz po d\u0142ugim skoku musz\u0105 wykona\u0107 ostry skr\u0119t w lewo, a potem od razu odbi\u0107 w prawo, by zmie\u015bci\u0107 si\u0119 w kolejnej bramce. Przy tzw. Gsch\u00f6ss, d\u0142ugim (650 m) najbardziej p\u0142askim odcinku trasy, najbardziej efektowny jest sam d\u017awi\u0119k, jaki wydaj\u0105 p\u0119dz\u0105cy narciarze \u2013 \u0142udz\u0105co podobny do p\u0119dz\u0105cego poci\u0105gu towarowego.\u00a0<\/p>\n<p>Zwyci\u0119zc\u0105 pierwszego treningu zosta\u0142 Didier Cuche ze Szwajcarii, kolejny wielki faworyt sobotniego, 70. Hahnenkamm-Rennen. Streif\u2019\u0119 przejecha\u0142 te\u017c Polak, Maciej Bydli\u0144ski. Zaj\u0105\u0142 62 miejsce. Ostatnie. Ale i tak czapki z g\u0142\u00f3w za odwag\u0119. Zreszt\u0105 na dotarcie do\u00a0 mety potrzebowa\u0142 tylko 11 sekund wi\u0119cej od najlepszych.<\/p>\n","protected":false},"excerpt":{"rendered":"<p>To bodaj najs\u0142ynniejsza (a wedle wielu r\u00f3wnie\u017c najtrudniejsza) trasa zjazdowa \u015bwiata. Ju\u017c w najbli\u017csz\u0105 sobot\u0119 \u015bciga\u0107 si\u0119 na niej b\u0119d\u0105 najlepsi alpejczycy. W \u015brod\u0119 mia\u0142em okazj\u0119 zobaczy\u0107 z bliska, jak trenowali. Prze\u017cycie jest niesamowite \u2013 zw\u0142aszcza w por\u00f3wnaniu z przekazem telewizyjnym. Die Streif g\u00f3ruje nad Kitzb\u00fchel w austriackim Tirolu i ma 3,3 km. Zawodnicy startuj\u0105 [&hellip;]<\/p>\n","protected":false},"author":1,"featured_media":0,"comment_status":"open","ping_status":"open","sticky":false,"template":"","format":"standard","meta":{"footnotes":""},"categories":[1],"tags":[],"_links":{"self":[{"href":"https:\/\/blog.polityka.pl\/narty\/wp-json\/wp\/v2\/posts\/212"}],"collection":[{"href":"https:\/\/blog.polityka.pl\/narty\/wp-json\/wp\/v2\/posts"}],"about":[{"href":"https:\/\/blog.polityka.pl\/narty\/wp-json\/wp\/v2\/types\/post"}],"author":[{"embeddable":true,"href":"https:\/\/blog.polityka.pl\/narty\/wp-json\/wp\/v2\/users\/1"}],"replies":[{"embeddable":true,"href":"https:\/\/blog.polityka.pl\/narty\/wp-json\/wp\/v2\/comments?post=212"}],"version-history":[{"count":0,"href":"https:\/\/blog.polityka.pl\/narty\/wp-json\/wp\/v2\/posts\/212\/revisions"}],"wp:attachment":[{"href":"https:\/\/blog.polityka.pl\/narty\/wp-json\/wp\/v2\/media?parent=212"}],"wp:term":[{"taxonomy":"category","embeddable":true,"href":"https:\/\/blog.polityka.pl\/narty\/wp-json\/wp\/v2\/categories?post=212"},{"taxonomy":"post_tag","embeddable":true,"href":"https:\/\/blog.polityka.pl\/narty\/wp-json\/wp\/v2\/tags?post=212"}],"curies":[{"name":"wp","href":"https:\/\/api.w.org\/{rel}","templated":true}]}}